{"id":321206,"date":"2025-08-05T15:00:12","date_gmt":"2025-08-05T15:00:12","guid":{"rendered":"https:\/\/www.europesays.com\/de\/321206\/"},"modified":"2025-08-05T15:00:12","modified_gmt":"2025-08-05T15:00:12","slug":"mehrere-minderjaehrige-nach-wohnungseinbruch-festgenommen","status":"publish","type":"post","link":"https:\/\/www.europesays.com\/de\/321206\/","title":{"rendered":"Mehrere Minderj\u00e4hrige nach Wohnungseinbruch festgenommen"},"content":{"rendered":"<p class=\"article_paragraph__hXYKJ\">In <a href=\"https:\/\/www.berliner-zeitung.de\/topics\/berlin\" rel=\"nofollow noopener\" target=\"_blank\">Berlin<\/a>-Marienfelde ist es am Montagabend zu einem versuchten Einbruch gekommen. Tatverd\u00e4chtig sind mehrere Minderj\u00e4hrige, wie die <a href=\"https:\/\/www.berliner-zeitung.de\/topics\/polizei\" rel=\"nofollow noopener\" target=\"_blank\">Polizei<\/a> mitteilte. Demnach befanden sich zwei Frauen im Alter von 29 und 36 Jahren gegen 18.30 Uhr in ihrer Wohnung in der Hildburghauser Stra\u00dfe, als sie verd\u00e4chtige Ger\u00e4usche im Flur h\u00f6rten. Als sie nachsahen, trafen sie auf mehrere Jugendliche, die sich gewaltsam Zutritt zur Wohnung verschaffen wollten.<\/p>\n<p>Die Verd\u00e4chtigen ergriffen die Flucht, wurden allerdings den Angaben zufolge von den beiden Frauen verfolgt. Es gelang ihnen, drei der vier Jugendlichen im Treppenhaus festzuhalten, bis die Einsatzkr\u00e4fte eintrafen. Die Ermittler nahmen einen 14-J\u00e4hrigen sowie zwei 13-J\u00e4hrige vorl\u00e4ufig fest und stellten deren Personalien fest. Anschlie\u00dfend wurden die Minderj\u00e4hrigen an ihre Erziehungsberechtigten \u00fcbergeben. Der vierte Tatverd\u00e4chtige konnte unerkannt entkommen. Die Ermittlungen dauern an.<\/p>\n","protected":false},"excerpt":{"rendered":"In Berlin-Marienfelde ist es am Montagabend zu einem versuchten Einbruch gekommen. Tatverd\u00e4chtig sind mehrere Minderj\u00e4hrige, wie die Polizei&hellip;\n","protected":false},"author":2,"featured_media":321207,"comment_status":"","ping_status":"","sticky":false,"template":"","format":"standard","meta":{"footnotes":""},"categories":[1825],"tags":[1941,1939,296,1937,29,30,1940,1938],"class_list":{"0":"post-321206","1":"post","2":"type-post","3":"status-publish","4":"format-standard","5":"has-post-thumbnail","7":"category-berlin","8":"tag-aktuelle-nachrichten-aus-berlin","9":"tag-aktuelle-news-aus-berlin","10":"tag-berlin","11":"tag-berlin-news","12":"tag-deutschland","13":"tag-germany","14":"tag-nachrichten-aus-berlin","15":"tag-news-aus-berlin"},"share_on_mastodon":{"url":"https:\/\/pubeurope.com\/@de\/114976759790140877","error":""},"_links":{"self":[{"href":"https:\/\/www.europesays.com\/de\/wp-json\/wp\/v2\/posts\/321206","targetHints":{"allow":["GET"]}}],"collection":[{"href":"https:\/\/www.europesays.com\/de\/wp-json\/wp\/v2\/posts"}],"about":[{"href":"https:\/\/www.europesays.com\/de\/wp-json\/wp\/v2\/types\/post"}],"author":[{"embeddable":true,"href":"https:\/\/www.europesays.com\/de\/wp-json\/wp\/v2\/users\/2"}],"replies":[{"embeddable":true,"href":"https:\/\/www.europesays.com\/de\/wp-json\/wp\/v2\/comments?post=321206"}],"version-history":[{"count":0,"href":"https:\/\/www.europesays.com\/de\/wp-json\/wp\/v2\/posts\/321206\/revisions"}],"wp:featuredmedia":[{"embeddable":true,"href":"https:\/\/www.europesays.com\/de\/wp-json\/wp\/v2\/media\/321207"}],"wp:attachment":[{"href":"https:\/\/www.europesays.com\/de\/wp-json\/wp\/v2\/media?parent=321206"}],"wp:term":[{"taxonomy":"category","embeddable":true,"href":"https:\/\/www.europesays.com\/de\/wp-json\/wp\/v2\/categories?post=321206"},{"taxonomy":"post_tag","embeddable":true,"href":"https:\/\/www.europesays.com\/de\/wp-json\/wp\/v2\/tags?post=321206"}],"curies":[{"name":"wp","href":"https:\/\/api.w.org\/{rel}","templated":true}]}}