{"id":321210,"date":"2025-08-05T15:02:11","date_gmt":"2025-08-05T15:02:11","guid":{"rendered":"https:\/\/www.europesays.com\/de\/321210\/"},"modified":"2025-08-05T15:02:11","modified_gmt":"2025-08-05T15:02:11","slug":"raub-in-berlin-duo-schlaegt-zu-und-entwendet-auto-regional","status":"publish","type":"post","link":"https:\/\/www.europesays.com\/de\/321210\/","title":{"rendered":"Raub in Berlin: Duo schl\u00e4gt zu und entwendet Auto | Regional"},"content":{"rendered":"<p>Berlin \u2013 <b>In Hellersdorf haben zwei Unbekannte einen Mann brutal \u00fcberfallen und seine Umh\u00e4ngetasche gestohlen.<\/b><\/p>\n<p>Der Vorfall ereignete sich gegen 3.30 Uhr in der Nossener Stra\u00dfe. Der 57-J\u00e4hrige wurde attackiert, nachdem er sein Auto geparkt hatte. Die T\u00e4ter schlugen ihn mehrfach ins Gesicht und versuchten, ihm die Tasche zu entrei\u00dfen.<\/p>\n<p>Auch interessant<\/p>\n<p>Anzeige<\/p>\n<p>Auch interessant<\/p>\n<p>Anzeige<\/p>\n<p>Seine 42-j\u00e4hrige Freundin kam ihm zu Hilfe, doch auch sie wurde von den Angreifern ins Gesicht geschlagen. Der Mann ging blutend und bewusstlos zu Boden, w\u00e4hrend die R\u00e4uber mit der Tasche in einem Pkw in Richtung Glauchauer Stra\u00dfe flohen.<\/p>\n<p>In der gestohlenen Tasche befanden sich die Autoschl\u00fcssel und Papiere des Pkw des Opfers. Die T\u00e4ter kehrten zur\u00fcck, um auch das Auto zu stehlen.<\/p>\n<p>Rettungskr\u00e4fte brachten den schwer verletzten Mann ins Krankenhaus, wo er intensivmedizinisch betreut wird. Seine Freundin erlitt Prellungen und Platzwunden, die ambulant behandelt wurden.<\/p>\n<p>Am Tatort fanden die Beamten ein Tierabwehrspray, das die T\u00e4ter bei sich hatten. Die Ermittlungen werden vom Raubkommissariat der Polizeidirektion 3 gef\u00fchrt.<\/p>\n<p>Dieser Text basiert auf einer offiziellen Beh\u00f6rden-Information und wurde mit Hilfe von KI erstellt.<\/p>\n","protected":false},"excerpt":{"rendered":"Berlin \u2013 In Hellersdorf haben zwei Unbekannte einen Mann brutal \u00fcberfallen und seine Umh\u00e4ngetasche gestohlen. Der Vorfall ereignete&hellip;\n","protected":false},"author":2,"featured_media":321211,"comment_status":"","ping_status":"","sticky":false,"template":"","format":"standard","meta":{"footnotes":""},"categories":[1825],"tags":[296,29,1686,30,1000,2509,45,1995],"class_list":{"0":"post-321210","1":"post","2":"type-post","3":"status-publish","4":"format-standard","5":"has-post-thumbnail","7":"category-berlin","8":"tag-berlin","9":"tag-deutschland","10":"tag-diebstahl","11":"tag-germany","12":"tag-gewalt","13":"tag-ki-ots","14":"tag-texttospeech","15":"tag-verbrechen"},"share_on_mastodon":{"url":"https:\/\/pubeurope.com\/@de\/114976767634976951","error":""},"_links":{"self":[{"href":"https:\/\/www.europesays.com\/de\/wp-json\/wp\/v2\/posts\/321210","targetHints":{"allow":["GET"]}}],"collection":[{"href":"https:\/\/www.europesays.com\/de\/wp-json\/wp\/v2\/posts"}],"about":[{"href":"https:\/\/www.europesays.com\/de\/wp-json\/wp\/v2\/types\/post"}],"author":[{"embeddable":true,"href":"https:\/\/www.europesays.com\/de\/wp-json\/wp\/v2\/users\/2"}],"replies":[{"embeddable":true,"href":"https:\/\/www.europesays.com\/de\/wp-json\/wp\/v2\/comments?post=321210"}],"version-history":[{"count":0,"href":"https:\/\/www.europesays.com\/de\/wp-json\/wp\/v2\/posts\/321210\/revisions"}],"wp:featuredmedia":[{"embeddable":true,"href":"https:\/\/www.europesays.com\/de\/wp-json\/wp\/v2\/media\/321211"}],"wp:attachment":[{"href":"https:\/\/www.europesays.com\/de\/wp-json\/wp\/v2\/media?parent=321210"}],"wp:term":[{"taxonomy":"category","embeddable":true,"href":"https:\/\/www.europesays.com\/de\/wp-json\/wp\/v2\/categories?post=321210"},{"taxonomy":"post_tag","embeddable":true,"href":"https:\/\/www.europesays.com\/de\/wp-json\/wp\/v2\/tags?post=321210"}],"curies":[{"name":"wp","href":"https:\/\/api.w.org\/{rel}","templated":true}]}}