{"id":321214,"date":"2025-08-05T15:04:11","date_gmt":"2025-08-05T15:04:11","guid":{"rendered":"https:\/\/www.europesays.com\/de\/321214\/"},"modified":"2025-08-05T15:04:11","modified_gmt":"2025-08-05T15:04:11","slug":"gaza-krieg-fussball-ist-ablenkung-der-fc-karame-und-der-konflikt-in-berlin","status":"publish","type":"post","link":"https:\/\/www.europesays.com\/de\/321214\/","title":{"rendered":"Gaza-Krieg \u2013 \u00bbFu\u00dfball ist Ablenkung\u00ab: Der FC Karame und der Konflikt in Berlin"},"content":{"rendered":"<p>\t\t\t\t\t\t<img decoding=\"async\" id=\"img309673\" src=\"https:\/\/www.europesays.com\/de\/wp-content\/uploads\/2025\/08\/309673.jpeg\" alt=\"Beim FC Karame werden \u00fcber den Sport auch Vertrauen aufgebaut und Kontakte gekn\u00fcpft.\"\/><\/p>\n<p>Beim FC Karame werden \u00fcber den Sport auch Vertrauen aufgebaut und Kontakte gekn\u00fcpft.<\/p>\n<p>Foto: imago\/Anthea Schaap<\/p>\n<p>Berlin Moabit am Sonntagnachmittag: Die Fu\u00dfballer des FC Karame stimmen sich mit lautem Klatschen auf ihr Spiel ein. Es ist wieder Zeit, um <a href=\"https:\/\/www.nd-aktuell.de\/artikel\/1193086.gaza-krieg-gross-israel-statt-waffenruhe.html\" target=\"_blank\" rel=\"noopener\">die traurigen Nachrichten<\/a> in den Hintergrund zu dr\u00e4ngen, zumindest f\u00fcr neunzig Minuten. \u00bb<a href=\"https:\/\/www.nd-aktuell.de\/artikel\/1179106.nahost-konflikt-fussball-im-gaza-krieg-palaestina-spielt-um-die-asienmeisterschaft.html\" target=\"_blank\" rel=\"noopener\">Fu\u00dfball ist Ablenkung<\/a>\u00ab, sagt Mohamed und r\u00fcckt seine Schienbeinschoner zurecht. \u00bbWir kennen uns seit Jahren und wir sprechen dieselbe Sprache.\u00ab Karame ist ein arabisches Wort f\u00fcr \u00bbW\u00fcrde\u00ab und \u00bbStolz\u00ab. Im Emblem sind die Farben der pal\u00e4stinensischen Flagge enthalten \u2013 als Zeichen f\u00fcr die Herkunft vieler Familien der Vereinsmitglieder.<\/p>\n<p>Neues Leben<\/p>\n<p>Der FC Karame spielt in der Kreisliga A und bestreitet seine Heimspiele <a href=\"https:\/\/www.nd-aktuell.de\/artikel\/1190339.ehrenamt-moabit-hilft-von-kurzzeitvertrag-zu-kuendigung.html\" target=\"_blank\" rel=\"noopener\">in Moabit<\/a> im altehrw\u00fcrdigen Poststadion, in der N\u00e4he des Berliner Hauptbahnhofes. \u00bbEs geht uns nicht um gro\u00dfe Erfolge\u00ab, sagt Mohamed, der seinen Nachnamen nicht nennen m\u00f6chte. \u00bbDer Verein ist wie eine Familie. Wir unterst\u00fctzen vor allem Leute, die in Berlin ein neues Leben aufbauen wollen.\u00ab<\/p>\n<p>Mehr als 200\u2009000 pal\u00e4stinensisch-st\u00e4mmige Menschen leben in Deutschland, davon gut ein Viertel in Berlin. Es ist eine der gr\u00f6\u00dften Communitys au\u00dferhalb der arabischen Welt. Und der Fu\u00dfball spielt f\u00fcr ihre Vernetzung eine beachtliche Rolle. Deutlich wird das beim FC Karame, gegr\u00fcndet 1978, als einem der \u00e4ltesten <a href=\"https:\/\/www.nd-aktuell.de\/artikel\/1177339.nahost-konflikt-im-fussball-der-krieg-verstaerkt-probleme-von-migrantenvereinen-in-deutschland.html\" target=\"_blank\" rel=\"noopener\">Migrantensportvereine in Deutschland<\/a>. Vereinsgr\u00fcnder Mohamad Zaher verbringt einen gro\u00dfen Teil seiner Freizeit mit <a href=\"https:\/\/www.nd-aktuell.de\/artikel\/1184126.soziale-arbeit-berliner-jugendarbeit-silvesterdebatte-und-nahost-konflikt.html\" target=\"_blank\" rel=\"noopener\">Jugendarbeit<\/a>: In dem Moabiter in Jugendzentrum h\u00e4ngen Zeichnungen an den W\u00e4nden, daneben sind Pokale aufgereiht. Im Hinterhof nehmen Jugendliche an einem Workshop teil, viele von ihnen tragen Fu\u00dfballtrikots. \u00bbMithilfe des Sports k\u00f6nnen wir schnell Kontakte kn\u00fcpfen und Vertrauen aufbauen\u00ab, sagt der Sportlehrer: \u00bbSo ist das heute und so war das schon vor mehr als vierzig Jahren.\u00ab<\/p>\n<p>Neuer Verein<\/p>\n<p>Zaher wurde 1949 in der N\u00e4he von Haifa geboren, ein Jahr nach der Gr\u00fcndung Israels. Seine pal\u00e4stinensische Familie floh nach Syrien und dann in den Libanon. Fu\u00dfballspielen lernte er in einem Fl\u00fcchtlingslager. 1970 kam er f\u00fcrs Studium nach Berlin. \u00bbViele Jugendliche mit \u00e4hnlichen Biografien wollten damals in Berlin Fu\u00dfball spielen\u00ab, erz\u00e4hlt Zaher. \u00bbAber in den Vereinen waren sie nicht willkommen. Also haben wir unseren eigenen Verein aufgebaut.\u00ab<\/p>\n<p>Der FC Karame wuchs langsam. Zaher engagierte sich f\u00fcr gefl\u00fcchtete Menschen und hielt Kontakt in die pal\u00e4stinensischen Gebiete. Immer wieder lud er Trainer aus Gaza f\u00fcr Turniere und Workshops nach Berlin ein. Mit diesem Wissen kehrten sie zur\u00fcck und bauten in Gaza eine Sportakademie auf. Einige dieser Kollegen wurden nun w\u00e4hrend des Krieges get\u00f6tet. \u00bbIch rufe immer wieder dort an\u00ab, sagt Zaher. \u00bbWir w\u00fcrden gern Material dorthin schicken, aber das ist zurzeit nicht m\u00f6glich.\u00ab Und: <a href=\"https:\/\/www.nd-aktuell.de\/artikel\/1193031.gaza-krieg-nervositaet-in-tel-aviv.html\" target=\"_blank\" rel=\"noopener\">Der Gaza-Krieg<\/a> hat auch Auswirkungen auf die Arbeit beim FC Karame. <a href=\"https:\/\/www.nd-aktuell.de\/artikel\/1191840.antimuslimischer-rassismus-muslime-in-berlin-unter-generalverdacht.html\" target=\"_blank\" rel=\"noopener\">Manche Mitglieder f\u00fchlen sich pauschal in die N\u00e4he der Terrororganisation Hamas ger\u00fcckt<\/a>.<\/p>\n<p>Neue Konflikte<\/p>\n<p>Zaher nimmt sich Zeit f\u00fcr ihre Sorgen, f\u00fcr ihre Wut. Er sagt ihnen, dass man Israel nicht mit der Regierung Netanjahu und nicht mit dem Milit\u00e4r gleichsetzen d\u00fcrfe. Und er warnt die Jugendlichen vor Demonstrationen in Berlin, an denen auch Islamisten und Rechtsextreme teilnehmen k\u00f6nnten. \u00bbSelbst einige Politiker sagen, wir seien alle radikal\u00ab, erz\u00e4hlt Zaher. \u00bbAber das stimmt nicht. Wir w\u00fcnschen uns mehr Unterst\u00fctzung aus Politik und Sport.\u00ab<\/p>\n<p>Seit dem 7. Oktober 2023, seit dem <a href=\"https:\/\/www.nd-aktuell.de\/artikel\/1177002.nach-dem-angriff-der-hamas-auf-israel-israel-und-gaza-humanitaet-bewahren.html\" target=\"_blank\" rel=\"noopener\">Angriff der Hamas auf Israel<\/a>, hat Antisemitismus im Amateurfu\u00dfball zugenommen. Der Berliner Fu\u00dfball-Verband BFV unterst\u00fctzt Pr\u00e4vention und Sicherheitsma\u00dfnahmen f\u00fcr j\u00fcdische Mannschaften wie jene von Makkabi. Das sei richtig und wichtig, sagt \u00d6zg\u00fcr \u00d6zvatan, Vizepr\u00e4sident des BFV: \u00bbWir m\u00fcssen aber sagen, dass wir in einer solchen Intensit\u00e4t nicht \u00fcber pal\u00e4stinensische Spieler*innen gesprochen haben. Das k\u00f6nnen wir besser machen.\u00ab \u00d6zvatan betont, dass dieser Konflikt kein Fu\u00dfballspiel sei, in dem man nur f\u00fcr eine Seite eintritt: \u00bbWir setzen uns f\u00fcr Menschenrechte ein, f\u00fcr j\u00fcdisches und pal\u00e4stinensisches Leben.\u00ab<\/p>\n<p>Neue Eskalation<\/p>\n<p>Auch die Muslimfeindlichkeit ist gestiegen. In Berlin registrierte die Allianz gegen Islam- und Muslimfeindlichkeit im vergangenen Jahr 650 antimuslimische \u00dcbergriffe und Diskriminierungen, rund 70 Prozent mehr als im Vorjahr. Die Dunkelziffer d\u00fcrfte wesentlich gr\u00f6\u00dfer sein, aber im Amateurfu\u00dfball wurden kaum antimuslimische Vorf\u00e4lle an den BFV gemeldet, sagt \u00d6zvatan: \u00bbViele Menschen wissen nicht, dass sie \u00fcber unsere Webseite anonym F\u00e4lle melden k\u00f6nnen. Es kann aber auch sein, dass sie dem Verband nicht vertrauen.\u00ab Der Sozialwissenschaftler setzt sich in seinem Ehrenamt beim BFV f\u00fcr eine niedrigschwellige Meldung von Diskriminierungsf\u00e4llen ein. Und er m\u00f6chte die Vertrauensarbeit auch gegen\u00fcber pal\u00e4stinensischen Fu\u00dfballern st\u00e4rken.<\/p>\n<p>Der FC Karame und sein Vorsitzender Zaher w\u00fcrden sich dar\u00fcber freuen. Regelm\u00e4\u00dfig, sagt er, organisieren sie im Jugendzentrum in Moabit auch Workshops \u00fcber den Nationalsozialismus und \u00fcber Geschichte der Juden in Deutschland. Die meisten Mitglieder von Karame sind in Syrien und im Libanon aufgewachsen, mit Gro\u00dfeltern, die aus Pal\u00e4stina geflohen waren. \u00bbAber wir sind eigentlich kein arabischer Verein\u00ab, erkl\u00e4rt Zaher: \u00bbWir sind ein Verein aus Berlin.\u00ab<\/p>\n","protected":false},"excerpt":{"rendered":"Beim FC Karame werden \u00fcber den Sport auch Vertrauen aufgebaut und Kontakte gekn\u00fcpft. Foto: imago\/Anthea Schaap Berlin Moabit&hellip;\n","protected":false},"author":2,"featured_media":321215,"comment_status":"","ping_status":"","sticky":false,"template":"","format":"standard","meta":{"footnotes":""},"categories":[1825],"tags":[296,29,347,739,30,411,1597,6000,2548],"class_list":{"0":"post-321214","1":"post","2":"type-post","3":"status-publish","4":"format-standard","5":"has-post-thumbnail","7":"category-berlin","8":"tag-berlin","9":"tag-deutschland","10":"tag-fussball","11":"tag-gaza","12":"tag-germany","13":"tag-israel","14":"tag-juden","15":"tag-nahost","16":"tag-palaestina"},"share_on_mastodon":{"url":"https:\/\/pubeurope.com\/@de\/114976775627542801","error":""},"_links":{"self":[{"href":"https:\/\/www.europesays.com\/de\/wp-json\/wp\/v2\/posts\/321214","targetHints":{"allow":["GET"]}}],"collection":[{"href":"https:\/\/www.europesays.com\/de\/wp-json\/wp\/v2\/posts"}],"about":[{"href":"https:\/\/www.europesays.com\/de\/wp-json\/wp\/v2\/types\/post"}],"author":[{"embeddable":true,"href":"https:\/\/www.europesays.com\/de\/wp-json\/wp\/v2\/users\/2"}],"replies":[{"embeddable":true,"href":"https:\/\/www.europesays.com\/de\/wp-json\/wp\/v2\/comments?post=321214"}],"version-history":[{"count":0,"href":"https:\/\/www.europesays.com\/de\/wp-json\/wp\/v2\/posts\/321214\/revisions"}],"wp:featuredmedia":[{"embeddable":true,"href":"https:\/\/www.europesays.com\/de\/wp-json\/wp\/v2\/media\/321215"}],"wp:attachment":[{"href":"https:\/\/www.europesays.com\/de\/wp-json\/wp\/v2\/media?parent=321214"}],"wp:term":[{"taxonomy":"category","embeddable":true,"href":"https:\/\/www.europesays.com\/de\/wp-json\/wp\/v2\/categories?post=321214"},{"taxonomy":"post_tag","embeddable":true,"href":"https:\/\/www.europesays.com\/de\/wp-json\/wp\/v2\/tags?post=321214"}],"curies":[{"name":"wp","href":"https:\/\/api.w.org\/{rel}","templated":true}]}}