{"id":321216,"date":"2025-08-05T15:05:15","date_gmt":"2025-08-05T15:05:15","guid":{"rendered":"https:\/\/www.europesays.com\/de\/321216\/"},"modified":"2025-08-05T15:05:15","modified_gmt":"2025-08-05T15:05:15","slug":"julia-roberts-sohn-sorgt-mit-freizuegigem-skatevideo-fuer-aufsehen","status":"publish","type":"post","link":"https:\/\/www.europesays.com\/de\/321216\/","title":{"rendered":"Julia Roberts\u2019 Sohn sorgt mit freiz\u00fcgigem Skatevideo f\u00fcr Aufsehen"},"content":{"rendered":"<p>Julia Roberts<br \/>\nH\u00fcllenlose Aufnahme von Sohn Phinnaeus ver\u00f6ffentlicht<\/p>\n<p><img class=\"image image-element__image\"   src=\"https:\/\/www.europesays.com\/de\/wp-content\/uploads\/2025\/08\/julia-roberts.jpg\" alt=\"Julia Roberts\" decoding=\"async\" fetchpriority=\"high\" loading=\"eager\"\/><br \/>\n<a href=\"https:\/\/image.gala.de\/24430582\/t\/bR\/v4\/w2048\/r0\/-\/julia-roberts.jpg#Jose%20Perez%2FBauer-Griffin%20%2F%20Getty%20Images\" class=\"image__magnifier\" aria-label=\"Vergr\u00f6\u00dfern\" target=\"_blank\" rel=\"noopener\"><\/p>\n<p>\u00a9 Jose Perez\/Bauer-Griffin \/ Getty Images<\/p>\n<p>\nDie Star-News des Tages im GALA-Ticker: Julia Roberts\u2019 Sohn zeigt Haut +++ Lena Gercke teilt niedlichen Twin-Moment mit ihren T\u00f6chtern +++ Franca Lehfeldt gew\u00e4hrt private Einblicke in trubeligen Alltag.\n<\/p>\n<p>Die Star-News des Tages im GALA-Ticker<\/p>\n<p>5. August 2025<\/p>\n<p>Skater-Vibes statt Hollywood-Glamour: Julia Roberts\u2019 Sohn zeigt sich ungewohnt freiz\u00fcgig<\/p>\n<p class=\"text-element u-richtext u-typo u-typo--article-text article__text-element text-element--context-article\"> Auf Instagram sorgt ein Skatevideo f\u00fcr Aufsehen: <a class=\"\" data-target-type=\"article\" href=\"https:\/\/www.gala.de\/stars\/news\/themen\/phinnaeus-moder-22453036.html\" target=\"_blank\" rel=\"noopener\">Phinnaeus Moder<\/a>, 20, Sohn von Hollywoodstar <a class=\"link--person\" data-target-type=\"article\" href=\"https:\/\/www.gala.de\/stars\/starportraets\/julia-roberts--20518410.html\" target=\"_blank\" rel=\"noopener\">Julia Roberts<\/a>, 57, zeigt sich darin oben ohne und mit cooler Attit\u00fcde beim Skaten. Der Clip wurde von seinem Vater, Daniel Moder, 56, auf dessen Instagram-Kanal gepostet. Der sonst eher zur\u00fcckhaltende Promi-Spross pr\u00e4sentiert sich sportlich und l\u00e4ssig \u2013 ein ungewohnter Anblick, denn seine Mutter ist auf Social Media vor allem f\u00fcr ihre bodenst\u00e4ndigen Auftritte bekannt. Freiz\u00fcgigkeit? Bei Julia Roberts eher selten.<\/p>\n<p class=\"text-element u-richtext u-typo u-typo--article-text article__text-element text-element--context-article\"> Umso spannender ist die Frage, wie Julia auf diesen Clip reagiert. Stolz auf ihren selbstbewussten Sohn d\u00fcrfte sie allemal sein. Phinnaeus zeigt mit seinem eigenen Stil, dass die neue <a class=\"taxonomy-entity place\" data-target-type=\"article\" href=\"https:\/\/www.gala.de\/stars\/themen\/hollywood-20962394.html\" target=\"_blank\" rel=\"noopener\">Hollywood<\/a>-Generation keine Scheu vor Aufmerksamkeit hat. Und wer wei\u00df \u2013 vielleicht d\u00fcrfen wir bald noch mehr von ihm sehen.<\/p>\n<p>4. August 2025<\/p>\n<p>Lena Gercke zeigt im Bayernurlaub ihre zuckers\u00fc\u00dfen &#8222;Zwillinge&#8220;<\/p>\n<p class=\"text-element u-richtext u-typo u-typo--article-text article__text-element text-element--context-article\"> <a class=\"link--person\" data-target-type=\"article\" href=\"https:\/\/www.gala.de\/stars\/starportraets\/lena-gercke-20522626.html\" target=\"_blank\" rel=\"noopener\">Lena Gercke<\/a>, 37, sorgt auf Instagram mal wieder f\u00fcr zuckers\u00fc\u00dfe Momente. In einem neuen Post zeigt die Modeunternehmerin und ehemalige GNTM-Gewinnerin Impressionen aus dem Familienurlaub in Bayern. Bei Bild Nummer drei ihrer Fotoreihe geraten ihre Fans ins Staunen. Zu sehen: ihre beiden kleinen T\u00f6chter Zoe, 5 und Lia, 2. Diese sind zwar keine Zwillinge, aber durch ihren fast identischen Look wirken sie wie ein echtes Duo. Die Familie genie\u00dft offensichtlich die Zeit in Bachmair Weissach, ein sch\u00f6ner Ort am Tegernsee.<\/p>\n<p class=\"text-element u-richtext u-typo u-typo--article-text article__text-element text-element--context-article\"> Die beiden Spr\u00f6sslinge sind von hinten zu sehen, ganz entspannt beim Ponyreiten, w\u00e4hrend das Wetter eher ungem\u00fctlich ist. Doch <a class=\"link--person\" data-target-type=\"article\" href=\"https:\/\/www.gala.de\/stars\/starportraets\/lena-gercke-20522626.html\" target=\"_blank\" rel=\"noopener\">Lena<\/a> nimmt es mit Humor und kommentiert das Bild mit den Worten: &#8222;Scheiss Wetter- scheiss egal\u201c. Tats\u00e4chlich machen ihre Minis das Beste draus und tragen passend zur feucht-fr\u00f6hlichen Pferdetour gleichfarbige Regenjacken. F\u00fcr Fans bleibt zu hoffen, dass sie noch mehr solcher zauberhaften Einblicke in ihr Familienleben gew\u00e4hrt.<\/p>\n<p>Franca Lehfeldt gew\u00e4hrt private Einblicke in trubeligen Alltag<\/p>\n<p class=\"text-element u-richtext u-typo u-typo--article-text article__text-element text-element--context-article\"> Seit vier Monaten sind <a class=\"\" data-target-type=\"article\" href=\"https:\/\/www.gala.de\/stars\/news\/themen\/franca-lehfeldt-21779854.html\" target=\"_blank\" rel=\"noopener\">Franca Lehfeldt<\/a>, 35, und Ex-Bundesfinanzminister <a class=\"link--person\" data-target-type=\"article\" href=\"https:\/\/www.gala.de\/stars\/starportraets\/christian-lindner--21412200.html\" target=\"_blank\" rel=\"noopener\">Christian Lindner<\/a>, 46, Eltern. Anfang April dieses Jahres gaben sie mit einem <a data-target-type=\"article\" href=\"https:\/\/www.gala.de\/stars\/news\/franca-lehfeldt-und-christian-lindner-veroeffentlichen-erstes-babyfoto-24323530.html\" rel=\"nofollow noopener\" target=\"_blank\">ersten Foto ihres Babys die Geburt auf Instagram<\/a> bekannt. Vier Wochen sp\u00e4ter stand die viel besch\u00e4ftigte <a data-target-type=\"article\" href=\"https:\/\/www.gala.de\/stars\/news\/franca-lehfeldt-feiert-vier-wochen-nach-geburt-comeback-im-rampenlicht-24365334.html\" rel=\"nofollow noopener\" target=\"_blank\">Unternehmerin schon wieder auf der B\u00fchne<\/a>: Im Rahmen der OMR (Online Marketing Rockstars Festival) nahm die gelernte Journalistin, die sich mit einer Kommunikations- und Marketingagentur selbstst\u00e4ndig gemacht, an einem Panel-Talk teil.<\/p>\n<p class=\"text-element u-richtext u-typo u-typo--article-text article__text-element text-element--context-article\"> Ihr Alltag ist \u2013 zwischen Windeln wechseln und Businessterminen \u2013 sehr trubelig. Dates mit ihrem Ex-Politiker-Ehemann sind rar ges\u00e4t, h\u00e4ufig sei Lehfeld erst &#8222;ab 23:30 Uhr zu Hause&#8220; gewesen, <a data-target-type=\"article\" href=\"https:\/\/www.gala.de\/stars\/news\/franca-lehfeldt--sie-verraet-trauriges-detail-ueber-ehe-mit-christian-lindner-24007756.html\" rel=\"nofollow noopener\" target=\"_blank\">wie sie im Februar 2024 in einem Q&amp;A verriet<\/a>. Umso wichtiger sind Franca Lehfeldt die kleinen Pausen. Und was macht sie dann neben ihrem geliebten Reitsport? Joggen gehen! Dabei knipste die einstige &#8222;Welt&#8220;-Chefreporterin sich nun und postete den Schnappschuss, der sie im Sportoutfit zeigt, auf Instagram.<\/p>\n<p><img class=\"image image-element__image\"   src=\"https:\/\/www.europesays.com\/de\/wp-content\/uploads\/2025\/08\/franca-lehfeldt.jpg\" alt=\"Julia Roberts: H\u00fcllenlose Aufnahme von Sohn Phinnaeus ver\u00f6ffentlicht\" decoding=\"async\" fetchpriority=\"auto\" loading=\"lazy\"\/><br \/>\n<a href=\"https:\/\/image.gala.de\/24429580\/t\/rd\/v3\/w2048\/r0\/-\/franca-lehfeldt.jpg#instagram.com%2Ffranca_lehfeldt\" class=\"image__magnifier\" aria-label=\"Vergr\u00f6\u00dfern\" target=\"_blank\" rel=\"noopener\"><\/p>\n<p>\u00a9 instagram.com\/franca_lehfeldt<\/p>\n<p class=\"text-element u-richtext u-typo u-typo--article-text article__text-element text-element--context-article\"> Dazu schrieb die Mutter eines kleinen Babys passenderweise: &#8222;M\u00fcde Ger\u00e4te bewegen\u2026&#8220;. Der Schlafentzug d\u00fcrfte jetzt vermutlich noch etwas mehr an ihren Kr\u00e4ften zehren als noch vor ihrem Alltag mit Kind.<\/p>\n<p><img class=\"image teaser__image\"   src=\"https:\/\/www.europesays.com\/de\/wp-content\/uploads\/2025\/08\/christian-lindner-franca-lehfeldt.jpg\" alt=\"Christian Lindner und Franca Lehfeldt\" decoding=\"async\" fetchpriority=\"auto\" loading=\"lazy\"\/><\/p>\n<p><a href=\"https:\/\/www.gala.de\/stars\/news\/franca-lehfeldt--christian-lindner-gibt-details-ueber-tochter-preis-24389892.html\" class=\"teaser__link js-embedded-teaser teaser__link--overlay\" target=\"_blank\" rel=\"noopener\"><br \/>\nChristian Lindner + Franca Lehfeldt<br \/>\nZwei Monate nach der Geburt verr\u00e4t er erste Details \u00fcber ihr Baby<br \/>\n<\/a> <\/p>\n<p>Haben Sie Star-News verpasst?<\/p>\n<p class=\"text-element u-richtext u-typo u-typo--article-text article__text-element text-element--context-article\"> Die spannendsten Nachrichten und Informationen rund um internationale und deutsche Promis sowie Neuigkeiten aus Hollywood k\u00f6nnen Sie in unserem Stars-Ticker aus der vergangenen Woche nachlesen. Dort finden <a data-target-type=\"article\" href=\"https:\/\/www.gala.de\/stars\/news\/adam-sandler-gedenkt-filmsohn-cameron-boyce---20--in-netflix-komoedie-24421500.html\" rel=\"nofollow noopener\" target=\"_blank\">Sie alle Promi-News auf einen Blick<\/a>.<\/p>\n<p class=\"text-element u-richtext u-typo u-typo--article-text article__text-element text-element--context-article\"> Verwendete Quelle: instagram.com<\/p>\n<p>\njse \/ lmu<br \/>\nGala\n<\/p>\n<p>#Themen<\/p>\n<p><script async src=\"\/\/www.instagram.com\/embed.js\"><\/script><\/p>\n","protected":false},"excerpt":{"rendered":"Julia Roberts H\u00fcllenlose Aufnahme von Sohn Phinnaeus ver\u00f6ffentlicht \u00a9 Jose Perez\/Bauer-Griffin \/ Getty Images Die Star-News des Tages&hellip;\n","protected":false},"author":2,"featured_media":321217,"comment_status":"","ping_status":"","sticky":false,"template":"","format":"standard","meta":{"footnotes":""},"categories":[1776],"tags":[1801,29,214,30,1802,215],"class_list":{"0":"post-321216","1":"post","2":"type-post","3":"status-publish","4":"format-standard","5":"has-post-thumbnail","7":"category-prominente","8":"tag-celebrities","9":"tag-deutschland","10":"tag-entertainment","11":"tag-germany","12":"tag-prominente","13":"tag-unterhaltung"},"share_on_mastodon":{"url":"https:\/\/pubeurope.com\/@de\/114976779462112355","error":""},"_links":{"self":[{"href":"https:\/\/www.europesays.com\/de\/wp-json\/wp\/v2\/posts\/321216","targetHints":{"allow":["GET"]}}],"collection":[{"href":"https:\/\/www.europesays.com\/de\/wp-json\/wp\/v2\/posts"}],"about":[{"href":"https:\/\/www.europesays.com\/de\/wp-json\/wp\/v2\/types\/post"}],"author":[{"embeddable":true,"href":"https:\/\/www.europesays.com\/de\/wp-json\/wp\/v2\/users\/2"}],"replies":[{"embeddable":true,"href":"https:\/\/www.europesays.com\/de\/wp-json\/wp\/v2\/comments?post=321216"}],"version-history":[{"count":0,"href":"https:\/\/www.europesays.com\/de\/wp-json\/wp\/v2\/posts\/321216\/revisions"}],"wp:featuredmedia":[{"embeddable":true,"href":"https:\/\/www.europesays.com\/de\/wp-json\/wp\/v2\/media\/321217"}],"wp:attachment":[{"href":"https:\/\/www.europesays.com\/de\/wp-json\/wp\/v2\/media?parent=321216"}],"wp:term":[{"taxonomy":"category","embeddable":true,"href":"https:\/\/www.europesays.com\/de\/wp-json\/wp\/v2\/categories?post=321216"},{"taxonomy":"post_tag","embeddable":true,"href":"https:\/\/www.europesays.com\/de\/wp-json\/wp\/v2\/tags?post=321216"}],"curies":[{"name":"wp","href":"https:\/\/api.w.org\/{rel}","templated":true}]}}