{"id":321218,"date":"2025-08-05T15:06:11","date_gmt":"2025-08-05T15:06:11","guid":{"rendered":"https:\/\/www.europesays.com\/de\/321218\/"},"modified":"2025-08-05T15:06:11","modified_gmt":"2025-08-05T15:06:11","slug":"daenemark-verbannt-pornografische-meerjungfrau-riesennixe-sorgt-fuer-zoff","status":"publish","type":"post","link":"https:\/\/www.europesays.com\/de\/321218\/","title":{"rendered":"D\u00e4nemark verbannt \u201epornografische\u201c Meerjungfrau \u2013 Riesennixe sorgt f\u00fcr Zoff"},"content":{"rendered":"<p>D\u00e4nemark-Skandal um nackte NixeZu sexy f\u00fcr den Staat? Riesige Meerjungfrau sorgt f\u00fcr Zoff, jetzt muss sie weg<img alt=\"Sie ist zu gro\u00df, zu nackt \u2013 und jetzt soll sie verschwinden: In D\u00e4nemark eskaliert der Streit um eine Meerjungfrau-Statue. \" loading=\"lazy\" width=\"940\" height=\"529\" decoding=\"async\" data-nimg=\"1\" class=\"Image_image__SdgLQ Picture_image__vGN9W\" style=\"color:transparent\"   src=\"https:\/\/www.europesays.com\/de\/wp-content\/uploads\/2025\/08\/neues-projekt.webp.webp\"\/><\/p>\n<p>Sie ist zu gro\u00df, zu nackt \u2013 und jetzt soll sie verschwinden: In D\u00e4nemark eskaliert der Streit um eine Meerjungfrau-Statue. <\/p>\n<p>Getty Images\/Ilko Rangelov<\/p>\n<p>5. August 2025 um 16:55 Uhr<\/p>\n<p class=\"AnnotatedMarkup_paragraph__IUT9l\"><strong>Bei dieser Posse geht\u2019s um (zu) gro\u00dfe Br\u00fcste.<\/strong><br \/>Und darum, ob eine Meerjungfrau zu nackt sein darf. In D\u00e4nemark entl\u00e4dt sich ein hitziger Streit um eine Statue, die f\u00fcr die einen Kunst ist, und f\u00fcr die anderen pure Provokation. Jetzt soll das XXL-Monument verschwinden.<\/p>\n<p>\u201ePornografisch\u201d und \u201eh\u00e4sslich\u201d \u2013 Kritik rei\u00dft nicht ab<\/p>\n<p class=\"AnnotatedMarkup_paragraph__IUT9l\">Sie ist vier Meter hoch, sechs Meter breit, wiegt satte 14 Tonnen \u2013 und spaltet das Land. Die Rede ist von der \u201eGro\u00dfen Meerjungfrau\u201d, auf d\u00e4nisch \u201eDen Store Havfrue\u201d des K\u00fcnstlers Peter Bech, die derzeit auf dem Gel\u00e4nde des historischen Drag\u00f8r-Forts bei Kopenhagen steht. Doch das d\u00e4nische Kulturamt hat genug. Die Statue soll weg, weil sie angeblich nicht zum kulturellen Erbe des historischen Ortes passt.<\/p>\n<p class=\"AnnotatedMarkup_paragraph__IUT9l\"><strong>Lese-Tipp: <\/strong><a href=\"https:\/\/www.rtl.de\/trending\/mexiko-frau-30-zieht-in-oeffentlichkeit-blank-fuer-dieses-skurrile-foto-id2031855.html\" target=\"_self\" rel=\"noopener\">Ist das noch Kunst?! Frau (30) zieht blank &#8211; f\u00fcr dieses skurrile Foto<\/a><\/p>\n<p class=\"AnnotatedMarkup_paragraph__IUT9l\">Kunstkritiker Mathias Kryger wettert in der d\u00e4nischen Zeitung Politiken: \u201eDie Statue ist h\u00e4sslich und pornografisch.\u201d Und auch Pfarrerin und Journalistin Sorine Gotfredsen h\u00e4lt nichts von der nackten Riesen-Nixe. <strong>\u201eDiese Statue ist der feuchte M\u00e4nnertraum davon, wie eine Frau auszusehen hat\u201d<\/strong>, schreibt sie in der Tageszeitung Berlingske.<\/p>\n<p>Video-Tipp: ImPOsante Nummer! Arbeiter kriecht Statue f\u00fcr das Burning-Man-Festival in den HinternAnzeige:<\/p>\n<p>Empfehlungen unserer Partner<\/p>\n<p>Eine Frau mit Kurven oder doch ein Sexsymbol?<\/p>\n<p class=\"AnnotatedMarkup_paragraph__IUT9l\">Was besonders st\u00f6rt: die \u00fcppige Oberweite der Meerjungfrau. Der K\u00fcnstler selbst versteht die Aufregung nicht: <strong>\u201eDie Br\u00fcste sind einfach proportional zur Gr\u00f6\u00dfe der Figur.\u201d <\/strong>Andere sehen in der Emp\u00f6rung ein tieferes Problem. F\u00fcr Debattenredakteurin Aminata Corr Thrane ist die Diskussion Bodyshaming pur. Sie fragt: \u201eM\u00fcssen nackte Br\u00fcste eine akademisch perfekte Form und Gr\u00f6\u00dfe haben, um im \u00f6ffentlichen Raum erlaubt zu sein?\u201d<\/p>\n<p class=\"AnnotatedMarkup_paragraph__IUT9l\"><strong>Lese-Tipp: <\/strong><a href=\"https:\/\/www.rtl.de\/news\/philippinen-er-haelt-reptil-fuer-statue-tourist-klettert-in-gehege-krokodil-schnappt-zu-id4333123.html\" target=\"_self\" rel=\"noopener\">Todesgefahr f\u00fcr Selfie! Er h\u00e4lt Reptil f\u00fcr Statue! Krokodil bei\u00dft sich in Touri fest<\/a><\/p>\n<p>Zensur oder Schutz der \u00d6ffentlichkeit?<\/p>\n<p class=\"AnnotatedMarkup_paragraph__IUT9l\">Fakt ist: Die Statue wurde 2006 urspr\u00fcnglich in der N\u00e4he der ber\u00fchmten \u201eKleinen Meerjungfrau\u201d aufgestellt. Doch schon 2018 verbannten Anwohner sie \u2013 und nannten sie \u201edie falsche und vulg\u00e4re Meerjungfrau\u201c. Seitdem steht sie im Drag\u00f8r-Fort. Doch auch dort ist jetzt Schluss. Die Kommune hat Peter Bechs Angebot, die Statue zu schenken, abgelehnt. F\u00fcr den K\u00fcnstler ist das bitter. \u201eViele Leute hier sagen mir, dass sie meine Statue lieben\u201d, sagt er. <strong>Doch wohin nun mit der Nixe? Noch ist unklar, wo sie eine neue Heimat finden k\u00f6nnte.<\/strong> (nha)<\/p>\n","protected":false},"excerpt":{"rendered":"D\u00e4nemark-Skandal um nackte NixeZu sexy f\u00fcr den Staat? Riesige Meerjungfrau sorgt f\u00fcr Zoff, jetzt muss sie weg Sie&hellip;\n","protected":false},"author":2,"featured_media":321219,"comment_status":"","ping_status":"","sticky":false,"template":"","format":"standard","meta":{"footnotes":""},"categories":[1775],"tags":[331,338,332,339,1793,1160,29,344,342,343,214,30,2075,1794,335,329,336,334,341,330,337,333,328,327,12,91472,14227,215,340],"class_list":{"0":"post-321218","1":"post","2":"type-post","3":"status-publish","4":"format-standard","5":"has-post-thumbnail","7":"category-kunst-und-design","8":"tag-aktuelle-nachrichten","9":"tag-aktuelle-nachrichten-auf-einen-blick","10":"tag-aktuelle-news","11":"tag-aktuelle-themen-in-der-welt","12":"tag-art-and-design","13":"tag-daenemark","14":"tag-deutschland","15":"tag-ems_-news","16":"tag-ems_news_newsausland","17":"tag-ems_news_newsinland","18":"tag-entertainment","19":"tag-germany","20":"tag-kunst","21":"tag-kunst-und-design","22":"tag-nachrichten-aus-aller-welt","23":"tag-nachrichten-deutschland","24":"tag-nachrichten-heute","25":"tag-nachrichten-international","26":"tag-nachrichten-usa","27":"tag-news-deutschland","28":"tag-news-heute","29":"tag-news-international","30":"tag-rtl-nachrichten","31":"tag-rtl-news","32":"tag-schlagzeilen","33":"tag-sexsymbol","34":"tag-statue","35":"tag-unterhaltung","36":"tag-usa-news"},"share_on_mastodon":{"url":"","error":"Validation failed: Text character limit of 500 exceeded"},"_links":{"self":[{"href":"https:\/\/www.europesays.com\/de\/wp-json\/wp\/v2\/posts\/321218","targetHints":{"allow":["GET"]}}],"collection":[{"href":"https:\/\/www.europesays.com\/de\/wp-json\/wp\/v2\/posts"}],"about":[{"href":"https:\/\/www.europesays.com\/de\/wp-json\/wp\/v2\/types\/post"}],"author":[{"embeddable":true,"href":"https:\/\/www.europesays.com\/de\/wp-json\/wp\/v2\/users\/2"}],"replies":[{"embeddable":true,"href":"https:\/\/www.europesays.com\/de\/wp-json\/wp\/v2\/comments?post=321218"}],"version-history":[{"count":0,"href":"https:\/\/www.europesays.com\/de\/wp-json\/wp\/v2\/posts\/321218\/revisions"}],"wp:featuredmedia":[{"embeddable":true,"href":"https:\/\/www.europesays.com\/de\/wp-json\/wp\/v2\/media\/321219"}],"wp:attachment":[{"href":"https:\/\/www.europesays.com\/de\/wp-json\/wp\/v2\/media?parent=321218"}],"wp:term":[{"taxonomy":"category","embeddable":true,"href":"https:\/\/www.europesays.com\/de\/wp-json\/wp\/v2\/categories?post=321218"},{"taxonomy":"post_tag","embeddable":true,"href":"https:\/\/www.europesays.com\/de\/wp-json\/wp\/v2\/tags?post=321218"}],"curies":[{"name":"wp","href":"https:\/\/api.w.org\/{rel}","templated":true}]}}