{"id":321222,"date":"2025-08-05T15:08:17","date_gmt":"2025-08-05T15:08:17","guid":{"rendered":"https:\/\/www.europesays.com\/de\/321222\/"},"modified":"2025-08-05T15:08:17","modified_gmt":"2025-08-05T15:08:17","slug":"geschaeftsfuehrer-verlassen-sport1-gruppe-neuer-chef-wirft-fragen-auf","status":"publish","type":"post","link":"https:\/\/www.europesays.com\/de\/321222\/","title":{"rendered":"Gesch\u00e4ftsf\u00fchrer verlassen Sport1-Gruppe, neuer Chef wirft Fragen auf"},"content":{"rendered":"<p>            <img decoding=\"async\" fetchpriority=\"high\" width=\"696\" height=\"400\" data-no-lazy=\"\" class=\"entry-thumb\" src=\"https:\/\/www.europesays.com\/de\/wp-content\/uploads\/2025\/08\/Tatort-24.jpg\" alt=\"Sport1\" title=\"Sport1\"\/>Foto: Canva\/Auerbach Verlag \/ Logo: Sport1<\/p>\n<p><strong>Nicht nur das Programm von Sport1 wird umgebaut, auch in der F\u00fchrungsetage gibt es Wechsel. Mit Robin Seckler und Matthias Kirschenhofer verlassen die bisherigen Gesch\u00e4ftsf\u00fchrer das Unternehmen. Der neue Boss ist in Deutschland unbekannt.<\/strong><\/p>\n<p>Der Fernsehkonzern Sport1 befindet sich in einem tiefen Change-Prozess. Immer weniger Sport ist beim Sender zu finden, der vielleicht bald Show1 hei\u00dfen wird. Das Corner-Logo wechselt derzeit st\u00e4ndig zwischen beiden Namen hin und her. In die Show-Richtung wurde das Programm zuletzt schon umgebaut \u2013 es liefen erfolglose Formate wie \u201eMasterChef\u201c oder \u201ePower of Love\u201c, auch die derzeit gezeigte Primetime-Show \u201eDarts Party\u201c nimmt nur sehr langsam Fahrt auf. Alle Formate kommen von Acunmedya, dem neuen Gesellschafter von Sport1, einer t\u00fcrkischen Medienfirma. Jetzt ist die Rede davon, dass bei der Sport1 Medien-Gruppe \u201edie Konzernstruktur weiter vereinfacht\u201c werden soll.<\/p>\n<p>Wer ist der neue Sport1-Boss?<\/p>\n<p>Im Zuge dieser \u201eNeuausrichtung und Vereinfachung\u201c w\u00fcrden dann auch die beiden bisherigen Gesch\u00e4ftsf\u00fchrer ausscheiden. Nicht mehr f\u00fcr das Unternehmen t\u00e4tig sind somit Robin Seckler und Matthias Kirschenhofer. Ein neuer Gesch\u00e4ftsf\u00fchrer ist schon bestimmt, aber selbst in gut informieren Branchenkreisen relativ unbekannt. Tufan \u00d6zkul \u00fcbernimmt das Ruder beim Unternehmen. Laut einer Pressemitteilung verf\u00fcgt er \u00fcber \u201elangj\u00e4hrige Erfahrung im internationalen Medienbereich\u201c. M\u00f6glich, dass er diese bei Acunmedya gesammelt hat, genauer erl\u00e4utert ist all das in einer Medienmitteilung nicht. Und somit bleibt erstmal offen, wer Tufan \u00d6zkul ist \u2013 und sicher ist das auch eine Frage, die sich die verbliebene Belegschaft der Gruppe stellt. Die Pressestelle des Senders verwies auf Nachfrage auf eine in Vorbereitung befindliche Presseinformation.<\/p>\n<p>\u00d6zkul wird in den n\u00e4chsten Wochen nicht wenige Probleme zu l\u00f6sen haben. Neben der Frage, ob Sport1 denn nun wirklich einen neuen Namen bekommt, wird er auch organisieren m\u00fcssen, dass die TV-Reichweiten des Senders langsam steigen. Echte Impulse haben zuletzt \u201ePower of Love\u201c und \u201eMy Style Rocks\u201c nicht gebracht \u2013 an der Strategie will Acunmedya aber offenbar festhalten. \u201eMy Style Rocks\u201c, das immerhin im Netz ein sicherer Meme-Lieferant ist, wurde frisch um eine dritte Staffel verl\u00e4ngert. Derzeit ist das Format in einer Sommerpause.<\/p>\n<p>Und \u00d6zkul wird entscheiden m\u00fcssen, wie wichtig der Darts-Sport f\u00fcr den Sender ist. In den kommenden Wochen und Monaten gilt es, die Rechteverhandlungen voranzutreiben. Weil die Darts-WM sich zuletzt zum echten Zuschauermagneten entwickelt hat, gilt als relativ sicher, dass sich diesmal auch gr\u00f6\u00dfere TV-Sender um die Rechte bewerben werden.<\/p>\n<p>Au\u00dferdem interessant:<\/p>\n","protected":false},"excerpt":{"rendered":"Foto: Canva\/Auerbach Verlag \/ Logo: Sport1 Nicht nur das Programm von Sport1 wird umgebaut, auch in der F\u00fchrungsetage&hellip;\n","protected":false},"author":2,"featured_media":321223,"comment_status":"","ping_status":"","sticky":false,"template":"","format":"standard","meta":{"footnotes":""},"categories":[1773],"tags":[29,214,30,471,1780,86460,6245,215],"class_list":{"0":"post-321222","1":"post","2":"type-post","3":"status-publish","4":"format-standard","5":"has-post-thumbnail","7":"category-serien","8":"tag-deutschland","9":"tag-entertainment","10":"tag-germany","11":"tag-serien","12":"tag-series","13":"tag-show1","14":"tag-sport1","15":"tag-unterhaltung"},"share_on_mastodon":{"url":"https:\/\/pubeurope.com\/@de\/114976791667628940","error":""},"_links":{"self":[{"href":"https:\/\/www.europesays.com\/de\/wp-json\/wp\/v2\/posts\/321222","targetHints":{"allow":["GET"]}}],"collection":[{"href":"https:\/\/www.europesays.com\/de\/wp-json\/wp\/v2\/posts"}],"about":[{"href":"https:\/\/www.europesays.com\/de\/wp-json\/wp\/v2\/types\/post"}],"author":[{"embeddable":true,"href":"https:\/\/www.europesays.com\/de\/wp-json\/wp\/v2\/users\/2"}],"replies":[{"embeddable":true,"href":"https:\/\/www.europesays.com\/de\/wp-json\/wp\/v2\/comments?post=321222"}],"version-history":[{"count":0,"href":"https:\/\/www.europesays.com\/de\/wp-json\/wp\/v2\/posts\/321222\/revisions"}],"wp:featuredmedia":[{"embeddable":true,"href":"https:\/\/www.europesays.com\/de\/wp-json\/wp\/v2\/media\/321223"}],"wp:attachment":[{"href":"https:\/\/www.europesays.com\/de\/wp-json\/wp\/v2\/media?parent=321222"}],"wp:term":[{"taxonomy":"category","embeddable":true,"href":"https:\/\/www.europesays.com\/de\/wp-json\/wp\/v2\/categories?post=321222"},{"taxonomy":"post_tag","embeddable":true,"href":"https:\/\/www.europesays.com\/de\/wp-json\/wp\/v2\/tags?post=321222"}],"curies":[{"name":"wp","href":"https:\/\/api.w.org\/{rel}","templated":true}]}}