{"id":321224,"date":"2025-08-05T15:09:13","date_gmt":"2025-08-05T15:09:13","guid":{"rendered":"https:\/\/www.europesays.com\/de\/321224\/"},"modified":"2025-08-05T15:09:13","modified_gmt":"2025-08-05T15:09:13","slug":"und-gott-sprach-noe-ndr-de","status":"publish","type":"post","link":"https:\/\/www.europesays.com\/de\/321224\/","title":{"rendered":"Und Gott* sprach: &#8222;N\u00f6&#8220; | ndr.de"},"content":{"rendered":"<p>        <img decoding=\"async\" src=\"https:\/\/www.europesays.com\/de\/wp-content\/uploads\/2025\/08\/nein-104.webp\" alt=\"Ein W\u00fcrfel mit dem Schriftzug &quot;Nein&quot; und einem Smiley mit h\u00e4ngenden Mundwinkeln\" title=\"Ein W\u00fcrfel mit dem Schriftzug &quot;Nein&quot; und einem Smiley mit h\u00e4ngenden Mundwinkeln | picture alliance \/ CHROMORANGE | Christian Ohde\" class=\"responsive\"\/><\/p>\n<p>\n            Stand: 05.08.2025 16:02 Uhr<\/p>\n<p class=\"preface\">Das Nein hat gesellschaftlich einen &#8222;schlechten Ruf&#8220;, sagt die evangelische Pfarrerin und Queerfeministin Maike Sch\u00f6fer. Ihr neues Buch &#8222;N\u00f6. Eine Anstiftung zum Neinsagen&#8220; ist eine Imagekampagne f\u00fcr das Nein.<\/p>\n<p class=\"textauthor\">von <a href=\"https:\/\/www.ndr.de\/kultur\/alexandra-friedrich,friedrich632.html\" target=\"_blank\" rel=\"noopener\">Alexandra Friedrich<\/a><\/p>\n<p class=\"\">\n&#8222;Voch'&#8220; hei\u00dft nein auf Armenisch, &#8222;Tidak&#8220; auf Indonesisch, &#8222;\u017d\u00e1dn\u00fd&#8220; auf Tschechisch und &#8222;Hay\u0131r&#8220; auf T\u00fcrkisch. Nicht in allen Sprachen gibt es ein Wort daf\u00fcr. Doch auch bei uns, wo das Nein existiert, f\u00e4llt es vielen schwer, es auszusprechen. Es hat einen ziemlich schlechten Ruf, erkl\u00e4rt die Berliner Pfarrerin Maike Sch\u00f6fer. &#8222;Wir leben generell in unserer Gesellschaft in einer Kultur des Ja-Sagens, das Ja ist viel mehr akzeptiert als das Nein&#8220;, sagt sie. Das Ja baue Beziehungen auf. &#8222;Es kn\u00fcpft an, bejaht, baut Br\u00fccken: Es ist freundlich. Das Nein setzt immer einen Stopp, eine Grenze, das ist schwieriger aufzufassen, das klingt wie eine Kritik oder wie eine Ablehnung.&#8220;<\/p>\n<p>    Image-Kampagne f\u00fcr das &#8222;Nein&#8220;<\/p>\n<p>                    <a href=\"https:\/\/www.europesays.com\/de\/wp-content\/uploads\/2025\/08\/coverschoefer-100.webp\" class=\"zoomimage\" title=\"Bild vergr\u00f6\u00dfern\"><\/p>\n<p>        <img decoding=\"async\" src=\"https:\/\/www.europesays.com\/de\/wp-content\/uploads\/2025\/08\/coverschoefer-100.webp\" alt=\"Cover: Maike Sch\u00f6fer, &quot;N\u00f6&quot;\" title=\"&quot;N\u00f6 - eine Anstiftung zum Neinsagen&quot; ist bei Piper erschienen und kostet 16 Euro. | Piper\" class=\"responsive\" loading=\"lazy\"\/><\/p>\n<p>                    <\/a><\/p>\n<p>                    &#8222;N\u00f6 &#8211; eine Anstiftung zum Neinsagen&#8220; ist bei Piper erschienen und kostet 16 Euro.<\/p>\n<p class=\"\">\nMit ihrem Buch &#8222;N\u00f6&#8220; startet Maike Sch\u00f6fer eine Art Image-Kampagne f\u00fcr das Nein. Nach der Lekt\u00fcre des Buches sollen wir &#8222;Nein&#8220; schreien, oder trotzig &#8222;N\u00f6&#8220; sagen &#8211; wie der Engel auf dem Cover! Auch ihr selbst geht das Nein nicht immer leicht von den Lippen. Die Gratwanderung zwischen Selbstf\u00fcrsorge und Egoismus ist schwierig, zumal als Pfarrerin mit der Mission Seelsorge. Ihr letztes lautes und inbr\u00fcnstiges Nein? &#8222;Ich sage mehrere Male am Tag Nein&#8220;, betont Sch\u00f6fer. &#8222;Ich denke, es ist sehr wichtig, dass wir auch in unserem Alltag Nein sagen, aber ich glaube, so ein richtig lautes, beherztes Nein, das habe ich zuletzt zu meiner vorhergegangenen Ehe gesagt. Nicht nur hat Maike Sch\u00f6fer ihr eigenes Ja-Wort revidiert und sich scheiden lassen. Sie geht im Buch noch weiter:<\/p>\n<blockquote><p>\n        Deswegen kommt hier meine unpopular churchy opinion: Lasst uns die christliche Ehe abschaffen, damit wir ganz ehrlich \u00fcber die Ehe nachdenken k\u00f6nnen. Denn wenn wir um all den Mist, all die Ungerechtigkeiten, die Machthierarchie, die hegemoniale M\u00e4nnlichkeit, die Unterdr\u00fcckung Bescheid wissen, die die Ehe mit sich brachte und bringt, warum \u00e4ndern wir nichts?  Lasst uns doch eine Segnung f\u00fcr alle Beziehungen einf\u00fchren. F\u00fcr alle, die Ja zueinander sagen. Ob f\u00fcr polygame Beziehungen, f\u00fcr Patchworkfamilien, f\u00fcr Eltern ohne romantische Beziehung zueinander, f\u00fcr Care-Netzwerke, f\u00fcr queere Paare, f\u00fcr Freund*innen. Unter Gott*es Schutz steht jede Liebe. Und jede Liebe ist gesegnet und soll ein Segen sein. Can I hear an Amen? Amen!<\/p>\n<p>                Leseprobe aus: &#8222;N\u00f6. Eine Anstiftung zum Neinsagen&#8220;<\/p>\n<\/blockquote>\n<p>    Gott ist gr\u00f6\u00dfer als m\u00e4nnlich<\/p>\n<p class=\"\">\nMaike Sch\u00f6fer schreibt Gott konsequent mit Genderstern &#8211; im Buch, aber auch im Gemeindeblatt und in Sozialen Medien. Im &#8222;Gott*esdienst&#8220; betet sie das &#8222;Gott*Unser&#8220; und spricht von &#8222;Ihr&#8220;. Das sei ihr Nein zu einem patriarchalen und toxischen Gottesbild, so beschreibt sie es. &#8222;Von Gott wird als Vater gesprochen, als Herr, als Herrscher, vielleicht auch als Richter. Und ich biete einfach andere Namen und Beschreibungen f\u00fcr Gott an, die es schon in der Bibel gibt. Von Gott wird in der Bibel auch als Windhauch gesprochen, als Hebamme, als Adlermutter. Gott ist gr\u00f6\u00dfer als m\u00e4nnlich.&#8220;<\/p>\n<blockquote><p>\n        Gott* sprengt alle Kategorien, von Heteronormativit\u00e4t, Binarit\u00e4t, Gender und jeglicher Norm. Gott* ist immer gr\u00f6\u00dfer und weiter, als Menschen gedanklich und sprachlich fassen k\u00f6nnen. Gott* l\u00e4sst sich nicht festlegen und ist immer unverf\u00fcgbar.<\/p>\n<p>                Leseprobe aus: &#8222;N\u00f6. Eine Anstiftung zum Neinsagen&#8220;<\/p>\n<\/blockquote>\n<p class=\"\">\nSchluss mit der Ehe, ein queerer Gott? Die sehr unkonventionellen Positionen als Pfarrerin, das konsequente Gendern &#8211; f\u00fcr viele ist all das wahrscheinlich Provokation pur. Maike Sch\u00f6fer will aber eigentlich vermitteln und sensibilisieren. &#8222;Mein Gedanke ist gar nicht, dass ich Menschen etwas wegnehmen m\u00f6chte &#8211; mit dem Nein-Sagen oder mit dem Nachdenken \u00fcber die Ehe&#8220;, sagt sie. &#8222;Ich verheirate ja auch weiterhin Paare. Ich w\u00fcrde nie sagen, das ist der falsche Weg. Sondern ich begleite die Menschen und versuche, sie mit Fragen und Impulsen dahin zu bringen, nochmal dar\u00fcber nachzudenken.&#8220;<\/p>\n<p>    Bildungsarbeit \u00fcber Instagram<\/p>\n<p class=\"\">\nMaike Sch\u00f6fer will die Bildungsarbeit machen, die ihr als junge Christin gefehlt hat. Das macht sie auch \u00fcber Instagram. Ironischerweise hei\u00dft sie hier &#8222;Ja und Amen&#8220;, obwohl es nur so wimmelt vor Neins zu Glaubenss\u00e4tzen und Konventionen ihrer Kirche.<\/p>\n<blockquote><p>\n        S\u00e4tze, die ich mir nicht mehr sagen lasse: <br \/>Feminismus und Glaube schlie\u00dfen sich aus. <br \/>Jesus war wei\u00df.<br \/>Queer sein ist S\u00fcnde.<br \/>Kirche sollte nicht politisch sein.<br \/>In der evangelischen Kirche gibt es keine Machthierarchien. <\/p>\n<p>                Zitat aus dem Instagram-Kanal &#8222;Ja und Amen&#8220;<\/p>\n<\/blockquote>\n<p>    Nein zu Normvorstellungen von weiblicher Sch\u00f6nheit<\/p>\n<p class=\"\">\nIm Buch wie auf Instagram schreibt Maike Sch\u00f6fer immer sehr pers\u00f6nlich, \u00fcber ihr queeres Coming-Out, \u00fcber Menstruation und Masturbation oder dar\u00fcber, wie sie sich die Haare abrasiert hat. Ihre Absage an die Normvorstellungen von weiblicher Sch\u00f6nheit. &#8222;Es gibt verschiedenste Formen, wie der K\u00f6rper Nein sagt, oder wie mit dem K\u00f6rper Nein gesagt werden kann. Der K\u00f6rper kann das Nein ausdr\u00fccken, wenn es dem Mund die Sprache verschl\u00e4gt oder uns die Worte fehlen. Der K\u00f6rper kann das Nein greifbar und sichtbar machen. Und ist manchmal die einzige Waffe oder das letzte Mittel, das marginalisierten Menschen bleibt&#8220;, betont Sch\u00f6fer.<\/p>\n<p>    Vom Nein zum kollektiven Protest<\/p>\n<p class=\"\">\n\u00dcber das &#8222;Nein&#8220; einzelner im Alltag hinaus geht es hier um kollektiven k\u00f6rperlichen Protest. Vom <a href=\"https:\/\/www.ndr.de\/nachrichten\/info\/Der-Stichtag-Suffragetten-kaempfen-fuer-Frauenrechte,audio1483894.html\" title=\"Der Stichtag: Suffragetten k\u00e4mpfen f\u00fcr Frauenrechte\" target=\"_blank\" rel=\"noopener\">Hungerstreik der Suffragetten<\/a>, nackten Br\u00fcsten als Protest bei Femen bis hin zu abgeschnittenen Haaren aus Solidarit\u00e4t mit Protesten im Iran. Maike Sch\u00f6fers Buch w\u00fcrdigt die Neinsagenden der Vergangenheit und feministische, machtkritische, philosophische und soziologische Denker*innen von Audre Lorde \u00fcber Erich Fromm bis zu <a href=\"https:\/\/www.emiliaroig.com\/de\" title=\"Homepage der Autorin Emilia Roig\" class=\"js-link-dialog\" data-type=\"external\" target=\"_blank\" rel=\"noopener\">Emilia Roig<\/a>. So ist bei weitem nicht jeder Gedanke von Maike Sch\u00f6fer neu und unerh\u00f6rt. Aber in seiner Collagierung und erg\u00e4nzt durch ihre ganz spezifische Perspektive als queere und queeraktivistische Pfarrerin bekommt der Text eine eigene Handschrift und Kraft.<\/p>\n<p>        <img decoding=\"async\" src=\"https:\/\/www.europesays.com\/de\/wp-content\/uploads\/2025\/08\/regenbogenfahne112.webp\" alt=\"Eine Regenbogenfahne weht vor der Kirche.\" title=\"Eine Regenbogenfahne weht vor der Kirche. | picture alliance\/dpa | Fabian Strauch, Fabian Strauch\" class=\"responsive\" loading=\"lazy\"\/><\/p>\n<p>Welche Rolle spielt heute noch eine Theologie, der die Sch\u00f6pfungsordnung sowie der Bund zwischen Mann und Frau so wichtig sind?<\/p>\n<p>        <img decoding=\"async\" src=\"https:\/\/www.europesays.com\/de\/wp-content\/uploads\/2025\/08\/quintoncaesar100.webp\" alt=\"Pastor Quinton Caesar.\" title=\"Pastor Quinton Caesar. | NDR\/Michael Hollenbach, Michael Hollenbach\" class=\"responsive\" loading=\"lazy\"\/><\/p>\n","protected":false},"excerpt":{"rendered":"Stand: 05.08.2025 16:02 Uhr Das Nein hat gesellschaftlich einen &#8222;schlechten Ruf&#8220;, sagt die evangelische Pfarrerin und Queerfeministin Maike&hellip;\n","protected":false},"author":2,"featured_media":321225,"comment_status":"","ping_status":"","sticky":false,"template":"","format":"standard","meta":{"footnotes":""},"categories":[1772],"tags":[3274,91485,29,91487,214,91486,26305,30,91484,1779,810,91483,66076,21469,575,2878,215],"class_list":{"0":"post-321224","1":"post","2":"type-post","3":"status-publish","4":"format-standard","5":"has-post-thumbnail","7":"category-musik","8":"tag-kirche","9":"tag-audre-lorde","10":"tag-deutschland","11":"tag-emilia-roig","12":"tag-entertainment","13":"tag-erich-fromm","14":"tag-gender","15":"tag-germany","16":"tag-maike-schoefer","17":"tag-music","18":"tag-musik","19":"tag-nein","20":"tag-pfarrerin","21":"tag-queer","22":"tag-religion","23":"tag-sachbuecher","24":"tag-unterhaltung"},"share_on_mastodon":{"url":"https:\/\/pubeurope.com\/@de\/114976795417448729","error":""},"_links":{"self":[{"href":"https:\/\/www.europesays.com\/de\/wp-json\/wp\/v2\/posts\/321224","targetHints":{"allow":["GET"]}}],"collection":[{"href":"https:\/\/www.europesays.com\/de\/wp-json\/wp\/v2\/posts"}],"about":[{"href":"https:\/\/www.europesays.com\/de\/wp-json\/wp\/v2\/types\/post"}],"author":[{"embeddable":true,"href":"https:\/\/www.europesays.com\/de\/wp-json\/wp\/v2\/users\/2"}],"replies":[{"embeddable":true,"href":"https:\/\/www.europesays.com\/de\/wp-json\/wp\/v2\/comments?post=321224"}],"version-history":[{"count":0,"href":"https:\/\/www.europesays.com\/de\/wp-json\/wp\/v2\/posts\/321224\/revisions"}],"wp:featuredmedia":[{"embeddable":true,"href":"https:\/\/www.europesays.com\/de\/wp-json\/wp\/v2\/media\/321225"}],"wp:attachment":[{"href":"https:\/\/www.europesays.com\/de\/wp-json\/wp\/v2\/media?parent=321224"}],"wp:term":[{"taxonomy":"category","embeddable":true,"href":"https:\/\/www.europesays.com\/de\/wp-json\/wp\/v2\/categories?post=321224"},{"taxonomy":"post_tag","embeddable":true,"href":"https:\/\/www.europesays.com\/de\/wp-json\/wp\/v2\/tags?post=321224"}],"curies":[{"name":"wp","href":"https:\/\/api.w.org\/{rel}","templated":true}]}}