{"id":321228,"date":"2025-08-05T15:11:15","date_gmt":"2025-08-05T15:11:15","guid":{"rendered":"https:\/\/www.europesays.com\/de\/321228\/"},"modified":"2025-08-05T15:11:15","modified_gmt":"2025-08-05T15:11:15","slug":"inhalative-sedierung-erhoeht-in-studie-sterberisiko-von-intensivpatienten-news-deutsches-aerzteblatt","status":"publish","type":"post","link":"https:\/\/www.europesays.com\/de\/321228\/","title":{"rendered":"Inhalative Sedierung erh\u00f6ht in Studie Sterberisiko von Intensivpatienten \u2013 News \u2013 Deutsches \u00c4rzteblatt"},"content":{"rendered":"<p class=\"leading-relaxed mb-5\">Clermont-Ferrand \u2013 Bei Patienten mit akutem Lungenversagen (ARDS) wird seit der COVID-19-Epidemie h\u00e4ufig eine inhalative Sedierung durchgef\u00fchrt. In einer randomisierten Studie kam es jetzt jedoch zu einem R\u00fcckgang der beatmungsfreien Tage und zu einer Verminderung der 90-Tage-\u00dcberlebensrate gegen\u00fcber einer intraven\u00f6sen Sedierung. <\/p>\n<p class=\"leading-relaxed mb-5\">Die Ergebnisse wurden auf dem International Symposium on Intensive Care and Emergency Medicine in Br\u00fcssel vorgestellt und im amerikanischen \u00c4rzteblatt (JAMA 2025; DOI: <a class=\"text-primary dark:text-primaryDark underline hyphens-auto\" target=\"_blank\" href=\"https:\/\/doi.org\/10.1001\/jama.2025.3169\" rel=\"nofollow noopener\">10.1001\/jama.2025.3169<\/a>) publiziert.<\/p>\n<p data-cy=\"author\" class=\"author text-sm text-gray mt-2 font-condensed italic\">rme<\/p>\n<p class=\"font-condensed font-medium tracking-wide mb-4 text-lg text-primary dark:text-primaryDark\">Zum Weiterlesen anmelden<\/p>\n<p class=\"text-sm\">Liebe Leserinnen und Leser,<\/p>\n<p class=\"text-sm\">dieser Beitrag ist nur f\u00fcr <strong>eingeloggte Benutzer<\/strong> sichtbar.<\/p>\n<p class=\"text-sm\">Bitte melden Sie sich an oder registrieren Sie sich neu.<\/p>\n<p class=\"text-sm\">Mit der <strong>kostenlosen Registrierung<\/strong> profitieren Sie von folgenden Vorteilen:<\/p>\n<p class=\"text-sm\">Erhalten Sie Zugriff auf nicht \u00f6ffentliche Inhalte<\/p>\n<ul class=\"flex flex-wrap text-md\">Fachgebiete:<\/p>\n<li class=\"text-primary dark:text-primaryDark mr-6 md:mr-4\"><a title=\"Alle Inhalte zum Fachgebiet \u201eAn\u00e4sthesiologie und Intensivmedizin\u201c\" class=\"hover:underline\" href=\"https:\/\/www.aerzteblatt.de\/fachgebiete\/anaesthesiologie-und-intensivmedizin\" rel=\"nofollow noopener\" target=\"_blank\">An\u00e4sthesiologie und Intensivmedizin<\/a><\/li>\n<\/ul>\n","protected":false},"excerpt":{"rendered":"Clermont-Ferrand \u2013 Bei Patienten mit akutem Lungenversagen (ARDS) wird seit der COVID-19-Epidemie h\u00e4ufig eine inhalative Sedierung durchgef\u00fchrt. In&hellip;\n","protected":false},"author":2,"featured_media":321229,"comment_status":"","ping_status":"","sticky":false,"template":"","format":"standard","meta":{"footnotes":""},"categories":[137],"tags":[29,30,141,232],"class_list":{"0":"post-321228","1":"post","2":"type-post","3":"status-publish","4":"format-standard","5":"has-post-thumbnail","7":"category-gesundheit","8":"tag-deutschland","9":"tag-germany","10":"tag-gesundheit","11":"tag-health"},"share_on_mastodon":{"url":"https:\/\/pubeurope.com\/@de\/114976803033799492","error":""},"_links":{"self":[{"href":"https:\/\/www.europesays.com\/de\/wp-json\/wp\/v2\/posts\/321228","targetHints":{"allow":["GET"]}}],"collection":[{"href":"https:\/\/www.europesays.com\/de\/wp-json\/wp\/v2\/posts"}],"about":[{"href":"https:\/\/www.europesays.com\/de\/wp-json\/wp\/v2\/types\/post"}],"author":[{"embeddable":true,"href":"https:\/\/www.europesays.com\/de\/wp-json\/wp\/v2\/users\/2"}],"replies":[{"embeddable":true,"href":"https:\/\/www.europesays.com\/de\/wp-json\/wp\/v2\/comments?post=321228"}],"version-history":[{"count":0,"href":"https:\/\/www.europesays.com\/de\/wp-json\/wp\/v2\/posts\/321228\/revisions"}],"wp:featuredmedia":[{"embeddable":true,"href":"https:\/\/www.europesays.com\/de\/wp-json\/wp\/v2\/media\/321229"}],"wp:attachment":[{"href":"https:\/\/www.europesays.com\/de\/wp-json\/wp\/v2\/media?parent=321228"}],"wp:term":[{"taxonomy":"category","embeddable":true,"href":"https:\/\/www.europesays.com\/de\/wp-json\/wp\/v2\/categories?post=321228"},{"taxonomy":"post_tag","embeddable":true,"href":"https:\/\/www.europesays.com\/de\/wp-json\/wp\/v2\/tags?post=321228"}],"curies":[{"name":"wp","href":"https:\/\/api.w.org\/{rel}","templated":true}]}}