{"id":321230,"date":"2025-08-05T15:12:12","date_gmt":"2025-08-05T15:12:12","guid":{"rendered":"https:\/\/www.europesays.com\/de\/321230\/"},"modified":"2025-08-05T15:12:12","modified_gmt":"2025-08-05T15:12:12","slug":"fan-protest-wegen-gaza-posts-fortuna-duesseldorf-laesst-transfer-nach-medizincheck-platzen","status":"publish","type":"post","link":"https:\/\/www.europesays.com\/de\/321230\/","title":{"rendered":"Fan-Protest wegen Gaza-Posts: Fortuna D\u00fcsseldorf l\u00e4sst Transfer nach Medizincheck platzen"},"content":{"rendered":"<p>                    Fan-Protest wegen Gaza-Posts<br \/>\n                Fortuna D\u00fcsseldorf l\u00e4sst Transfer nach Medizincheck platzen<\/p>\n<p>\t\t\t\t              05.08.2025, 16:00 Uhr<\/p>\n<p><strong>Fortuna D\u00fcsseldorf ist sich mit dem Spieler einig, mit dem Klub einig, sogar der Medizincheck ist schon durch &#8211; und dann f\u00e4llt der Transfer doch noch flach: Shon Weissman wird nicht der neue St\u00fcrmer des Fu\u00dfball-Zweitligisten. Der Israeli stolpert \u00fcber hetzende Posts gegen Pal\u00e4stinenser. <\/strong><\/p>\n<p>Er sollte der neue St\u00fcrmer von Fortuna D\u00fcsseldorf werden: Shon Weissman war sogar schon beim Medizincheck des Fu\u00dfball-Zweitligisten, das best\u00e4tigte der Klub ntv\/RTL. Nun aber wird der Israeli doch nicht Neuzugang beim Traditionsklub. &#8222;Wir haben uns intensiv mit Shon Weissman besch\u00e4ftigt, uns aber final entschieden, von einer Verpflichtung abzusehen&#8220;, teilte Fortuna mit. <\/p>\n<p>Dahinter steckt mehr, als es zun\u00e4chst klingt. Denn nach den Berichten um den bevorstehenden Wechsel des israelischen Nationalspielers gab es Fan-Proteste gegen den Transfer. Ausl\u00f6ser waren Social-Media-Aktivit\u00e4ten Weissmans nach dem Angriff der Hamas auf Israel am 7. Oktober 2023. Der St\u00fcrmer, der in Granada unter Vertrag steht, postete und likte Beitr\u00e4ge, die Berichten zufolge teils menschenverachtend waren. Laut &#8222;Il Mattino&#8220; forderte Weissman die sofortige Ausl\u00f6schung Gazas mit &#8222;200 Tonnen Bomben&#8220; und teilte hetzende Aussagen gegen Pal\u00e4stinenser. <\/p>\n<p>Weissmans Inhalte waren schnell nach dem Posten wieder gel\u00f6scht worden, Berichten zufolge wurde die Schuld auf den Social-Media-Manager abgew\u00e4lzt. Weissman war dennoch bei den spanischen Beh\u00f6rden gemeldet worden &#8211; auch Granada-Fans forderten den Rauswurf des St\u00fcrmers. <\/p>\n<p>Petition durch Fortuna-Fans<\/p>\n<p>Fortuna-Fans starteten sogar eine Petition gegen eine Verpflichtung durch ihren Klub: &#8222;Ein Vertrag mit ihm k\u00f6nnte der Glaubw\u00fcrdigkeit des Vereins und seiner Fangemeinde, die Vielfalt und Gemeinschaft leben, schaden. Es gibt viele talentierte Spieler, die den Geist und die Ethik unseres Vereins besser widerspiegeln. In einer Gesellschaft, die immer noch gegen Intoleranz und Diskriminierung k\u00e4mpft, ist es unerl\u00e4sslich, dass Sport, insbesondere Fu\u00dfball, eine Plattform ist, die Einheit und Respekt f\u00f6rdert.&#8220;<\/p>\n<p>  <a href=\"https:\/\/www.europesays.com\/de\/wp-content\/uploads\/2025\/08\/1754320630_563_Kombi-Hinweis-Topspiel-Highlights-16zu9.jpg\">     <img decoding=\"async\" alt=\"Kombi-Hinweis Topspiel_Highlights_16zu9.jpg\" src=\"https:\/\/www.europesays.com\/de\/wp-content\/uploads\/2025\/08\/1754320630_563_Kombi-Hinweis-Topspiel-Highlights-16zu9.jpg\" class=\"lazyload\"\/>  <\/a>     <\/p>\n<p>Fortuna hatte auf Kritik bei X noch am Montag geantwortet: &#8222;Menschen, die man nicht kennt, anhand eines Wikipedia-Artikels bewerten?! Passt eigentlich nicht zu unserer Bubble \u2026&#8220; Nun aber kam es zur Meinungs\u00e4nderung der Fortuna-Verantwortlichen, obwohl in den Gespr\u00e4chen mit Weissman auch die Gaza-Posts Thema gewesen sein sollen und sich der 29-J\u00e4hrige darauf berief, im Affekt gehandelt zu haben. <\/p>\n<p>Weissman reagiert bei Instagram<\/p>\n<p>Nach dem geplatzten Transfer reagierte Weissman in den sozialen Netzwerken. &#8222;W\u00e4hrend ich jede Kritik akzeptiere, schmerzt es mich, dass der gesamte Kontext nicht ber\u00fccksichtigt wurde&#8220;, schrieb Weissman in einem ausf\u00fchrlichen Statement bei Instagram. Er lasse sich nicht als jemand darstellen, der Hass sch\u00fcre.<\/p>\n<p>Fortuna D\u00fcsseldorf h\u00e4tte rund 500.000 Euro Abl\u00f6se f\u00fcr den Israeli zahlen sollen, weit weniger als der Marktwert von 1,2 Millionen Euro. Weissmans Vertrag in Granada l\u00e4uft nur noch bis zum kommenden Sommer, das jetzige Transferfenster w\u00e4re f\u00fcr den spanischen Klub die letzte Chance auf eine ad\u00e4quate Abl\u00f6se. Beim spanischen Zweitligisten Granada absolvierte Weissman in den vergangenen zweieinhalb Jahren 50 Spiele und schoss sechs Tore, zwei weitere bereitete er vor. Weissman war im Januar 2023 zun\u00e4chst auf Leihbasis von Real Valladolid gekommen und im Sommer dann f\u00fcr 3,5 Millionen Euro fest verpflichtet worden. In der R\u00fcckrunde 2023\/24 hatte er f\u00fcr US Salernitana in Italien gespielt. Wo und wie es f\u00fcr den Israeli nun weitergeht, ist unklar.<\/p>\n<p>D\u00fcsseldorf sucht nach der 1:5-Pleite zum Saisonauftakt am Samstagabend bei Arminia Bielefeld weiter nach einem Mittelst\u00fcrmer. Dawid Kownacki (zu Hertha BSC) und Isak Johannesson (1. FC K\u00f6ln) haben den Verein im Sommer verlassen.<\/p>\n","protected":false},"excerpt":{"rendered":"Fan-Protest wegen Gaza-Posts Fortuna D\u00fcsseldorf l\u00e4sst Transfer nach Medizincheck platzen 05.08.2025, 16:00 Uhr Fortuna D\u00fcsseldorf ist sich mit&hellip;\n","protected":false},"author":2,"featured_media":321231,"comment_status":"","ping_status":"","sticky":false,"template":"","format":"standard","meta":{"footnotes":""},"categories":[136],"tags":[8559,29,3132,347,739,30,411,265],"class_list":{"0":"post-321230","1":"post","2":"type-post","3":"status-publish","4":"format-standard","5":"has-post-thumbnail","7":"category-sport","8":"tag-2-fussball-bundesliga","9":"tag-deutschland","10":"tag-fortuna-duesseldorf","11":"tag-fussball","12":"tag-gaza","13":"tag-germany","14":"tag-israel","15":"tag-sport"},"share_on_mastodon":{"url":"https:\/\/pubeurope.com\/@de\/114976807093991131","error":""},"_links":{"self":[{"href":"https:\/\/www.europesays.com\/de\/wp-json\/wp\/v2\/posts\/321230","targetHints":{"allow":["GET"]}}],"collection":[{"href":"https:\/\/www.europesays.com\/de\/wp-json\/wp\/v2\/posts"}],"about":[{"href":"https:\/\/www.europesays.com\/de\/wp-json\/wp\/v2\/types\/post"}],"author":[{"embeddable":true,"href":"https:\/\/www.europesays.com\/de\/wp-json\/wp\/v2\/users\/2"}],"replies":[{"embeddable":true,"href":"https:\/\/www.europesays.com\/de\/wp-json\/wp\/v2\/comments?post=321230"}],"version-history":[{"count":0,"href":"https:\/\/www.europesays.com\/de\/wp-json\/wp\/v2\/posts\/321230\/revisions"}],"wp:featuredmedia":[{"embeddable":true,"href":"https:\/\/www.europesays.com\/de\/wp-json\/wp\/v2\/media\/321231"}],"wp:attachment":[{"href":"https:\/\/www.europesays.com\/de\/wp-json\/wp\/v2\/media?parent=321230"}],"wp:term":[{"taxonomy":"category","embeddable":true,"href":"https:\/\/www.europesays.com\/de\/wp-json\/wp\/v2\/categories?post=321230"},{"taxonomy":"post_tag","embeddable":true,"href":"https:\/\/www.europesays.com\/de\/wp-json\/wp\/v2\/tags?post=321230"}],"curies":[{"name":"wp","href":"https:\/\/api.w.org\/{rel}","templated":true}]}}