{"id":321236,"date":"2025-08-05T15:15:11","date_gmt":"2025-08-05T15:15:11","guid":{"rendered":"https:\/\/www.europesays.com\/de\/321236\/"},"modified":"2025-08-05T15:15:11","modified_gmt":"2025-08-05T15:15:11","slug":"es-geht-nur-noch-um-schadensbegrenzung-der-traum-vom-weltkonzern-zf-ist-ausgetraeumt-suedkurier","status":"publish","type":"post","link":"https:\/\/www.europesays.com\/de\/321236\/","title":{"rendered":"Es geht nur noch um Schadensbegrenzung: Der Traum vom Weltkonzern ZF ist ausgetr\u00e4umt &#8211; S\u00fcdkurier"},"content":{"rendered":"<ol>\n<li><a href=\"https:\/\/news.google.com\/rss\/articles\/CBMi8AFBVV95cUxQRF9VeXBybEJSY3FrMjQ3RWlsekl0YWhucnpEeTR4UzJadWdtY0pQcWs1MWVrNTVtSnJEdVJYYnNoUnNhNlQ4ZGZxVi1Iam40WUNDQU9uYllJWXE1MURLMTI0RUI5MC1VLXQxTTMyU0RJMkxCZ19rQ1NPVExSODFJbG1oYkZSUjMzWjFBajhtZzVYVHk4dVQ5MW5wd1JpWFB6WEdBVmxJNm54STloS28tQnFsb3diQmFtTjcwbF9YcnNoU25VQmEzYUZOVzVQQlBHY1VqcGRwb1lUZEdRcGFvb2M2cnp4U2NmeXF2Z0VFbHA?oc=5\" target=\"_blank\" rel=\"nofollow noopener\">Es geht nur noch um Schadensbegrenzung: Der Traum vom Weltkonzern ZF ist ausgetr\u00e4umt<\/a>&nbsp;&nbsp;S\u00fcdkurier<\/li>\n<li><a href=\"https:\/\/news.google.com\/rss\/articles\/CBMi5AFBVV95cUxPU2I5N0RibkVJc0ZZVnZmMmJUa2ZRU0RmLVV1ZlZ4YnN0dEN4MVRvbnFmZ0JTSjNKS2VQOHZ2czJQMHZDTFcxMjlBV2piVklpXzBLNkUxYmw0WXFtU2lGRHJwWTdKN3B0dFgzWHRxcHBBNC1SeDAwUFFncjctMEk3NXFGRS1hcmF1NTJMQ3FBMVB3QjNUTTdfaXVGWFZuZGtfV19ZRkhaNHdtMm5qemVYVmVxZS0zRTBScFhtR2xVZkJPbzhBZWd5T285SGJTRzlvMWlsOHVpbjhXdDlwTkFHdEJDZjQ?oc=5\" target=\"_blank\" rel=\"nofollow noopener\">350 Mitarbeiter betroffen: ZF-Krise trifft n\u00e4chsten Standort \u2013 Saar-Unternehmen steht vor dem Aus<\/a>&nbsp;&nbsp;Saarbr\u00fccker Zeitung<\/li>\n<li><a href=\"https:\/\/news.google.com\/rss\/articles\/CBMiugFBVV95cUxOb19OX1lCRFRlWTBKSnN6UUtTbWlvam1GS2R5ckRESUpKU1Bsd2ZwV1RtRjAtODNQTjZ2Q1p3SUFGMW9lUF81THQ4clo1UWt5M1pBNlVVUkp0SGpNenE0RmtlNXdoQWNVY3FndWZ5R1Bpd1dGZUZWMUlyek9raTN6WmJJYnl5Y3I0M29JQVhNYzFXZ2ZEUlo0dzQ0OHFHRnFucG5TUUhOdmZNSUxyUzdZZWVCRmJ2Y2M2QVE?oc=5\" target=\"_blank\" rel=\"nofollow noopener\">Nach Halbjahreszahlen setzt Autozulieferer ZF strikten Sparkurs fort<\/a>&nbsp;&nbsp;heise online<\/li>\n<li><a href=\"https:\/\/news.google.com\/rss\/articles\/CBMisAFBVV95cUxPTVFFSXh4T1hMWDdtZ0lxUVJVTTNRWHVmbmhodWFRZEFwWkx5UmhuS2VPNlhjQ1psT2pycjZXaFlXQ1pmck5RSzlNT2x0Vl9EM2g1WWQyQlA0bGdvU041WjNVZXRpMnVmVl9VZWFUcDlpT29mT3hTT19EZ1A5SzAwdUY0OGZBV1dITlp1Y01Pc2FGRmg0NUdsaElFVV9MRWFNQWl0WjFpZHNiQ0lTR2tiUA?oc=5\" target=\"_blank\" rel=\"nofollow noopener\">Gewinneinbruch, Personalabbau, Abfindungen und Sparpakete: BW-Autoindustrie im Schlingerkurs<\/a>&nbsp;&nbsp;SWR<\/li>\n<li><a href=\"https:\/\/news.google.com\/rss\/articles\/CBMixgFBVV95cUxQazlKQU9ydnBHSVZxdEp4MzJvRmx6OTRqNmVBNnVfSEY3LWlDb3lKWmFrU0lNMHRlbUg3NmVYbVBXRXJxazdFSmRfbHpaRXBFRHAwZE9hR1NiTW5yRXo4aDA3R3NhNFptdGxsOFNwRUJPb0MtcXhHVHRTUmJHYXlSSnVCM05TZUxPekh2YkpxRkpzSjJzR0xvaVp1Wmh3NGZnMWdwX1Y5dkZsUW1RY3pVUE82RVp2SWVlY2pPVnJXNjJfa0JEWFE?oc=5\" target=\"_blank\" rel=\"nofollow noopener\">Gespr\u00e4che mit ZF-Management \u00fcber Zukunft in Saarbr\u00fccken bis Dezember<\/a>&nbsp;&nbsp;SR.de<\/li>\n<\/ol>\n","protected":false},"excerpt":{"rendered":"Es geht nur noch um Schadensbegrenzung: Der Traum vom Weltkonzern ZF ist ausgetr\u00e4umt&nbsp;&nbsp;S\u00fcdkurier 350 Mitarbeiter betroffen: ZF-Krise trifft&hellip;\n","protected":false},"author":2,"featured_media":321237,"comment_status":"","ping_status":"","sticky":false,"template":"","format":"standard","meta":{"footnotes":""},"categories":[134],"tags":[175,170,169,29,30,171,174,173,172],"class_list":{"0":"post-321236","1":"post","2":"type-post","3":"status-publish","4":"format-standard","5":"has-post-thumbnail","7":"category-unternehmen-maerkte","8":"tag-business","9":"tag-companies","10":"tag-companies-markets","11":"tag-deutschland","12":"tag-germany","13":"tag-markets","14":"tag-maerkte","15":"tag-unternehmen","16":"tag-unternehmen-maerkte"},"share_on_mastodon":{"url":"https:\/\/pubeurope.com\/@de\/114976818906960040","error":""},"_links":{"self":[{"href":"https:\/\/www.europesays.com\/de\/wp-json\/wp\/v2\/posts\/321236","targetHints":{"allow":["GET"]}}],"collection":[{"href":"https:\/\/www.europesays.com\/de\/wp-json\/wp\/v2\/posts"}],"about":[{"href":"https:\/\/www.europesays.com\/de\/wp-json\/wp\/v2\/types\/post"}],"author":[{"embeddable":true,"href":"https:\/\/www.europesays.com\/de\/wp-json\/wp\/v2\/users\/2"}],"replies":[{"embeddable":true,"href":"https:\/\/www.europesays.com\/de\/wp-json\/wp\/v2\/comments?post=321236"}],"version-history":[{"count":0,"href":"https:\/\/www.europesays.com\/de\/wp-json\/wp\/v2\/posts\/321236\/revisions"}],"wp:featuredmedia":[{"embeddable":true,"href":"https:\/\/www.europesays.com\/de\/wp-json\/wp\/v2\/media\/321237"}],"wp:attachment":[{"href":"https:\/\/www.europesays.com\/de\/wp-json\/wp\/v2\/media?parent=321236"}],"wp:term":[{"taxonomy":"category","embeddable":true,"href":"https:\/\/www.europesays.com\/de\/wp-json\/wp\/v2\/categories?post=321236"},{"taxonomy":"post_tag","embeddable":true,"href":"https:\/\/www.europesays.com\/de\/wp-json\/wp\/v2\/tags?post=321236"}],"curies":[{"name":"wp","href":"https:\/\/api.w.org\/{rel}","templated":true}]}}