{"id":321242,"date":"2025-08-05T15:18:11","date_gmt":"2025-08-05T15:18:11","guid":{"rendered":"https:\/\/www.europesays.com\/de\/321242\/"},"modified":"2025-08-05T15:18:11","modified_gmt":"2025-08-05T15:18:11","slug":"paulaner-gewinnt-im-spezi-prozess-gegen-berentzen","status":"publish","type":"post","link":"https:\/\/www.europesays.com\/de\/321242\/","title":{"rendered":"Paulaner gewinnt im Spezi-Prozess gegen Berentzen"},"content":{"rendered":"<p class=\"metatextline\">Stand: 05.08.2025 16:29 Uhr<\/p>\n<p class=\"textabsatz columns twelve  m-ten  m-offset-one l-eight l-offset-two\">\n        <strong>Paulaner hat vor Gericht einen Sieg gegen den Konkurrenten Berentzen erzielt. Die Flaschen der Mio Mio &#8222;Cola+Orange Mische&#8220; sind den Spezi-Flaschen zu \u00e4hnlich. Das Urteil ist noch nicht rechtskr\u00e4ftig.<\/strong>\n    <\/p>\n<p class=\"textabsatz m-ten m-offset-one l-eight l-offset-two columns twelve\">\nPaulaner hat sich im Rechtsstreit um das Design einer Cola-Mix-Flasche gegen Berentzen durchgesetzt. Die Flaschen der &#8222;Mio Mio Cola+Orange Mische&#8220; des vor allem f\u00fcr Spirituosen bekannten Unternehmens aus Niedersachsen sind den Spezi-Flaschen der M\u00fcnchner Brauerei zu \u00e4hnlich, befand das Landgericht M\u00fcnchen I.<\/p>\n<p class=\"textabsatz m-ten m-offset-one l-eight l-offset-two columns twelve\">\nMio Mio muss den Verkauf des Getr\u00e4nks in diesem Design zu unterlassen, sonst drohe ein Ordnungsgeld von bis zu 250.000 Euro. Zudem m\u00fcsse Mio Mio Schadenersatz zahlen und alle bereits produzierten Flaschen in seinem Besitz vernichten. Das Urteil ist allerdings noch nicht rechtskr\u00e4ftig.<\/p>\n<p>    Farben als Herkunftsnachweis<\/p>\n<p class=\"textabsatz m-ten m-offset-one l-eight l-offset-two columns twelve\">\nDem Gericht ging es dabei nicht um die Frage, ob die beiden Flaschen verwechselt werden k\u00f6nnen, sondern darum, ob die farbliche Gestaltung Kunden auf die Idee bringen k\u00f6nnte, dass das Mio-Mio-Produkt mit Paulaner zusammengeh\u00f6re.\u00a0<\/p>\n<p class=\"textabsatz m-ten m-offset-one l-eight l-offset-two columns twelve\">\n&#8222;Wir freuen uns, dass das Gericht vollumf\u00e4nglich unserer Rechtsauffassung gefolgt ist&#8220;, sagte Birgit Zacher, Sprecherin von Paulaner. Man werde jetzt das Gespr\u00e4ch mit Berentzen suchen. Ob Paulaner auf der Vernichtung der bereits erzeugten Flaschen bestehen werde, sagte sie nicht, betont aber: &#8222;Uns geht es nicht darum, Schadenersatz zu verlangen, sondern darum, unsere Farbmarke zu sch\u00fctzen.&#8220;<\/p>\n<p class=\"textabsatz m-ten m-offset-one l-eight l-offset-two columns twelve\">\nLars Schmidt, Chef der Rechtsabteilung bei Paulaner, hatte im Vorfeld der S\u00fcddeutschen Zeitung gesagt, die F\u00fcnf-Farben-Welle diene als Herkunftsnachweis. Gehe man nicht gegen \u00e4hnliche Produkte vor, untergrabe man die eigene juristische Position und k\u00f6nne sich dann nicht mehr wehren, wenn andere Hersteller ein optisch \u00e4hnliches Produkt auf den Markt br\u00e4chten.<\/p>\n<p>    Worum gestritten wurde<\/p>\n<p class=\"textabsatz m-ten m-offset-one l-eight l-offset-two columns twelve\">\nPaulaner hat das Wellendesign seiner Flasche in den Farben gelb, orange, rot, pink und lila sch\u00fctzen lassen und sah seine Rechte durch das Design des Emsl\u00e4nder Getr\u00e4nkeherstellers Berentzen verletzt. Auch auf dem Etikett der Mische gebe es eine geschwungene Gestaltung, argumentierte das M\u00fcnchner Unternehmen vor Gericht. Und vergleiche man die Farben mit denen auf der Mio-Mio-Flasche, seien sie teilweise mit dem blo\u00dfen Auge nicht zu unterscheiden. Zu 100 Prozent identisch sind die Farben aber nicht. Grunds\u00e4tzlich argumentiert die Brauerei, dass Farben oder Farbkombinationen dann zur Marke werden, wenn sie vom Kunden als Herkunftsnachweis verstanden werden.<\/p>\n<p class=\"textabsatz m-ten m-offset-one l-eight l-offset-two columns twelve\">\nBerentzen, das vor allem f\u00fcr Spirituosen wie &#8222;Apfelkorn&#8220; bekannt ist, hatte argumentiert, dass farbenfrohe Gestaltung bei Cola-Mix-Getr\u00e4nken h\u00e4ufig vorkomme. Es sei abwegig, dass der Verbraucher im Supermarkt wegen Farben und Formen auf die Idee komme, dass Mio Mio mit Paulaner zusammengeh\u00f6re. Zudem habe man nun mal Kreise und keine Wellen auf seiner Flasche abgebildet. Die Idee dazu soll von einer \u00e4hnlich gestalteten Tapete im ehemaligen Studentenzimmer des heutigen Marketingchefs kommen.<\/p>\n<p class=\"textabsatz m-ten m-offset-one l-eight l-offset-two columns twelve\">\nDer Paulaner-Anwalt hielt die Tapete in der m\u00fcndlichen Verhandlung Anfang Juli dagegen f\u00fcr irrelevant. Rein rechtlich gehe es um die Frage, ob Berentzen eigene und \u00e4ltere Gegenrechte habe &#8211; die entst\u00fcnden aber nicht durch die Existenz einer Tapete an der Wand.<\/p>\n<p>    Nicht das erste Spezi-Verfahren<\/p>\n<p class=\"textabsatz m-ten m-offset-one l-eight l-offset-two columns twelve\">\nEs ist nicht das erste Mal, dass Paulaner die Konkurrenz wegen des Spezi-Designs verklagt. Erst im M\u00e4rz hatte das Landgericht in einem \u00e4hnlichen Fall zugunsten der M\u00fcnchner entschieden. Damals war es um die &#8222;Brauerlimo&#8220; der Homburger Karlsberg Brauerei gegangen. Das Gericht wertete die Farbgestaltung damals als Herkunftshinweis.<\/p>\n<p class=\"textabsatz m-ten m-offset-one l-eight l-offset-two columns twelve\">\n2022 war Paulaner in einem anderen Spezi-Streit dagegen selbst der Beklagte, damals ging es um den Namen Spezi. Die Augsburger Brauerei Riegele hatte sich den Markennamen Spezi, unter dem sie selbst ein Cola-Mischgetr\u00e4nk verkauft, 1956 rechtlich gesichert. Um sein Cola-Orangen-Mix-Getr\u00e4nk auch &#8222;Spezi&#8220; nennen zu d\u00fcrfen, schloss Paulaner im Jahr 1974 eine Vereinbarung mit Riegele und zahlte den &#8222;Spezi&#8220;-Erfindern einmalig 10.000 Mark. Riegele hatte diese Vereinbarung 2022 aufgek\u00fcndigt und wollte die Zahlung j\u00e4hrlicher Lizenzgeb\u00fchren erreichen. In erster Instanz gewann Paulaner, eine Berufung zog Riegele zur\u00fcck.<\/p>\n","protected":false},"excerpt":{"rendered":"Stand: 05.08.2025 16:29 Uhr Paulaner hat vor Gericht einen Sieg gegen den Konkurrenten Berentzen erzielt. Die Flaschen der&hellip;\n","protected":false},"author":2,"featured_media":321243,"comment_status":"","ping_status":"","sticky":false,"template":"","format":"standard","meta":{"footnotes":""},"categories":[5],"tags":[91490,13,91491,14,15,63492,12,91492,10,8,9,11],"class_list":{"0":"post-321242","1":"post","2":"type-post","3":"status-publish","4":"format-standard","5":"has-post-thumbnail","7":"category-nachrichten","8":"tag-berentzen","9":"tag-headlines","10":"tag-mio-mio-colaorange","11":"tag-nachrichten","12":"tag-news","13":"tag-paulaner","14":"tag-schlagzeilen","15":"tag-spezi","16":"tag-top-news","17":"tag-top-meldungen","18":"tag-topmeldungen","19":"tag-topnews"},"share_on_mastodon":{"url":"https:\/\/pubeurope.com\/@de\/114976830575510543","error":""},"_links":{"self":[{"href":"https:\/\/www.europesays.com\/de\/wp-json\/wp\/v2\/posts\/321242","targetHints":{"allow":["GET"]}}],"collection":[{"href":"https:\/\/www.europesays.com\/de\/wp-json\/wp\/v2\/posts"}],"about":[{"href":"https:\/\/www.europesays.com\/de\/wp-json\/wp\/v2\/types\/post"}],"author":[{"embeddable":true,"href":"https:\/\/www.europesays.com\/de\/wp-json\/wp\/v2\/users\/2"}],"replies":[{"embeddable":true,"href":"https:\/\/www.europesays.com\/de\/wp-json\/wp\/v2\/comments?post=321242"}],"version-history":[{"count":0,"href":"https:\/\/www.europesays.com\/de\/wp-json\/wp\/v2\/posts\/321242\/revisions"}],"wp:featuredmedia":[{"embeddable":true,"href":"https:\/\/www.europesays.com\/de\/wp-json\/wp\/v2\/media\/321243"}],"wp:attachment":[{"href":"https:\/\/www.europesays.com\/de\/wp-json\/wp\/v2\/media?parent=321242"}],"wp:term":[{"taxonomy":"category","embeddable":true,"href":"https:\/\/www.europesays.com\/de\/wp-json\/wp\/v2\/categories?post=321242"},{"taxonomy":"post_tag","embeddable":true,"href":"https:\/\/www.europesays.com\/de\/wp-json\/wp\/v2\/tags?post=321242"}],"curies":[{"name":"wp","href":"https:\/\/api.w.org\/{rel}","templated":true}]}}