{"id":321244,"date":"2025-08-05T15:19:10","date_gmt":"2025-08-05T15:19:10","guid":{"rendered":"https:\/\/www.europesays.com\/de\/321244\/"},"modified":"2025-08-05T15:19:10","modified_gmt":"2025-08-05T15:19:10","slug":"mann-in-halle-von-mehreren-personen-attackiert-verletzt-und-ausgeraubt","status":"publish","type":"post","link":"https:\/\/www.europesays.com\/de\/321244\/","title":{"rendered":"Mann in Halle von mehreren Personen attackiert, verletzt und ausgeraubt"},"content":{"rendered":"<p class=\"fp-paragraph\"><strong>Halle (Saale).<\/strong> &#8211; Ein Mann ist am Montag zwischen 20 und 21 Uhr in der Ernst-Hermann-Meyer-Stra\u00dfe in Halle ausgeraubt worden, teilt die Polizei mit.<\/p>\n<p class=\"fp-paragraph\">Demnach habe sich eine Gruppe dem Mann gen\u00e4hert und ihn sofort mit nicht n\u00e4her benannten, gef\u00e4hrlichen Gegenst\u00e4nden attackiert. Dabei wurde er verletzt. Anschlie\u00dfend wurde ihm sein Rucksack und sein Fahrrad gestohlen, so die Polizei.<\/p>\n<p class=\"fp-paragraph\">Die Angreifer seien dann gefl\u00fcchtet. Die Ermittlungen zu den Tatverd\u00e4chtigen dauern an.<\/p>\n","protected":false},"excerpt":{"rendered":"Halle (Saale). &#8211; Ein Mann ist am Montag zwischen 20 und 21 Uhr in der Ernst-Hermann-Meyer-Stra\u00dfe in Halle&hellip;\n","protected":false},"author":2,"featured_media":321245,"comment_status":"","ping_status":"","sticky":false,"template":"","format":"standard","meta":{"footnotes":""},"categories":[1860],"tags":[3364,29,548,663,3934,30,4062,17332,13,14,15,17331,860,12],"class_list":{"0":"post-321244","1":"post","2":"type-post","3":"status-publish","4":"format-standard","5":"has-post-thumbnail","7":"category-halle-saale","8":"tag-de","9":"tag-deutschland","10":"tag-eu","11":"tag-europa","12":"tag-europe","13":"tag-germany","14":"tag-halle","15":"tag-halle-saale","16":"tag-headlines","17":"tag-nachrichten","18":"tag-news","19":"tag-saale","20":"tag-sachsen-anhalt","21":"tag-schlagzeilen"},"share_on_mastodon":{"url":"https:\/\/pubeurope.com\/@de\/114976834490793330","error":""},"_links":{"self":[{"href":"https:\/\/www.europesays.com\/de\/wp-json\/wp\/v2\/posts\/321244","targetHints":{"allow":["GET"]}}],"collection":[{"href":"https:\/\/www.europesays.com\/de\/wp-json\/wp\/v2\/posts"}],"about":[{"href":"https:\/\/www.europesays.com\/de\/wp-json\/wp\/v2\/types\/post"}],"author":[{"embeddable":true,"href":"https:\/\/www.europesays.com\/de\/wp-json\/wp\/v2\/users\/2"}],"replies":[{"embeddable":true,"href":"https:\/\/www.europesays.com\/de\/wp-json\/wp\/v2\/comments?post=321244"}],"version-history":[{"count":0,"href":"https:\/\/www.europesays.com\/de\/wp-json\/wp\/v2\/posts\/321244\/revisions"}],"wp:featuredmedia":[{"embeddable":true,"href":"https:\/\/www.europesays.com\/de\/wp-json\/wp\/v2\/media\/321245"}],"wp:attachment":[{"href":"https:\/\/www.europesays.com\/de\/wp-json\/wp\/v2\/media?parent=321244"}],"wp:term":[{"taxonomy":"category","embeddable":true,"href":"https:\/\/www.europesays.com\/de\/wp-json\/wp\/v2\/categories?post=321244"},{"taxonomy":"post_tag","embeddable":true,"href":"https:\/\/www.europesays.com\/de\/wp-json\/wp\/v2\/tags?post=321244"}],"curies":[{"name":"wp","href":"https:\/\/api.w.org\/{rel}","templated":true}]}}