{"id":321248,"date":"2025-08-05T15:21:11","date_gmt":"2025-08-05T15:21:11","guid":{"rendered":"https:\/\/www.europesays.com\/de\/321248\/"},"modified":"2025-08-05T15:21:11","modified_gmt":"2025-08-05T15:21:11","slug":"bei-holstein-kiel-schnell-vom-neuzugang-zum-startelfspieler","status":"publish","type":"post","link":"https:\/\/www.europesays.com\/de\/321248\/","title":{"rendered":"Bei Holstein Kiel schnell vom Neuzugang zum Startelfspieler"},"content":{"rendered":"<p class=\"Textstyled__Text-sc-1cqv9mi-0 cLyiiX\">Kiel. Kasper Davidsen kam im Sommer von Aalborg BK zum Fu\u00dfball-Zweitligisten <a href=\"https:\/\/www.kn-online.de\/themen\/holstein-kiel\/\" target=\"_self\" rel=\"nofollow noopener\" title=\"https:\/\/www.kn-online.de\/themen\/holstein-kiel\/\" data-vars-event-category=\"intext_link\" data-vars-event-action=\"click\" data-vars-event-label=\"https:\/\/www.kn-online.de\/themen\/holstein-kiel\/\">Holstein Kiel<\/a>, stand als Neuzugang gegen den SC Paderborn direkt in der Startelf. Eine Entwicklung, mit der der 20-j\u00e4hrige D\u00e4ne nicht zwangsl\u00e4ufig gerechnet hat. \u201eIch bin einfach mit einer sehr positiven Einstellung nach Kiel gekommen und habe hart gearbeitet\u201c, sagt Davidsen. \u201eIch habe nicht automatisch damit gerechnet, von Beginn an zu spielen, aber ich habe alles daf\u00fcr getan.\u201c<\/p>\n<p>Weiterlesen nach der Anzeige<\/p>\n<p>Weiterlesen nach der Anzeige<\/p>\n<p class=\"Textstyled__Text-sc-1cqv9mi-0 cLyiiX\">Dabei war eine gewisse Umgew\u00f6hnung n\u00f6tig. Denn obwohl der Fu\u00dfball in Deutschland seiner Ansicht nach dem d\u00e4nischen sehr \u00e4hnelt, unterscheidet er sich in einem entscheidenden Punkt: der Intensit\u00e4t. \u201eDaran muss ich mich auch noch ein wenig gew\u00f6hnen\u201c, sagt der Mann f\u00fcrs defensive Mittelfeld. \u201eEs gibt bei mir definitiv Potenzial, besser zu werden. Aber ich bin noch jung und kann noch lernen.\u201c Mit seinem Deb\u00fct war er aber zufrieden.<\/p>\n<p>Davidsen vor Bielefeld-Spiel: \u201eM\u00fcssen konzentriert verteidigen\u201c<\/p>\n<p class=\"Textstyled__Text-sc-1cqv9mi-0 cLyiiX\">F\u00fcr den Rechtsfu\u00df ist die Liga eine neue Erfahrung. \u201eIn D\u00e4nemark habe ich eher die Bundesliga verfolgt. Aber ich wei\u00df, dass es auch in der Zweiten Liga einige gro\u00dfe Vereine gibt\u201c, sagt Davidsen. Die einzelnen Spieler kennt er noch nicht so gut, aber ihm ist bewusst, dass das Leistungsgef\u00e4lle zwischen den Vereinen nicht so gro\u00df ist. \u201eUm ehrlich zu sein, mache ich mir auch nicht so viele Gedanken dar\u00fcber, gegen wen wir spielen. Wir werden taktisch gut auf sie eingestellt sein.\u201c<\/p>\n<p>Weiterlesen nach der Anzeige<\/p>\n<p>Weiterlesen nach der Anzeige<\/p>\n<blockquote><p>\u201eIch mache mir nicht so viele Gedanken dar\u00fcber, gegen wen wir spielen. Wir werden taktisch gut auf sie eingestellt sein.\u201c<\/p><\/blockquote>\n<p class=\"Quotestyled__Author-sc-q277fq-1 hfNZxo\">Kasper Davidsen<\/p>\n<p class=\"Quotestyled__AuthorDescription-sc-q277fq-2 kncpVQ\">Holstein Kiel<\/p>\n<p class=\"Textstyled__Text-sc-1cqv9mi-0 cLyiiX\">Er habe nicht alle Spiele der Zweiten Liga am vergangenen Wochenende gesehen, darunter aber den 5:1-Sieg des kommenden Gegners Arminia Bielefeld gegen Fortuna D\u00fcsseldorf. \u201eGenerell ist es in dieser Liga sehr wichtig, konzentriert zu verteidigen, weil die Spiele \u00e4u\u00dferst knapp sind\u201c, sagt Davidsen. Auch bei dem Kantersieg der Ostwestfalen sei die Partie seiner Ansicht nach bis zum F\u00fchrungstreffer der Arminen ausgeglichen gewesen. \u201eSteven Skrzybski hat mir erz\u00e4hlt, dass das in dieser Saison bei vielen Spielen der Fall sein wird.\u201c Nach dem F\u00fchrungstreffer f\u00fcr Bielefeld sei die Abwehr der Fortunen deutlich l\u00f6chriger gewesen.<\/p>\n<p>D\u00e4ne f\u00fchlt sich bei Holstein gut in Mannschaft integriert<\/p>\n<p class=\"Textstyled__Text-sc-1cqv9mi-0 cLyiiX\">Dass Holstein den ersten Gegentreffer nach einem Eckball kassierte, w\u00e4hrend die Arminia gleich zweimal nach einer Ecke traf, bereitet dem jungen D\u00e4nen keine besonderen Sorgen. \u201eWir haben eigentlich gen\u00fcgend Spieler, die den Ball blocken k\u00f6nnen. Gegen Paderborn h\u00e4tten wir es einfach besser verteidigen m\u00fcssen.\u201c Unabh\u00e4ngig davon sei es aber generell sinnvoll, das Verteidigen von Standards im Training immer weiter zu perfektionieren.<\/p>\n<p class=\"Textstyled__Text-sc-1cqv9mi-0 cLyiiX\">Insgesamt f\u00fchlt sich der d\u00e4nische Mittelfeldspieler bereits gut in die Mannschaft und das Spielsystem integriert. Dabei hatte er in Aalborg lange in einer anderen taktischen Grundordnung gespielt. \u201eF\u00fcr die letzten f\u00fcnf Saisonspiele hatten wir jedoch einen neuen Coach. Dessen System war nicht exakt das gleiche wie in Kiel, dem von Marcel Rapp aber doch sehr \u00e4hnlich\u201c, berichtet Davidsen.<\/p>\n<p>Vorfreude auf Fans im Holstein-Stadion <\/p>\n<p class=\"Textstyled__Text-sc-1cqv9mi-0 cLyiiX\">Auch abseits des Platzes fiel dem 20-J\u00e4hrigen die Eingew\u00f6hnung an der F\u00f6rde nicht sehr schwer. \u201eTats\u00e4chlich sind sich Aalborg und Kiel sehr \u00e4hnlich. Hier ist alles ein bisschen gr\u00f6\u00dfer, aber vieles ist wie in meiner d\u00e4nischen Heimat\u201c, erz\u00e4hlt Davidsen. Bereits bei seiner Vertragsunterzeichnung sei er in D\u00fcsternbrook an der F\u00f6rde spazieren gegangen und habe inzwischen auch die Str\u00e4nde kennengelernt.<\/p>\n<p>Weiterlesen nach der Anzeige<\/p>\n<p>Weiterlesen nach der Anzeige<\/p>\n<p class=\"Textstyled__Text-sc-1cqv9mi-0 cLyiiX\">Der D\u00e4ne war bereits im Holstein-Stadion, allerdings noch nicht zu einem Spiel. Umso mehr brennt er auf den Heimauftakt am Sonnabend. \u201eIch freue mich unglaublich darauf, die Fans zu sehen und die Atmosph\u00e4re zu sp\u00fcren.\u201c Denn im Vergleich zu seinem Heimatland gelte f\u00fcr die Atmosph\u00e4re dasselbe wie f\u00fcr das Spiel an sich: Die Intensit\u00e4t ist viel gr\u00f6\u00dfer.<\/p>\n<p class=\"Editorialstyled__Editorial-sc-5u8rgl-0 cBUuy\">KN<\/p>\n","protected":false},"excerpt":{"rendered":"Kiel. Kasper Davidsen kam im Sommer von Aalborg BK zum Fu\u00dfball-Zweitligisten Holstein Kiel, stand als Neuzugang gegen den&hellip;\n","protected":false},"author":2,"featured_media":321249,"comment_status":"","ping_status":"","sticky":false,"template":"","format":"standard","meta":{"footnotes":""},"categories":[1852],"tags":[3364,29,548,663,3934,30,13,4949,14,15,12,1971],"class_list":{"0":"post-321248","1":"post","2":"type-post","3":"status-publish","4":"format-standard","5":"has-post-thumbnail","7":"category-kiel","8":"tag-de","9":"tag-deutschland","10":"tag-eu","11":"tag-europa","12":"tag-europe","13":"tag-germany","14":"tag-headlines","15":"tag-kiel","16":"tag-nachrichten","17":"tag-news","18":"tag-schlagzeilen","19":"tag-schleswig-holstein"},"share_on_mastodon":{"url":"https:\/\/pubeurope.com\/@de\/114976842355579053","error":""},"_links":{"self":[{"href":"https:\/\/www.europesays.com\/de\/wp-json\/wp\/v2\/posts\/321248","targetHints":{"allow":["GET"]}}],"collection":[{"href":"https:\/\/www.europesays.com\/de\/wp-json\/wp\/v2\/posts"}],"about":[{"href":"https:\/\/www.europesays.com\/de\/wp-json\/wp\/v2\/types\/post"}],"author":[{"embeddable":true,"href":"https:\/\/www.europesays.com\/de\/wp-json\/wp\/v2\/users\/2"}],"replies":[{"embeddable":true,"href":"https:\/\/www.europesays.com\/de\/wp-json\/wp\/v2\/comments?post=321248"}],"version-history":[{"count":0,"href":"https:\/\/www.europesays.com\/de\/wp-json\/wp\/v2\/posts\/321248\/revisions"}],"wp:featuredmedia":[{"embeddable":true,"href":"https:\/\/www.europesays.com\/de\/wp-json\/wp\/v2\/media\/321249"}],"wp:attachment":[{"href":"https:\/\/www.europesays.com\/de\/wp-json\/wp\/v2\/media?parent=321248"}],"wp:term":[{"taxonomy":"category","embeddable":true,"href":"https:\/\/www.europesays.com\/de\/wp-json\/wp\/v2\/categories?post=321248"},{"taxonomy":"post_tag","embeddable":true,"href":"https:\/\/www.europesays.com\/de\/wp-json\/wp\/v2\/tags?post=321248"}],"curies":[{"name":"wp","href":"https:\/\/api.w.org\/{rel}","templated":true}]}}