{"id":321252,"date":"2025-08-05T15:23:11","date_gmt":"2025-08-05T15:23:11","guid":{"rendered":"https:\/\/www.europesays.com\/de\/321252\/"},"modified":"2025-08-05T15:23:11","modified_gmt":"2025-08-05T15:23:11","slug":"ki-wird-keine-schornsteine-fegen","status":"publish","type":"post","link":"https:\/\/www.europesays.com\/de\/321252\/","title":{"rendered":"\u201eKI wird keine Schornsteine fegen\u201c"},"content":{"rendered":"<p class=\"font-sans font-medium\">Braunschweig. Christian Malak arbeitet schon mit einem Chatbot und organisiert sich rein digital. Wie sich sein jahrhundertealter Beruf ver\u00e4ndert.<\/p>\n<p class=\"\">\u201eWir \u00fcben ein sehr altes Handwerk aus, das wir alle erlernt haben, weil wir mit unseren H\u00e4nden etwas schaffen wollen\u201c, sagt Christian Malak. Doch das traditionsreiche T\u00e4tigkeitsfeld der Schornsteinfeger, in unserer folkloristischen Vorstellung gepr\u00e4gt von Besen und schwarzem Ru\u00df, hat sich in den letzten Jahren stark gewandelt. \u201eDie Aufgaben haben sich durch die Energiewende ver\u00e4ndert, oder besser: erweitert\u201c, erkl\u00e4rt der Obermeister der Braunschweiger Schornsteinfeger-Innung und wirft einen Blick auf das, was ihn und viele Kollegen heute besch\u00e4ftigt: W\u00e4rmepumpen.<\/p>\n<p class=\"\">In den betreffenden Haushalten haben Schornsteinfeger per se erst einmal nichts zu tun, k\u00f6nnten aber bei der Umr\u00fcstung betreuen und regelm\u00e4\u00dfige Effizienz\u00fcberpr\u00fcfungen der neuen Anlagen durchf\u00fchren, so Malak. \u201eDas erfordert jedoch, dass wir uns anpassen: Wir brauchen neue Kenntnisse, Werkzeuge und F\u00e4higkeiten\u201c, betont der 40-J\u00e4hrige. \u201eDas ist wiederum ein Weg, den viele \u00e4ltere Kollegen nicht mehr mitgehen wollen.\u201c <\/p>\n<p> Briefe an tausende Braunschweiger Haushalte <\/p>\n<p class=\"\">Doch nicht nur die Technik rund ums Heizen hat das Schornsteinfegerhandwerk revolutioniert. \u201eDie gr\u00f6\u00dfte technische Entwicklung der letzten zehn bis 15 Jahre ist f\u00fcr uns ganz klar die Digitalisierung\u201c, sagt Malak. Zwei- bis dreitausend Haushalte betreut ein durchschnittlicher Schornsteinfegerbetrieb. Und w\u00e4hrend der Termin noch immer oft per K\u00e4rtchen im Briefkasten angek\u00fcndigt wird, l\u00e4uft dahinter vieles automatisiert ab. \u201eFr\u00fcher habe ich Berichte und Messergebnisse handschriftlich auf Karteikarten notiert\u201c, erinnert sich Malak, \u201eeine B\u00fcrokraft musste das abtippen. Die Datei wurde ausgedruckt, einget\u00fctet und die Briefmarke angeleckt.\u201c<\/p>\n<p class=\"\">Mittlerweile hat er ein papierloses B\u00fcro und dokumentiert alles direkt in einer App. Dank dieser branchen\u00fcblichen Tools bleibt mehr Zeit f\u00fcr die eigentliche Arbeit und Kundenkontakt.<\/p>\n<blockquote class=\"not-prose mx-auto my-6 w-4\/5 border-y border-stroke-100 py-6 pl-0 text-center\">\n<p class=\"font-sans font-serif text-xl text-copy-primary\">\u201eWir setzen modernste Technik ein und darauf sind wir stolz.\u201c<\/p>\n<p>      Christian Malak\n    <\/p><\/blockquote>\n<p>   In Braunschweig wurden Sch\u00fcttelflaschen eingesetzt, jetzt smarte Tools <\/p>\n<p class=\"\">Auch bei der technischen Ausr\u00fcstung hat das Handwerk Modernisierungsspr\u00fcnge erlebt. \u201eIn den 70er Jahren verwendeten wir Sch\u00fcttelflaschen zur Abgasmessung\u201c, erz\u00e4hlt Malak. In diesen musste der Sauerstoff- und Kohlenstoffanteil regelrecht \u201eausgewaschen\u201c werden, um die Ergebnisse zu ermitteln. Die aktuellen Messger\u00e4te seien schneller, zuverl\u00e4ssig und pr\u00e4zise. <\/p>\n<p class=\"\">Malak selbst zeigt sich begeistert von den technischen M\u00f6glichkeiten, die es inzwischen gibt. \u201eDas ist ein bisschen das innere Kind in mir\u201c, sagt er l\u00e4chelnd. \u201eVon der Apple Watch \u00fcber W\u00e4rmebildkameras und multifunktionale Messger\u00e4te bis hin zur Drohne \u2013 wir setzen modernste Technik ein, und ja, darauf sind wir auch stolz.\u201c Diesen Enthusiasmus nutzt er auch, um dringend ben\u00f6tigten Nachwuchs f\u00fcr seine Branche zu gewinnen.<\/p>\n<p>    Auch interessant<\/p>\n<p>    <img decoding=\"async\" src=\"https:\/\/www.europesays.com\/de\/wp-content\/uploads\/2025\/08\/409621492_1753713793_v1_1_200.jpeg\" class=\"block w-full object-cover relative z-10 aspect-[1\/1] \" alt=\"Reportage: Unterwegs mit der Stra\u00dfenreinigung von ALBA (22. Juli 2025)\" title=\"Unterwegs mit der Stra\u00dfenreinigung von Alba: Marc Lucki (links, mit Laubbl\u00e4ser) und Klaus-Peter Polanski (rechts, mit Rechen) sorgen f\u00fcr saubere Stra\u00dfen. \" loading=\"lazy\"\/><\/p>\n<p>   K\u00fcnstliche Intelligenz statt Kohlenstaub in Braunschweig <\/p>\n<p class=\"\">\u201eUnser \u00e4ltestes Sch\u00e4tzchen\u201c, sagt Malak und zeigt in seinem Arbeitszimmer auf ein etwas klobiges, graues, vielleicht 20 mal 10 Zentimeter gro\u00dfes Ger\u00e4t, \u201ehat jetzt 20 Jahre auf dem Buckel. Heute hat man Touchscreens, Farben, Symbole. Und Messger\u00e4te erfassen nicht nur eine gr\u00f6\u00dfere Bandbreite an Daten, sondern kombinieren zugleich verschiedene Funktionen. Unsere Arbeit wird dadurch schneller und effizienter.\u201c<\/p>\n<p class=\"\">Doch die Digitalisierung sei nur ein Aspekt der Transformation. Einen entscheidenden Treiber sieht Malak in K\u00fcnstlicher Intelligenz. Sie ver\u00e4ndere das Handwerk unter anderem bei der \u00dcberwachung von Verbrennungsprozessen, was bislang fest in den Aufgabenbereich der Schornsteinfeger geh\u00f6rte. \u201eDurch smarte Sensoren und KI reduzieren sich die \u00dcberpr\u00fcfungsintervalle, das merken wir immer mehr\u201c, sagt Malak und deutet voraus auf Entwicklungen, die sein Berufsbild nachhaltig pr\u00e4gen k\u00f6nnten.<\/p>\n<p>    <img decoding=\"async\" src=\"https:\/\/www.europesays.com\/de\/wp-content\/uploads\/2025\/08\/409627617_1754391436_v16_9_1200.jpeg\" class=\"block w-full object-cover relative z-10 aspect-[16\/9] \" alt=\"Schornsteinfeger Christian Malak\" title=\"Christian Malak hat einen eigenen Chatbot f\u00fcr die Bed\u00fcrfnisse der Schornsteinfeger-Zunft in Braunschweig und Region programmiert.\u00a0\" loading=\"lazy\"\/><\/p>\n<p>\n      Christian Malak hat einen eigenen Chatbot f\u00fcr die Bed\u00fcrfnisse der Schornsteinfeger-Zunft in Braunschweig und Region programmiert.\u00a0<br \/>\n      \u00a9 Funke Medien Niedersachsen | Torben Dietrich\n    <\/p>\n<p class=\"\">Dabei bleibt er selbst nicht blo\u00df Nutzer, sondern gestaltet aktiv mit. F\u00fcr die Braunschweiger Schornsteinfegerinnung entwickelt er einen Chatbot auf Basis von ChatGPT, trainiert mit Gesetzen, technischen Verordnungen und Bedienungsanleitungen f\u00fcr Heizungsanlagen, erg\u00e4nzt mit Bildmaterial und Sprachausgaben. \u201eSchornsteinfeger 5.0\u201c nennt er das Projekt.<\/p>\n<p>   Ihr Newsletter f\u00fcr Braunschweig &amp; Region<\/p>\n<p class=\"text-body2 mt-2\">Kostenlosen Newsletter bestellen und t\u00e4glich das Neueste aus der Region im Postfach lesen.<\/p>\n<p class=\"text-caption text-copy-secondary\">\n          Mit meiner Anmeldung zum Newsletter stimme ich der<br \/>\n          <a href=\"https:\/\/www.braunschweiger-zeitung.de\/229318664\" class=\"text-overline text-copy-accent-negative dark:underline\" rel=\"nofollow noopener\" target=\"_blank\">Werbevereinbarung<\/a><br \/>\n          zu.\n        <\/p>\n<p class=\"\">Erleichtern, im wahrsten Sinne des Wortes, k\u00f6nne K\u00fcnstliche Intelligenz zudem die Energieberatung. \u201eEin Beispiel? Die DIN 18599\u201c, erl\u00e4utert Malak. Diese Norm, rein physisch ein kaum handhabbares Monstrum aus 4400 kommentierten Seiten, ist die Grundlage f\u00fcr die energetische Bewertung eines Geb\u00e4udes. Statt den analogen Schm\u00f6ker zu w\u00e4lzen, lie\u00df Malak ihn als PDF in einen weiteren selbst modifizierten Chatbot einlaufen. Nun kann er, statt stundenlang zu suchen, gezielte Fragen stellen. \u201eIm Ergebnis habe ich dann immer einige Punkte, die sich darauf beziehen und mit denen ich arbeiten kann.\u201c <\/p>\n<p class=\"\">Ein weiteres Szenario: Der Schornsteinfeger macht ein Foto einer Raumecke, l\u00e4dt es in den Bot und fragt, welche Voraussetzungen f\u00fcr einen Kamin an dieser Stelle erf\u00fcllt werden m\u00fcssen. \u201eDie KI wird keine Schornsteine fegen. Aber Wissen l\u00e4sst sich ersetzen\u201c, gibt Malak zu bedenken. Bewerten wolle er diese Entwicklung gar nicht, er verstehe sie als Chance. \u201eAllerdings muss ich die Technologie in meine Abl\u00e4ufe integrieren, um wettbewerbsf\u00e4hig zu bleiben.\u201c<\/p>\n<p> Ru\u00df bleibt Ru\u00df &#8211; auch in Braunschweig  <\/p>\n<p class=\"\">Und beim Fegen der Schornsteine? Dem Job, der den Ru\u00df im Gesicht verteilt? \u201eSeit Jahrhunderten nutzen wir dazu mehr oder weniger identisches Werkzeug. Das ist noch heute so, das wird auch immer so bleiben\u201c, ist Malak \u00fcberzeugt. \u201eDer notwendige Blick auf den Ru\u00df, der Widerstand im Abzug, das Ger\u00e4usch \u2013 all das m\u00fcssen wir wahrnehmen und richtig einsch\u00e4tzen. Keine Digitalisierung wird daran je etwas \u00e4ndern.\u201c\u00a0<\/p>\n<p>              Lesen Sie mehr Wirtschaftsthemen aus der Region<\/p>\n","protected":false},"excerpt":{"rendered":"Braunschweig. Christian Malak arbeitet schon mit einem Chatbot und organisiert sich rein digital. Wie sich sein jahrhundertealter Beruf&hellip;\n","protected":false},"author":2,"featured_media":321253,"comment_status":"","ping_status":"","sticky":false,"template":"","format":"standard","meta":{"footnotes":""},"categories":[1850],"tags":[6429,3364,29,548,663,3934,30,13,14,15,1411,12],"class_list":{"0":"post-321252","1":"post","2":"type-post","3":"status-publish","4":"format-standard","5":"has-post-thumbnail","7":"category-braunschweig","8":"tag-braunschweig","9":"tag-de","10":"tag-deutschland","11":"tag-eu","12":"tag-europa","13":"tag-europe","14":"tag-germany","15":"tag-headlines","16":"tag-nachrichten","17":"tag-news","18":"tag-niedersachsen","19":"tag-schlagzeilen"},"share_on_mastodon":{"url":"https:\/\/pubeurope.com\/@de\/114976850267357188","error":""},"_links":{"self":[{"href":"https:\/\/www.europesays.com\/de\/wp-json\/wp\/v2\/posts\/321252","targetHints":{"allow":["GET"]}}],"collection":[{"href":"https:\/\/www.europesays.com\/de\/wp-json\/wp\/v2\/posts"}],"about":[{"href":"https:\/\/www.europesays.com\/de\/wp-json\/wp\/v2\/types\/post"}],"author":[{"embeddable":true,"href":"https:\/\/www.europesays.com\/de\/wp-json\/wp\/v2\/users\/2"}],"replies":[{"embeddable":true,"href":"https:\/\/www.europesays.com\/de\/wp-json\/wp\/v2\/comments?post=321252"}],"version-history":[{"count":0,"href":"https:\/\/www.europesays.com\/de\/wp-json\/wp\/v2\/posts\/321252\/revisions"}],"wp:featuredmedia":[{"embeddable":true,"href":"https:\/\/www.europesays.com\/de\/wp-json\/wp\/v2\/media\/321253"}],"wp:attachment":[{"href":"https:\/\/www.europesays.com\/de\/wp-json\/wp\/v2\/media?parent=321252"}],"wp:term":[{"taxonomy":"category","embeddable":true,"href":"https:\/\/www.europesays.com\/de\/wp-json\/wp\/v2\/categories?post=321252"},{"taxonomy":"post_tag","embeddable":true,"href":"https:\/\/www.europesays.com\/de\/wp-json\/wp\/v2\/tags?post=321252"}],"curies":[{"name":"wp","href":"https:\/\/api.w.org\/{rel}","templated":true}]}}