{"id":321254,"date":"2025-08-05T15:24:11","date_gmt":"2025-08-05T15:24:11","guid":{"rendered":"https:\/\/www.europesays.com\/de\/321254\/"},"modified":"2025-08-05T15:24:11","modified_gmt":"2025-08-05T15:24:11","slug":"schaefer-krauss-und-rahn-wuerdigen-verstorbenen-mill","status":"publish","type":"post","link":"https:\/\/www.europesays.com\/de\/321254\/","title":{"rendered":"Sch\u00e4fer, Krauss und Rahn w\u00fcrdigen verstorbenen Mill"},"content":{"rendered":"<p class=\"text_ohne_einzug richtext text-em-55 !leading-serif mx-6 desktop:mx-0\">Acht Minuten haben Frank Mill gefehlt, um f\u00fcr immer ein gro\u00dfer Pokalheld bei Borussia <a href=\"https:\/\/rp-online.de\/thema\/moenchengladbach\/\" target=\"_blank\" rel=\"noopener\">M\u00f6nchengladbach<\/a> zu sein. Vermutlich w\u00e4re das feine Kopfballtor, mit dem der St\u00fcrmer Gladbach am 31. Mai 1984 im Frankfurter Waldstadion nach 33 Minuten 1:0 in F\u00fchrung brachte, zu sehen gewesen am Samstag, als die Borussen gro\u00dfe Szenen der Klubgeschichte feierten zu ihrem 125. Geburtstag. Doch Wolfgang Dremmler glich in der 82. Minute aus, Borussia verlor im Elfmeterschie\u00dfen, da gab es das Drama um Lothar Matth\u00e4us\u2018 Fehlschuss.<\/p>\n","protected":false},"excerpt":{"rendered":"Acht Minuten haben Frank Mill gefehlt, um f\u00fcr immer ein gro\u00dfer Pokalheld bei Borussia M\u00f6nchengladbach zu sein. Vermutlich&hellip;\n","protected":false},"author":2,"featured_media":321255,"comment_status":"","ping_status":"","sticky":false,"template":"","format":"standard","meta":{"footnotes":""},"categories":[1849],"tags":[9835,3364,29,548,663,3934,30,13,4455,14,15,1209,12,91493],"class_list":{"0":"post-321254","1":"post","2":"type-post","3":"status-publish","4":"format-standard","5":"has-post-thumbnail","7":"category-moenchengladbach","8":"tag-borussia","9":"tag-de","10":"tag-deutschland","11":"tag-eu","12":"tag-europa","13":"tag-europe","14":"tag-germany","15":"tag-headlines","16":"tag-moenchengladbach","17":"tag-nachrichten","18":"tag-news","19":"tag-nordrhein-westfalen","20":"tag-schlagzeilen","21":"tag-winfried-schaefer"},"share_on_mastodon":{"url":"https:\/\/pubeurope.com\/@de\/114976854105717390","error":""},"_links":{"self":[{"href":"https:\/\/www.europesays.com\/de\/wp-json\/wp\/v2\/posts\/321254","targetHints":{"allow":["GET"]}}],"collection":[{"href":"https:\/\/www.europesays.com\/de\/wp-json\/wp\/v2\/posts"}],"about":[{"href":"https:\/\/www.europesays.com\/de\/wp-json\/wp\/v2\/types\/post"}],"author":[{"embeddable":true,"href":"https:\/\/www.europesays.com\/de\/wp-json\/wp\/v2\/users\/2"}],"replies":[{"embeddable":true,"href":"https:\/\/www.europesays.com\/de\/wp-json\/wp\/v2\/comments?post=321254"}],"version-history":[{"count":0,"href":"https:\/\/www.europesays.com\/de\/wp-json\/wp\/v2\/posts\/321254\/revisions"}],"wp:featuredmedia":[{"embeddable":true,"href":"https:\/\/www.europesays.com\/de\/wp-json\/wp\/v2\/media\/321255"}],"wp:attachment":[{"href":"https:\/\/www.europesays.com\/de\/wp-json\/wp\/v2\/media?parent=321254"}],"wp:term":[{"taxonomy":"category","embeddable":true,"href":"https:\/\/www.europesays.com\/de\/wp-json\/wp\/v2\/categories?post=321254"},{"taxonomy":"post_tag","embeddable":true,"href":"https:\/\/www.europesays.com\/de\/wp-json\/wp\/v2\/tags?post=321254"}],"curies":[{"name":"wp","href":"https:\/\/api.w.org\/{rel}","templated":true}]}}