{"id":321258,"date":"2025-08-05T15:26:13","date_gmt":"2025-08-05T15:26:13","guid":{"rendered":"https:\/\/www.europesays.com\/de\/321258\/"},"modified":"2025-08-05T15:26:13","modified_gmt":"2025-08-05T15:26:13","slug":"wiesbaden-telekom-setzt-glasfaserausbau-in-der-innenstadt-fort","status":"publish","type":"post","link":"https:\/\/www.europesays.com\/de\/321258\/","title":{"rendered":"Wiesbaden: Telekom setzt Glasfaserausbau in der Innenstadt fort"},"content":{"rendered":"<p class=\"date\">05.08.2025 \u2013 16:56<\/p>\n<p class=\"customer\">\n                        <a class=\"story-customer\" title=\"weiter zum newsroom von Deutsche Telekom AG\" href=\"https:\/\/www.presseportal.de\/nr\/9077\" rel=\"nofollow noopener\" target=\"_blank\">Deutsche Telekom AG<\/a>\n                    <\/p>\n<p><a class=\"glightbox event-trigger\" href=\"https:\/\/cache.pressmailing.net\/thumbnail\/story_hires\/f43eef56-64fa-44ea-9569-119aa4354181\/WhatsApp%20Image%202025-~05%20at%2013.42.07.jpeg.jpg\" data-description=\"Glasfaserausbau in Wiesbaden schreitet voran. &#010;Vlnr: Torben Kemmries Firma Gr\u00e4ff, Lars Brons Telekom, Tim Gr\u00e4ff Firma Gr\u00e4ff, Thomas Benzin Telekom, Frau Hinninger B\u00fcrgermeisterin Wiesbaden, Mohamed Chellioui Regionalmanager Telekom, Birgit Knetsch Referatsleitung Wirtschaft und Besch\u00e4ftigung Wiesbaden, Florian Frommhold Telekom, Johannes Baumann Telekom, Zvonimir Karin Telekom und Halil Pireci Telekom.&#010;Quelle: Mohamed Chellioui, Deutsche Telekom AG\" data-category=\"medialightbox\" data-action=\"click\" data-label=\"single\" data-value=\"68921b89270000fd2c225f98\" rel=\"nofollow noopener\" target=\"_blank\"><img decoding=\"async\" height=\"540\" with=\"720\" src=\"https:\/\/www.europesays.com\/de\/wp-content\/uploads\/2025\/08\/wiesbaden-telekom-setzt-glasfaserausbau-in-der-innenstadt-fort.jpeg\"   alt=\"Wiesbaden: Telekom setzt Glasfaserausbau in der Innenstadt fort\" class=\"single\"\/><\/a><\/p>\n<p><b>MEDIENINFORMATION<\/b><\/p>\n<p>Wiesbaden, 05. August 2025<\/p>\n<p>_______________________________________________________________<\/p>\n<p>Der Glasfaserausbau in der Wiesbadener Innenstadt steht in den Startl\u00f6chern. In K\u00fcrze schon k\u00f6nnen 13.349 Haushalte und Unternehmen das Glasfasernetz der Telekom nutzen. Das neue Glasfasernetz erm\u00f6glicht deutlich h\u00f6here Geschwindigkeiten bis 1.000 Megabit pro Sekunde. Der Ausbau soll bis ende 2027 abgeschlossen sein. Die Telekom wird mehr als 20 Kilometer Glasfaserkabel bis ins Haus verlegen und 35 neue Netzverteiler aufstellen. In den Stadtteilen Wiesbaden Mitte Nord, Rheingauviertel S\u00fcd, Biebrich und Westend sind die Arbeiten mittlerweile  abgeschlossen \u2013 dort wurden mehr als 36.100 Haushalte an das Glasfasernetz angeschlossen. Mit dem Glasfaseranschluss ist das heimische WLAN so stabil und zuverl\u00e4ssig, dass mehrere Personen gleichzeitig digital lernen und arbeiten, surfen, streamen und spielen k\u00f6nnen. Schon heute hat jeder Haushalt durchschnittlich mehr als zehn internetf\u00e4hige Ger\u00e4te \u2013 Tendenz steigend. Neben Smartphone, Tablet, Smart-TV und PC z\u00e4hlen dazu beispielsweise auch die Spiele-Konsole, der E-Book-Reader, der Saugroboter, Wechselrichter von Solaranlagen oder die Alarmanlage. Auch Betriebe k\u00f6nnen damit auf die stetig wachsenden digitalen Anforderungen flexibel reagieren.<\/p>\n<p>\u201eIch freue mich, dass der Glasfaserausbau in Wiesbaden weiter voranschreitet und nun auch die Innenstadt an der Reihe ist. Schnelles Internet geh\u00f6rt heutzutage zum Leben unserer B\u00fcrgerinnen und B\u00fcrger dazu \u2013 privat wie gesch\u00e4ftlich \u2013 und ist so wichtig wie Wasser und Energieversorgung. Ein modernes Netz verbessert die Wettbewerbsf\u00e4higkeit \u2013 insbesondere auch f\u00fcr international t\u00e4tige Unternehmen. Es f\u00f6rdert Innovationen, neue Arbeitsformen und auch eine moderne Verwaltung. Der der Glasfaserausbau in unserem Stadtgebiet liegt im gesamtst\u00e4dtischen Interesse\u201c, sagt B\u00fcrgermeisterin Christiane Hinninger.<\/p>\n<p>\u201eDie Glasfaser sorgt f\u00fcr ein stabiles WLAN. Den Hausanschluss bekommen Kunden kostenfrei, wenn sie einen Tarif buchen. Wer z\u00f6gert, muss sp\u00e4ter mit neuen Baustellen und Anschlussgeb\u00fchren rechnen\u201c, sagt Mohamed Chellioui, Regionalmanager der Telekom.<\/p>\n<p>Ob Glasfaser an der eigenen Adresse gebaut wird, l\u00e4sst sich ganz leicht auf  <a target=\"_blank\" class=\"uri-ext outbound\" rel=\"noopener nofollow\" href=\"http:\/\/www.telekom.de\/glasfaser\">www.telekom.de\/glasfaser<\/a> pr\u00fcfen.<\/p>\n<p>Beim Ausbau arbeiten die Stadt und die Telekom eng zusammen. Transparenz und professionelles Baustellenmanagement sind dabei oberstes Gebot. Um die Beeintr\u00e4chtigungen f\u00fcr die Anwohnerinnen und Anwohner so gering wie m\u00f6glich zu halten, wird in einzelnen Bauabschnitten vorgegangen.<\/p>\n<p><b>Was jetzt f\u00fcr Mieter und Eigent\u00fcmer wichtig ist<\/b><\/p>\n<p>Der Glasfaseranschluss kommt nicht von allein ins Haus. Wer zur Miete wohnt, muss lediglich einen Glasfaser-Tarif buchen:  <a target=\"_blank\" class=\"uri-ext outbound\" rel=\"noopener nofollow\" href=\"http:\/\/www.telekom.de\/glasfaser\">www.telekom.de\/glasfaser<\/a>. Die Telekom k\u00fcmmert sich um die Absprache mit dem Immobilienbesitzer, denn diese m\u00fcssen ihre Zustimmung geben. Auch Eigent\u00fcmer von Ein- oder Zweifamilienh\u00e4usern bekommen den Hausanschluss kostenfrei, wenn sie einen Tarif buchen. Mehrfamilienh\u00e4user ab drei Wohneinheiten bekommen den Hausanschluss mit Zustimmung des Eigent\u00fcmers grunds\u00e4tzlich kostenlos \u2013 f\u00fcr die Nutzung des Internets brauchen die jeweiligen Parteien anschlie\u00dfend eine Tarifbuchung. Auch bei der weiteren Verlegung der Glasfaser im Zuhause unterst\u00fctzt die Telekom und gew\u00e4hrleistet einen reibungslosen Ablauf. Die Telekom wird jetzt alle Eigent\u00fcmer, Hausverwalter und Wohnungswirtschaften anschreiben und \u00fcber die notwendigen Ma\u00dfnahmen im Detail informieren.<\/p>\n<p><b>Darum lohnt sich der Umstieg auf Glasfaser<\/b><\/p>\n<ul class=\"naxml-ul\">\n<li>Glasfaserkabel erm\u00f6glichen deutlich h\u00f6here \u00dcbertragungsraten als Kupferkabel. So lassen sich rasend schnell riesige Datenmengen herauf- und herunterladen.<\/li>\n<li>Glasfaser bietet die stabilste Verbindung f\u00fcr digitales Lernen und Arbeiten, Streaming und Gaming, alles gleichzeitig. <\/li>\n<li>Glasfaser ist weniger st\u00f6ranf\u00e4llig und robuster gegen\u00fcber \u00e4u\u00dferen Einfl\u00fcssen wie z.B. Wasser. Gerade f\u00fcr \u00e4ltere Menschen mit einem Hausnotruf bietet eine Glasfaseranbindung mehr Schutz vor m\u00f6glichen St\u00f6rungen.<\/li>\n<li>Glasfaser ist gut f\u00fcrs Klima, weil weniger Energie verbraucht wird als im Kupfernetz.<\/li>\n<li>Glasfaser steigert den Wert einer Immobilie. Wenn diese verkauft oder vermietet werden soll, ist der Glasfaseranschluss ein gutes Verkaufsargument. <\/li>\n<\/ul>\n<p>Fazit: Glasfaser ist zukunftssicher und die beste Technologie f\u00fcr die n\u00e4chsten Jahrzehnte.<\/p>\n<p>Au\u00dferdem beraten Vertriebsmitarbeiter im Auftrag der Telekom an der Haust\u00fcr. Die Kundenberater tragen Kleidung mit Telekom-Logo. Sie k\u00f6nnen sich mit einem Lichtbildausweis und einem Autorisierungsschreiben der Telekom ausweisen. \u00dcber die Rufnummer 0800 3309765 kann der Mitarbeitende per Telefonanruf identifiziert werden.<\/p>\n<p>Mehr Informationen zur Verf\u00fcgbarkeit und den Tarifen der Telekom:<\/p>\n<ul class=\"naxml-ul\">\n<li>Telekom Shop, Kirchgasse 27, 65185 Wiesbaden<\/li>\n<li>Telekom Partner SYTO GmbH, Aarstr. 117, 65232 Taunusstein<\/li>\n<li>Hotline (kostenfrei): 0800 22 66100<\/li>\n<li>Hotline f\u00fcr Eigent\u00fcmer (kostenfrei): 0800 3304 174<\/li>\n<li> <a target=\"_blank\" class=\"uri-ext outbound\" rel=\"noopener nofollow\" href=\"http:\/\/www.telekom.de\/glasfaser\">www.telekom.de\/glasfaser<\/a><\/li>\n<\/ul>\n<p><b>F\u00fcr Unternehmen aus Wiesbaden<\/b><\/p>\n<p><b>Deutsche Telekom AG<\/b><br \/>\nCorporate CommunicationsMartha Mauelshagen, Unternehmenssprecherin<br \/>\nTel.: 0160 365 8 419<br \/>\nE-Mail: <a href=\"https:\/\/www.presseportal.de\/pm\/9077\/mailto: martha.mauelshagen@telekom.de\" class=\"uri-mailto\" rel=\"nofollow noopener\" target=\"_blank\"> martha.mauelshagen@telekom.de<\/a><\/p>\n<p><b>Weitere Informationen f\u00fcr Medienvertreter*innen:<\/b> <a target=\"_blank\" class=\"uri-ext outbound\" rel=\"noopener nofollow\" href=\"https:\/\/www.whatsapp.com\/channel\/0029VaTdrsG89inrfNvZNx3d\">WhatsApp-Kanal \u201eTelekom Netzausbau\u201c<\/a><br \/>\n<a target=\"_blank\" class=\"uri-ext outbound\" rel=\"noopener nofollow\" href=\"http:\/\/www.telekom.com\/medien\"> <a target=\"_blank\" class=\"uri-ext outbound\" rel=\"noopener\" href=\"#\">www.telekom.com\/de\/blog\/netz<\/a><br \/>\n <a target=\"_blank\" class=\"uri-ext outbound\" rel=\"noopener nofollow\" href=\"http:\/\/www.telekom.com\/medien\">www.telekom.com\/medien<\/a><br \/>\n <a target=\"_blank\" class=\"uri-ext outbound\" rel=\"noopener nofollow\" href=\"http:\/\/www.telekom.com\/fotos\">www.telekom.com\/fotos<\/a><br \/>\n<a target=\"_blank\" class=\"uri-ext outbound\" rel=\"noopener nofollow\" href=\"https:\/\/deu01.safelinks.protection.outlook.com\/?url=https%3A%2F%2Fwww.linkedin.com%2Fcompany%2Ftelekom&amp;data=05%7C02%7CKarina.Unruh%40telekom.de%7Ce54ad320f7b64465c62a08dd09600fca%7Cbde4dffc4b604cf68b04a5eeb25f5c4f%7C0%7C0%7C638677030364220012%7CUnknown%7CTWFpbGZsb3d8eyJFbXB0eU1hcGkiOnRydWUsIlYiOiIwLjAuMDAwMCIsIlAiOiJXaW4zMiIsIkFOIjoiTWFpbCIsIldUIjoyfQ%3D%3D%7C0%7C%7C%7C&amp;sdata=J7iC%2F2njBWvos9LmXuxGB8WyWMmfljmkE%2F%2FbJK4GjwA%3D&amp;reserved=0\"> <a target=\"_blank\" class=\"uri-ext outbound\" rel=\"noopener nofollow\" href=\"http:\/\/www.facebook.com\/deutschetelekom\">www.facebook.com\/deutschetelekom<\/a><br \/>\n <a target=\"_blank\" class=\"uri-ext outbound\" rel=\"noopener nofollow\" href=\"https:\/\/deu01.safelinks.protection.outlook.com\/?url=https%3A%2F%2Fwww.linkedin.com%2Fcompany%2Ftelekom&amp;data=05%7C02%7CKarina.Unruh%40telekom.de%7Ce54ad320f7b64465c62a08dd09600fca%7Cbde4dffc4b604cf68b04a5eeb25f5c4f%7C0%7C0%7C638677030364220012%7CUnknown%7CTWFpbGZsb3d8eyJFbXB0eU1hcGkiOnRydWUsIlYiOiIwLjAuMDAwMCIsIlAiOiJXaW4zMiIsIkFOIjoiTWFpbCIsIldUIjoyfQ%3D%3D%7C0%7C%7C%7C&amp;sdata=J7iC%2F2njBWvos9LmXuxGB8WyWMmfljmkE%2F%2FbJK4GjwA%3D&amp;reserved=0\">www.linkedin.com\/company\/telekom<\/a><br \/>\n <a target=\"_blank\" class=\"uri-ext outbound\" rel=\"noopener nofollow\" href=\"http:\/\/www.youtube.com\/deutschetelekom\">www.youtube.com\/deutschetelekom<\/a><br \/>\n <a target=\"_blank\" class=\"uri-ext outbound\" rel=\"noopener nofollow\" href=\"http:\/\/www.instagram.com\/deutschetelekom\">www.instagram.com\/deutschetelekom<\/a><\/p>\n<p><b>\u00dcber die Deutsche Telekom<\/b>:  <a target=\"_blank\" class=\"uri-ext outbound\" rel=\"noopener nofollow\" href=\"https:\/\/www.telekom.com\/de\/konzern\/konzernprofil\"><b>Deutsche Telekom Konzernprofil<\/b><\/a><b><b>Happy Birthday, Deutsche Telekom!<br \/>\n<\/b><\/b>Vor 30 Jahren entstand die privatrechtliche Aktiengesellschaft, die Deutsche Telekom AG. Den Blick auf die wichtigsten Meilensteine der letzten 30 Jahre finden Sie in unserer  <a target=\"_blank\" class=\"uri-ext outbound\" rel=\"noopener nofollow\" href=\"https:\/\/www.telekom.com\/de\/konzern\/details\/vom-posthorn-zur-wertvollsten-telekommunikationsmarke-der-welt-1092004\">Chronik<\/a>.  <\/p>\n<p>                <script async src=\"\/\/www.instagram.com\/embed.js\"><\/script><\/p>\n","protected":false},"excerpt":{"rendered":"05.08.2025 \u2013 16:56 Deutsche Telekom AG MEDIENINFORMATION Wiesbaden, 05. August 2025 _______________________________________________________________ Der Glasfaserausbau in der Wiesbadener Innenstadt&hellip;\n","protected":false},"author":2,"featured_media":321259,"comment_status":"","ping_status":"","sticky":false,"template":"","format":"standard","meta":{"footnotes":""},"categories":[1847],"tags":[3477,3364,29,548,663,3934,30,13,2052,14,15,178,180,179,181,12,4544],"class_list":{"0":"post-321258","1":"post","2":"type-post","3":"status-publish","4":"format-standard","5":"has-post-thumbnail","7":"category-wiesbaden","8":"tag-bild","9":"tag-de","10":"tag-deutschland","11":"tag-eu","12":"tag-europa","13":"tag-europe","14":"tag-germany","15":"tag-headlines","16":"tag-hessen","17":"tag-nachrichten","18":"tag-news","19":"tag-presse","20":"tag-pressemeldung","21":"tag-pressemitteilung","22":"tag-pressemitteilungen","23":"tag-schlagzeilen","24":"tag-wiesbaden"},"share_on_mastodon":{"url":"https:\/\/pubeurope.com\/@de\/114976862136590234","error":""},"_links":{"self":[{"href":"https:\/\/www.europesays.com\/de\/wp-json\/wp\/v2\/posts\/321258","targetHints":{"allow":["GET"]}}],"collection":[{"href":"https:\/\/www.europesays.com\/de\/wp-json\/wp\/v2\/posts"}],"about":[{"href":"https:\/\/www.europesays.com\/de\/wp-json\/wp\/v2\/types\/post"}],"author":[{"embeddable":true,"href":"https:\/\/www.europesays.com\/de\/wp-json\/wp\/v2\/users\/2"}],"replies":[{"embeddable":true,"href":"https:\/\/www.europesays.com\/de\/wp-json\/wp\/v2\/comments?post=321258"}],"version-history":[{"count":0,"href":"https:\/\/www.europesays.com\/de\/wp-json\/wp\/v2\/posts\/321258\/revisions"}],"wp:featuredmedia":[{"embeddable":true,"href":"https:\/\/www.europesays.com\/de\/wp-json\/wp\/v2\/media\/321259"}],"wp:attachment":[{"href":"https:\/\/www.europesays.com\/de\/wp-json\/wp\/v2\/media?parent=321258"}],"wp:term":[{"taxonomy":"category","embeddable":true,"href":"https:\/\/www.europesays.com\/de\/wp-json\/wp\/v2\/categories?post=321258"},{"taxonomy":"post_tag","embeddable":true,"href":"https:\/\/www.europesays.com\/de\/wp-json\/wp\/v2\/tags?post=321258"}],"curies":[{"name":"wp","href":"https:\/\/api.w.org\/{rel}","templated":true}]}}