{"id":321269,"date":"2025-08-05T15:32:26","date_gmt":"2025-08-05T15:32:26","guid":{"rendered":"https:\/\/www.europesays.com\/de\/321269\/"},"modified":"2025-08-05T15:32:26","modified_gmt":"2025-08-05T15:32:26","slug":"service-de-c-1995-2025-ruhr-concept-kg-das-presseportal-fuer-die-erfolgreiche-pressearbeit-von-staedten-kreisen-verbaenden-verlagen-parteien-unternehmen-medienbueros-hotelketten-etc-37","status":"publish","type":"post","link":"https:\/\/www.europesays.com\/de\/321269\/","title":{"rendered":"service.de &#8211; (c) 1995-2025 ruhr-concept KG, das Presseportal f\u00fcr die erfolgreiche Pressearbeit von St\u00e4dten, Kreisen, Verb\u00e4nden, Verlagen, Parteien, Unternehmen, Medienb\u00fcros, Hotelketten etc."},"content":{"rendered":"<p>            &#13;<br \/>\n                Alle Meldungen:<\/p>\n<p>  &#13;<br \/>\n06.08.2025 &#8211; <a href=\"https:\/\/www.presse-service.de\/public\/Default.aspx?p=1533\" rel=\"nofollow noopener\" target=\"_blank\">M\u00fcnsterland e.V.<\/a>&#13;<\/p>\n<p>  &#13;<br \/>\nKonzertreihe \u201eTrompetenbaum und Geigenfeige\u201c: Patcho Star und Band spielen am Schloss Senden &#13;<\/p>\n<p class=\"ins_r\">&#13;<br \/>\n      <img decoding=\"async\" class=\"news_list_single_image\" src=\"https:\/\/www.presse-service.de\/data.aspx\/medien\/301929V.jpg?cache=1\" alt=\"\u00a9 Georgios Weyand\"\/>&#13;<br \/>\nMit der Konzertreihe &#8222;Trompetenbaum und Geigenfeige&#8220; zieht auch in diesem Sommer wieder Musik in ausgew\u00e4hlte G\u00e4rten und Parks im M\u00fcnsterland. Am Schloss Senden gastiert am Sonntag, 13. Juli, der S\u00e4nger Kanga Vovo alias Patcho Star mit seiner Band Munganga. Eine F\u00fchrung durchs Schloss beginnt um 15.30 Uhr, das Konzert um 16.30 Uhr.&#13;<br \/>\nPatcho Star verbindet traditionelle afrikanische Rhythmen mit Rumba, Reggae, Jazz, Funk, Rock und experimenteller Weltmusik. Seit 1995 steht der im Kongo geborene Multi-Instrumentalist mit unterschiedlichen Gruppen&#8230;&#13;\n  <\/p>\n<p> &#13;<br \/>\n      <a href=\"https:\/\/www.presse-service.de\/public\/Single.aspx?iid=1191375\" rel=\"nofollow noopener\" target=\"_blank\">mehr lesen&#8230;<\/a>  <\/p>\n<p>  &#13;<br \/>\n05.08.2025 &#8211; <a href=\"https:\/\/www.presse-service.de\/public\/Default.aspx?p=1570\" rel=\"nofollow noopener\" target=\"_blank\">Stadt Ahaus<\/a>&#13;<\/p>\n<p>  &#13;<br \/>\nZweite Phase der Sanierung der Tiefgarage K\u00f6nigstra\u00dfe in Ahaus startet am 18. August&#13;<br \/>\nSanierter erster Teil ab 15. August wieder nutzbar&#13;<\/p>\n<p class=\"ins_r\">&#13;<br \/>\n      <img decoding=\"async\" class=\"news_list_single_image\" src=\"https:\/\/www.presse-service.de\/data.aspx\/medien\/303710V.jpg?cache=1\" alt=\"\u00a9 Stadt Ahaus\"\/>&#13;<br \/>\nDie Sanierungsarbeiten am zweiten Teil der Tiefgarage K\u00f6nigstra\u00dfe in Ahaus starten am 18. August um 6:30 Uhr. Die Arbeiten umfassen die Betonsanierung, einen neuen Anstrich und eine Neumarkierung der Parkpl\u00e4tze. W\u00e4hrend der Sanierung kann es zu L\u00e4rm, Staub und Schmutz kommen. Die betroffenen Bereiche m\u00fcssen vollst\u00e4ndig ger\u00e4umt werden. Der erste Teil der Tiefgarage, der zur Ein- und Ausfahrt Wallstra\u00dfe f\u00fchrt, kann ab dem 15. August wieder genutzt werden.&#13;<br \/>\nWichtige Hinweise f\u00fcr Anlieger und Nutzer:&#13;<br \/>\n&#13;<br \/>\nAuch im zweiten Abschnitt sind w\u00e4hrend der&#8230;&#13;\n  <\/p>\n<p> &#13;<br \/>\n      <a href=\"https:\/\/www.presse-service.de\/public\/Single.aspx?iid=1193777\" rel=\"nofollow noopener\" target=\"_blank\">mehr lesen&#8230;<\/a>  <\/p>\n<p>  &#13;<br \/>\n05.08.2025 &#8211; <a href=\"https:\/\/www.presse-service.de\/public\/Default.aspx?p=85\" rel=\"nofollow noopener\" target=\"_blank\">Stadt M\u00f6nchengladbach<\/a>&#13;<\/p>\n<p>  &#13;<br \/>\nSchwerverletzter Motorradfahrer bedankt sich bei Rettern&#13;<\/p>\n<p class=\"ins_r\">&#13;<br \/>\n      <img decoding=\"async\" class=\"news_list_single_image\" src=\"https:\/\/www.presse-service.de\/data.aspx\/medien\/303702V.jpg?cache=1\" alt=\"\u00a9 Stadt MG\"\/>&#13;<br \/>\nMichael T\u00e4ubner wird diesen Tag nicht so schnell vergessen: Am 19. Mai ist er nachmittags mit seinem Motorrad stadtausw\u00e4rts auf der Waldnieler Stra\u00dfe unterwegs. Pl\u00f6tzlich wird ihm an der Kreuzung Waldnieler Stra\u00dfe \/ Rudolfstra\u00dfe die Vorfahrt durch einen PKW genommen. Es kommt zum Zusammensto\u00df und T\u00e4ubner bleibt schwerverletzt auf der Stra\u00dfe liegen. Nach dem abgesetzten Notruf eilen sofort Einsatz- und Rettungskr\u00e4fte zum Unfallort. Darunter sind Martin Schwabe und Cedrik Schulz, die an diesem Tag Dienst auf dem Rettungswagen haben. An der&#8230;&#13;\n  <\/p>\n<p> &#13;<br \/>\n      <a href=\"https:\/\/www.presse-service.de\/public\/Single.aspx?iid=1193772\" rel=\"nofollow noopener\" target=\"_blank\">mehr lesen&#8230;<\/a>  <\/p>\n<p>  &#13;<br \/>\n05.08.2025 &#8211; <a href=\"https:\/\/www.presse-service.de\/public\/Default.aspx?p=1086\" rel=\"nofollow noopener\" target=\"_blank\">Landeshauptstadt Magdeburg<\/a>&#13;<\/p>\n<p>  &#13;<br \/>\nAbbruch der alten Skateanlage&#13;<br \/>\nNeuer Skatepark entsteht in Neu Olvenstedt&#13;<\/p>\n<p class=\"ins_r\">&#13;<br \/>\n      <img decoding=\"async\" class=\"news_list_single_image\" src=\"https:\/\/www.europesays.com\/de\/wp-content\/uploads\/2025\/04\/logo_magdeburg.png\" alt=\"\u00a9 \"\/>&#13;<br \/>\nAm gestrigen Montag hat mit den Abbrucharbeiten des alten Skateparks in der Johannes-G\u00f6deritz-Stra\u00dfe der erste Bauabschnitt f\u00fcr den Neubau eines modernen Skateparks in Neu Olvenstedt begonnen. Auftraggeber ist der Eigenbetrieb Stadtgarten und Friedh\u00f6fe Magdeburg&#13;<br \/>\n\u00a0&#13;<br \/>\nDurch den Abbruch aller veralteten Elemente des Skateparks wird die Basis f\u00fcr eine grundlegende Sanierung des Skateparks geschaffen werden. Das gesamte Areal wurde vor dem Beginn der Abbrucharbeiten mit Bauz\u00e4unen gesichert und kann nun zeitweilig nicht genutzt werden. W\u00e4hrend der&#8230;&#13;\n  <\/p>\n<p> &#13;<br \/>\n      <a href=\"https:\/\/www.presse-service.de\/public\/Single.aspx?iid=1193773\" rel=\"nofollow noopener\" target=\"_blank\">mehr lesen&#8230;<\/a>  <\/p>\n<p>  &#13;<br \/>\n05.08.2025 &#8211; <a href=\"https:\/\/www.presse-service.de\/public\/Default.aspx?p=77\" rel=\"nofollow noopener\" target=\"_blank\">Stadt M\u00fcnster<\/a>&#13;<\/p>\n<p>  &#13;<br \/>\nStadt nimmt B\u00fcrgerbegehren f\u00fcr Erhalt von Stra\u00dfennamen entgegen&#13;<br \/>\nVerwaltung pr\u00fcft eingereichte Unterschriften \/ Initiative setzt sich gegen Umbenennung von f\u00fcnf Stra\u00dfen in M\u00fcnster-Mitte ein&#13;<\/p>\n<p class=\"ins_r\">&#13;<br \/>\n      <img decoding=\"async\" class=\"news_list_single_image\" src=\"https:\/\/www.presse-service.de\/data.aspx\/medien\/303706V.jpg?cache=1\" alt=\"\u00a9 Stadt M\u00fcnster\/Michael M\u00f6ller\"\/>&#13;<br \/>\nM\u00fcnster (SMS) Die Stadt M\u00fcnster hat am Dienstag, 5. August, ein B\u00fcrgerbegehren f\u00fcr den Erhalt von f\u00fcnf Stra\u00dfennamen in M\u00fcnster-Mitte entgegengenommen. Bezirksb\u00fcrgermeister Martin Honderboom bekam das Begehren inklusive der daf\u00fcr gesammelten Unterschriften von Vertretern der &#8222;B\u00fcrgerinitiative f\u00fcr M\u00fcnsters Stra\u00dfen&#8220; im Stadtweinhaus am Prinzipalmarkt ausgeh\u00e4ndigt. Christian Sieger und Andr\u00e9 Krabbe \u00fcbergaben die Unterlagen stellvertretend f\u00fcr die B\u00fcrgerinitiative.&#13;<br \/>\nHintergrund ist, dass die Bezirksvertretung M\u00fcnster-Mitte im Mai mehrheitlich&#8230;&#13;\n  <\/p>\n<p> &#13;<br \/>\n      <a href=\"https:\/\/www.presse-service.de\/public\/Single.aspx?iid=1193775\" rel=\"nofollow noopener\" target=\"_blank\">mehr lesen&#8230;<\/a>  <\/p>\n<p>  &#13;<br \/>\n05.08.2025 &#8211; <a href=\"https:\/\/www.presse-service.de\/public\/Default.aspx?p=135\" rel=\"nofollow noopener\" target=\"_blank\">Stadt Cuxhaven<\/a>&#13;<\/p>\n<p>  &#13;<br \/>\nEinschulungsaktion in der Stadtbibliothek Cuxhaven&#13;<\/p>\n<p class=\"ins_r\">&#13;<br \/>\n      <img decoding=\"async\" class=\"news_list_single_image\" src=\"https:\/\/www.presse-service.de\/data.aspx\/medien\/303009V.png?cache=1\" alt=\"\u00a9 Stephanie L\u00fcder\"\/>&#13;<br \/>\nAlle neuen Schulkinder, die an einer Cuxhavener Grundschule eingeschult werden, bekommen ein Buchgeschenk in der Stadtbibliothek Cuxhaven &#8211; verschenkt wird ein sch\u00f6nes, gebundenes Kinderbuch. Dazu bringen die Kinder einfach den Gutschein mit, der in ihrer Grundschule ausgeteilt wird, und tauschen ihn in der Bibliothek gegen ein tolles neues Buch ein.&#13;<br \/>\n&#13;<br \/>\nDamit das gemeinsame Lesen richtig Spa\u00df macht, enthalten die B\u00fccher viele Bilder. So k\u00f6nnen neue Schulkinder schon mit ihren Eltern zusammen \u201elesen\u201c, auch wenn sie noch nicht alle Buchstaben&#8230;&#13;\n  <\/p>\n<p> &#13;<br \/>\n      <a href=\"https:\/\/www.presse-service.de\/public\/Single.aspx?iid=1192796\" rel=\"nofollow noopener\" target=\"_blank\">mehr lesen&#8230;<\/a>  <\/p>\n<p>  &#13;<br \/>\n05.08.2025 &#8211; <a href=\"https:\/\/www.presse-service.de\/public\/Default.aspx?p=1032\" rel=\"nofollow noopener\" target=\"_blank\">Kreisstadt Unna<\/a>&#13;<\/p>\n<p>  &#13;<br \/>\nStadtbibliothek Unna bringt Medien zu den Menschen: Neuer kostenloser Bringdienst gestartet&#13;<\/p>\n<p class=\"ins_r\">&#13;<br \/>\n      <img decoding=\"async\" class=\"news_list_single_image\" src=\"https:\/\/www.presse-service.de\/data.aspx\/medien\/303645V.jpg?cache=1\" alt=\"\u00a9 Leif Sieger\"\/>&#13;<br \/>\nDie Bibliothek im zib macht es jetzt noch einfacher, B\u00fccher, Filme und mehr zu genie\u00dfen: mit einem neuen, kostenlosen Bringdienst f\u00fcr Institutionen und f\u00fcr nicht mobile Menschen im Stadtgebiet von Unna. Ab sofort liefert die Bibliothek Medien direkt an Kitas, Schulen, Seniorenheime und Privathaushalte in Unna.&#13;<br \/>\nDieser Service ist ein wichtiger Baustein in Unnas Engagement f\u00fcr ein inklusives Gemeinwesen. Er erm\u00f6glicht es allen, am kulturellen und Bildungsangebot der Stadt teilzuhaben, unabh\u00e4ngig von ihrer Mobilit\u00e4t.&#13;<br \/>\n&#8222;Wir m\u00f6chten sicherstellen,&#8230;&#13;\n  <\/p>\n<p> &#13;<br \/>\n      <a href=\"https:\/\/www.presse-service.de\/public\/Single.aspx?iid=1193690\" rel=\"nofollow noopener\" target=\"_blank\">mehr lesen&#8230;<\/a>  <\/p>\n<p>  &#13;<br \/>\n05.08.2025 &#8211; <a href=\"https:\/\/www.presse-service.de\/public\/Default.aspx?p=1591\" rel=\"nofollow noopener\" target=\"_blank\">Stadt Soest<\/a>&#13;<\/p>\n<p>  &#13;<br \/>\nSt\u00e4dtepartnerschaft mit Strzelce Opolskie besteht seit 30 Jahren&#13;<\/p>\n<p class=\"ins_r\">&#13;<br \/>\n      <img decoding=\"async\" class=\"news_list_single_image\" src=\"https:\/\/www.presse-service.de\/data.aspx\/medien\/303669V.jpg?cache=1\" alt=\"\u00a9 Stadt Soest\"\/>&#13;<br \/>\nMit 30 Jahren ist man im besten Alter &#8211; das gilt auch f\u00fcr die St\u00e4dtepartnerschaft von Soest mit Strzelce Opolskie in Polen. Anl\u00e4sslich des runden Geburtstages begr\u00fc\u00dfte B\u00fcrgermeister Dr. Eckhard Ruthemeyer jetzt seinen Amtskollegen Jan Wroblewski mit einer kleinen Delegation im Rathaus. &#13;\n  <\/p>\n<p> &#13;<br \/>\n      <a href=\"https:\/\/www.presse-service.de\/public\/Single.aspx?iid=1193702\" rel=\"nofollow noopener\" target=\"_blank\">mehr lesen&#8230;<\/a>  <\/p>\n<p>  &#13;<br \/>\n05.08.2025 &#8211; <a href=\"https:\/\/www.presse-service.de\/public\/Default.aspx?p=1591\" rel=\"nofollow noopener\" target=\"_blank\">Stadt Soest<\/a>&#13;<\/p>\n<p>  &#13;<br \/>\nVollsperrung an der Stra\u00dfe Auf der Borg dauert l\u00e4nger&#13;<\/p>\n<p class=\"ins_r\">&#13;<br \/>\n      <img decoding=\"async\" class=\"news_list_single_image\" src=\"https:\/\/www.europesays.com\/de\/wp-content\/uploads\/2025\/04\/logo_soest.jpg\" alt=\"\u00a9 \"\/>&#13;<br \/>\nDie Vollsperrung an der Stra\u00dfe Auf der Borg im Zuge des Breitbandausbaus dauert l\u00e4nger als urspr\u00fcnglich geplant. &#13;\n  <\/p>\n<p> &#13;<br \/>\n      <a href=\"https:\/\/www.presse-service.de\/public\/Single.aspx?iid=1193749\" rel=\"nofollow noopener\" target=\"_blank\">mehr lesen&#8230;<\/a>  <\/p>\n<p>  &#13;<br \/>\n05.08.2025 &#8211; <a href=\"https:\/\/www.presse-service.de\/public\/Default.aspx?p=1591\" rel=\"nofollow noopener\" target=\"_blank\">Stadt Soest<\/a>&#13;<\/p>\n<p>  &#13;<br \/>\nVollsperrung an der Puppenstra\u00dfe infolge eines Wasserrohrbruchs&#13;<\/p>\n<p class=\"ins_r\">&#13;<br \/>\n      <img decoding=\"async\" class=\"news_list_single_image\" src=\"https:\/\/www.europesays.com\/de\/wp-content\/uploads\/2025\/06\/symbol_medium.gif\" alt=\"\u00a9 Stadt Soest\"\/>&#13;<br \/>\nWeil an der Puppenstra\u00dfe ein Wasserrohrbruch repariert werden muss, ist der Abschnitt zwischen Hospitalgasse und Petristra\u00dfe ab sofort bis voraussichtlich Freitag, 8. August 2025, voll gesperrt. &#13;\n  <\/p>\n<p> &#13;<br \/>\n      <a href=\"https:\/\/www.presse-service.de\/public\/Single.aspx?iid=1193754\" rel=\"nofollow noopener\" target=\"_blank\">mehr lesen&#8230;<\/a>  <\/p>\n<p>  &#13;<br \/>\n05.08.2025 &#8211; <a href=\"https:\/\/www.presse-service.de\/public\/Default.aspx?p=1256\" rel=\"nofollow noopener\" target=\"_blank\">Stadt Hamm<\/a>&#13;<\/p>\n<p>  &#13;<br \/>\nVorlesezeit f\u00fcr den B\u00e4renkalender beginnt&#13;<\/p>\n<p class=\"ins_r\">&#13;<br \/>\n      <img decoding=\"async\" class=\"news_list_single_image\" src=\"https:\/\/www.presse-service.de\/data.aspx\/medien\/303697V.jpg?cache=1\" alt=\"\u00a9 Stadt Hamm\/Thorsten H\u00fcbner\"\/>&#13;<br \/>\nAb Samstag, den 9. August 2025, beginnt in Hamm die beliebte Vorlesezeit f\u00fcr den B\u00e4renkalender. Der liebevoll gestaltete Kalender wurde \u00fcber die Kindertageseinrichtungen an alle angehenden Schulkinder und ihre Familien verteilt.&#13;<br \/>\n&#13;<br \/>\nDer B\u00e4renkalender erz\u00e4hlt die Geschichte eines kleinen B\u00e4ren, der voller Vorfreude und Neugier auf seinen ersten Schultag wartet \u2013 und dabei viele Fragen, Sorgen und spannende Gedanken hat. \u00dcber 20 Tage hinweg k\u00f6nnen Familien den B\u00e4ren t\u00e4glich begleiten: mit Geschichten, R\u00e4tseln, Liedern, Bastelideen und Spielen rund&#8230;&#13;\n  <\/p>\n<p> &#13;<br \/>\n      <a href=\"https:\/\/www.presse-service.de\/public\/Single.aspx?iid=1193757\" rel=\"nofollow noopener\" target=\"_blank\">mehr lesen&#8230;<\/a>  <\/p>\n<p>  &#13;<br \/>\n05.08.2025 &#8211; <a href=\"https:\/\/www.presse-service.de\/public\/Default.aspx?p=1589\" rel=\"nofollow noopener\" target=\"_blank\">Stadt Dortmund<\/a>&#13;<\/p>\n<p>  &#13;<br \/>\nDas Kommunale Wahlb\u00fcro \u00f6ffnet am 11. August seine T\u00fcren \u2013 Einladung zum Medientermin&#13;<\/p>\n<p class=\"ins_r\">&#13;<br \/>\n      <img decoding=\"async\" class=\"news_list_single_image\" src=\"https:\/\/www.europesays.com\/de\/wp-content\/uploads\/2025\/08\/logo_do_pink.png\" alt=\"\u00a9 \"\/>&#13;<br \/>\nIn weniger als sechs Wochen stehen die Kommunalwahlen und die Integrationsratswahl an. Deshalb \u00f6ffnet am Montag, 11. August, um 8 Uhr das Kommunale Wahlb\u00fcro der Stadt Dortmund seine T\u00fcren. Dort werden in den n\u00e4chsten Wochen viele Wahlberechtigte ihre Briefwahlunterlagen pers\u00f6nlich beantragen und schon direkt vor Ort w\u00e4hlen.&#13;\n  <\/p>\n<p> &#13;<br \/>\n      <a href=\"https:\/\/www.presse-service.de\/public\/Single.aspx?iid=1193762\" rel=\"nofollow noopener\" target=\"_blank\">mehr lesen&#8230;<\/a>  <\/p>\n<p>  &#13;<br \/>\n05.08.2025 &#8211; <a href=\"https:\/\/www.presse-service.de\/public\/Default.aspx?p=1596\" rel=\"nofollow noopener\" target=\"_blank\">Stadt Warstein<\/a>&#13;<\/p>\n<p>  &#13;<br \/>\nWDR filmt Aktion gegen Lebensmittelverschwendung&#13;<\/p>\n<p class=\"ins_r\">&#13;<br \/>\n      <img decoding=\"async\" class=\"news_list_single_image\" src=\"https:\/\/www.europesays.com\/de\/wp-content\/uploads\/2025\/06\/logo50.jpg\" alt=\"\u00a9 \"\/>&#13;<br \/>\nMitarbeiter des Betriebshofes brachten heute gelbe B\u00e4nder an st\u00e4dtischen Obstb\u00e4umen an, als Zeichen, dass diese B\u00e4ume f\u00fcr den Eigenbedarf abgeerntet werden d\u00fcrfen. Ein Team der WDR-Lokalzeit filmte die Aktion gegen Lebensmittelverschwendung. Zu sehen: Heute Abend in der WDR-Lokalzeit.\u00a0&#13;\n  <\/p>\n<p> &#13;<br \/>\n      <a href=\"https:\/\/www.presse-service.de\/public\/Single.aspx?iid=1193766\" rel=\"nofollow noopener\" target=\"_blank\">mehr lesen&#8230;<\/a>  <\/p>\n<p>  &#13;<br \/>\n05.08.2025 &#8211; <a href=\"https:\/\/www.presse-service.de\/public\/Default.aspx?p=1553\" rel=\"nofollow noopener\" target=\"_blank\">Gemeinde S\u00fcdlohn<\/a>&#13;<\/p>\n<p>  &#13;<br \/>\nVollsperrung der Bahnhofstra\u00dfe in H\u00f6he der Kreisparkasse in Richtung Minikreisel\/Am Vereinshaus&#13;<\/p>\n<p class=\"ins_r\">&#13;<br \/>\n      <img decoding=\"async\" class=\"news_list_single_image\" src=\"https:\/\/www.presse-service.de\/data.aspx\/medien\/303701V.png?cache=1\" alt=\"\u00a9 Gemeinde S\u00fcdlohn\"\/>&#13;<br \/>\n&#13;<br \/>\nWie bekannt erneuern die LokalWerke Westm\u00fcnsterland derzeit eine Gasleitung im Bereich zwischen Eschstra\u00dfe und Bahnhofstra\u00dfe, in H\u00f6he der Sparkasse\/St. Niklas (ehem. Krankenhaus).&#13;<br \/>\n\u00a0&#13;<br \/>\n&#13;<br \/>\n&#13;<br \/>\nIn Richtung Ortsmitte ist die Fahrbahn vollst\u00e4ndig gesperrt. Eine Umleitung ist ausgeschildert.&#13;<br \/>\n\u00a0&#13;<br \/>\n&#13;<br \/>\n&#13;<br \/>\nDer Bus des RVM f\u00e4hrt w\u00e4hrend der Bauarbeiten die Haltestellen M\u00fchlenkamp und Bahnhofstra\u00dfe nicht an.&#13;<br \/>\n&#13;<br \/>\n&#13;<br \/>\n\u00a0&#13;<br \/>\nDie Arbeiten sollen voraussichtlich bis zum Ende der Ferien abgeschlossen sein.&#13;<br \/>\n&#13;\n  <\/p>\n<p> &#13;<br \/>\n      <a href=\"https:\/\/www.presse-service.de\/public\/Single.aspx?iid=1193770\" rel=\"nofollow noopener\" target=\"_blank\">mehr lesen&#8230;<\/a>  <\/p>\n<p>  &#13;<br \/>\n05.08.2025 &#8211; <a href=\"https:\/\/www.presse-service.de\/public\/Default.aspx?p=77\" rel=\"nofollow noopener\" target=\"_blank\">Stadt M\u00fcnster<\/a>&#13;<\/p>\n<p>  &#13;<br \/>\nKanal- und Stra\u00dfenbauarbeiten: Letzter Bauabschnitt auf Roxeler Stra\u00dfe gestartet&#13;<br \/>\nDieckmannstra\u00dfe f\u00fcr zwei Wochen gesperrt&#13;<\/p>\n<p class=\"ins_r\">&#13;<br \/>\n      <img decoding=\"async\" class=\"news_list_single_image\" src=\"https:\/\/www.europesays.com\/de\/wp-content\/uploads\/2025\/05\/logo_muenster.jpg\" alt=\"\u00a9 \"\/>&#13;<br \/>\nM\u00fcnster (SMS) Die Kanal- und Stra\u00dfenbauarbeiten auf der Roxeler Stra\u00dfe stehen kurz vor dem Abschluss. Mit der Sanierung der Kreuzung Roxeler Stra\u00dfe\/Dieckmannstra\u00dfe hat am Montag, 4. August, der letzte Bauabschnitt begonnen. Die Arbeiten dauern voraussichtlich zwei Wochen.\u00a0&#13;<br \/>\nW\u00e4hrend dieser Zeit sind die Ein- und die Ausfahrt von der Roxeler Stra\u00dfe in die Dieckmannstra\u00dfe f\u00fcr den Kfz-Verkehr vollst\u00e4ndig gesperrt. Eine Umleitung ist eingerichtet und ausgeschildert. Die Roxeler Stra\u00dfe bleibt in beide Richtungen befahrbar \u2013 sowohl stadtausw\u00e4rts in&#8230;&#13;\n  <\/p>\n<p> &#13;<br \/>\n      <a href=\"https:\/\/www.presse-service.de\/public\/Single.aspx?iid=1193717\" rel=\"nofollow noopener\" target=\"_blank\">mehr lesen&#8230;<\/a>  <\/p>\n<p>  &#13;<br \/>\n05.08.2025 &#8211; <a href=\"https:\/\/www.presse-service.de\/public\/Default.aspx?p=1562\" rel=\"nofollow noopener\" target=\"_blank\">Landkreis Peine<\/a>&#13;<\/p>\n<p>  &#13;<br \/>\nGemeinsamer Azubi-Tag von Landkreis, Stadt und Gemeinden&#13;<\/p>\n<p class=\"ins_r\">&#13;<br \/>\n      <img decoding=\"async\" class=\"news_list_single_image\" src=\"https:\/\/www.presse-service.de\/data.aspx\/medien\/303685V.jpg?cache=1\" alt=\"\u00a9 Landkreis Peine\"\/>&#13;<br \/>\nErstmals haben die 25 neuen Auszubildenden zu Verwaltungsfachangestellten sowie die Studierenden des Dualen Studiums Verwaltungswissenschaften von Landkreis und Stadt Peine sowie den Gemeinden Edemissen, Hohenhameln, Ilsede, Lengede und Wendeburg einen gemeinsamen Azubi-Tag im Rahmen ihrer ersten Ausbildungstage verbracht.&#13;<br \/>\nMit Stadtrallye und Teambuilding-Spielen standen das Kennenlernen und Netzwerken \u00fcber die eigene Verwaltung hinaus im Vordergrund. Abgerundet wurde der Tag durch eine offizielle Begr\u00fc\u00dfung durch Vertretungen der jeweiligen&#8230;&#13;\n  <\/p>\n<p> &#13;<br \/>\n      <a href=\"https:\/\/www.presse-service.de\/public\/Single.aspx?iid=1193748\" rel=\"nofollow noopener\" target=\"_blank\">mehr lesen&#8230;<\/a>  <\/p>\n<p>  &#13;<br \/>\n05.08.2025 &#8211; <a href=\"https:\/\/www.presse-service.de\/public\/Default.aspx?p=85\" rel=\"nofollow noopener\" target=\"_blank\">Stadt M\u00f6nchengladbach<\/a>&#13;<\/p>\n<p>  &#13;<br \/>\nGrenzenlos lesen, lernen, austauschen \u2013 und gestalten! Bibliotheken aus M\u00f6nchengladbach und Roermond starten kreative Partnerschaft&#13;<\/p>\n<p class=\"ins_r\">&#13;<br \/>\n      <img decoding=\"async\" class=\"news_list_single_image\" src=\"https:\/\/www.presse-service.de\/data.aspx\/medien\/303689V.jpg?cache=1\" alt=\"\u00a9 Bibliotheek Bibliorura Roermond\"\/>&#13;<br \/>\nDie Stadtbibliothek M\u00f6nchengladbach zu Gast in Roermond \u2013 und mittendrin: eine inspirierende Zukunft f\u00fcr europ\u00e4ische Bibliotheksarbeit. Beim Besuch in der Partnerstadt standen Austausch, neue Ideen und ein transnationaler Blick auf Bildung im Mittelpunkt.&#13;<br \/>\nIn der niederl\u00e4ndischen &#8222;Bibliotheek Bibliorura&#8220; \u00f6ffnete das Leitungsteam rund um Jeanine Deckers seine T\u00fcren f\u00fcr G\u00e4ste aus Deutschland. Yilmaz Holtz-Ersahin, Leitung der Stadtbibliothek M\u00f6nchengladbach, und Paul Palmer, der bis Ende Juli als Harvard-Student in der Bibliothek M\u00f6nchengladbach&#8230;&#13;\n  <\/p>\n<p> &#13;<br \/>\n      <a href=\"https:\/\/www.presse-service.de\/public\/Single.aspx?iid=1193752\" rel=\"nofollow noopener\" target=\"_blank\">mehr lesen&#8230;<\/a>  <\/p>\n<p>  &#13;<br \/>\n05.08.2025 &#8211; <a href=\"https:\/\/www.presse-service.de\/public\/Default.aspx?p=1573\" rel=\"nofollow noopener\" target=\"_blank\">Emschergenossenschaft \/ Lippeverband<\/a>&#13;<\/p>\n<p>  &#13;<br \/>\nViele Regentage \u2013 aber wenig Niederschlag&#13;<br \/>\nAuswertung der Wasserwirtschaftsverb\u00e4nde Emschergenossenschaft und Lippeverband&#13;<\/p>\n<p class=\"ins_r\">&#13;<br \/>\n      <img decoding=\"async\" class=\"news_list_single_image\" src=\"https:\/\/www.presse-service.de\/data.aspx\/medien\/267387V.jpg?cache=1\" alt=\"\u00a9 Meike Beste\/EGLV\"\/>&#13;<br \/>\nDie Niederschlagsbilanz f\u00fcr den Juli 2025 fiel sowohl an der der Emscher als auch an der Lippe \u2013 wie auch schon in den Monaten Mai und Juni \u2013 unterdurchschnittlich aus. Im Einzugsgebiet der Emschergenossenschaft fielen im Durchschnitt 56,3 mm Niederschlag (ein Millimeter entspricht einem Liter pro Quadratmeter). Der 130-j\u00e4hrige Mittelwert liegt bei 83 mm. Im Einzugsgebiet des Lippeverbandes lag der Juli-Gebietsmittel bei 57,4 mm. Hier betr\u00e4gt der 130-j\u00e4hrige Mittelwert 81 mm. Trotz der unterdurchschnittlichen Niederschlagsmenge war die Anzahl der Regentage im Juli recht hoch: Lediglich acht der 31 Tage blieben g\u00e4nzlich trocken.&#13;\n  <\/p>\n<p> &#13;<br \/>\n      <a href=\"https:\/\/www.presse-service.de\/public\/Single.aspx?iid=1193759\" rel=\"nofollow noopener\" target=\"_blank\">mehr lesen&#8230;<\/a>  <\/p>\n<p>  &#13;<br \/>\n05.08.2025 &#8211; <a href=\"https:\/\/www.presse-service.de\/public\/Default.aspx?p=116\" rel=\"nofollow noopener\" target=\"_blank\">Stadt Hanau<\/a>&#13;<\/p>\n<p>  &#13;<br \/>\nHanau sucht ein Buch!&#13;<br \/>\nVorschl\u00e4ge f\u00fcr \u201eHanau liest ein Buch\u201c bis zum 31. Oktober 2025 m\u00f6glich&#13;<\/p>\n<p class=\"ins_r\">&#13;<br \/>\n      <img decoding=\"async\" class=\"news_list_single_image\" src=\"https:\/\/www.presse-service.de\/data.aspx\/medien\/303659V.jpg?cache=1\" alt=\"\u00a9 Stadt Hanau, Moritz G\u00f6bel\"\/>&#13;<br \/>\nUnter dem Motto \u201eHanau sucht ein Buch\u201c startet die Stadtbibliothek jetzt die Vorbereitungen f\u00fcr das beliebte Lesefest \u201eHanau liest ein Buch\u201c, das im n\u00e4chsten Jahr vom 10. bis 18. September 2026 stattfinden wird. Acht Tage lange werden ehrenamtliche Vorleserinnen und Vorleser an unterschiedlichen und teils auch kuriosen Pl\u00e4tzen vorlesen und gemeinsam mit den Zuh\u00f6renden \u00fcber die Inhalte diskutieren.&#13;\n  <\/p>\n<p> &#13;<br \/>\n      <a href=\"https:\/\/www.presse-service.de\/public\/Single.aspx?iid=1193677\" rel=\"nofollow noopener\" target=\"_blank\">mehr lesen&#8230;<\/a>  <\/p>\n<p>  &#13;<br \/>\n05.08.2025 &#8211; <a href=\"https:\/\/www.presse-service.de\/public\/Default.aspx?p=1452\" rel=\"nofollow noopener\" target=\"_blank\">Kreis Unna &#8211; Presse und Kommunikation<\/a>&#13;<\/p>\n<p>  &#13;<br \/>\nLandrat in Fr\u00f6ndenberg&#13;<br \/>\nVor-Ort-Termin auf dem Wochenmarkt&#13;<\/p>\n<p class=\"ins_r\">&#13;<br \/>\n      <img decoding=\"async\" class=\"news_list_single_image\" src=\"https:\/\/www.europesays.com\/de\/wp-content\/uploads\/2025\/05\/1747307889_562_logo.jpg\" alt=\"\u00a9 \"\/>&#13;<br \/>\nLandrat Mario L\u00f6hr l\u00e4dt alle B\u00fcrgerinnen und B\u00fcrger zu Gespr\u00e4chen ein: In der Reihe \u201eLandrat vor Ort\u201c kommt der Verwaltungschef am Donnerstag, 7. August, nach Fr\u00f6ndenberg. Zwischen 8 und 12 Uhr ist er am Kreis Unna-Stand auf dem Wochenmarkt und freut sich auf den Meinungsaustausch.&#13;\n  <\/p>\n<p> &#13;<br \/>\n      <a href=\"https:\/\/www.presse-service.de\/public\/Single.aspx?iid=1193620\" rel=\"nofollow noopener\" target=\"_blank\">mehr lesen&#8230;<\/a>  <\/p>\n<p>&#13;<br \/>\n  &#13;<\/p>\n","protected":false},"excerpt":{"rendered":"&#13; Alle Meldungen: &#13; 06.08.2025 &#8211; M\u00fcnsterland e.V.&#13; &#13; Konzertreihe \u201eTrompetenbaum und Geigenfeige\u201c: Patcho Star und Band spielen&hellip;\n","protected":false},"author":2,"featured_media":320919,"comment_status":"","ping_status":"","sticky":false,"template":"","format":"standard","meta":{"footnotes":""},"categories":[1843],"tags":[3364,29,30,19579,19580,62,8970,14,1209,178,19577,19578,19576,181,19575],"class_list":{"0":"post-321269","1":"post","2":"type-post","3":"status-publish","4":"format-standard","5":"has-post-thumbnail","7":"category-muenster","8":"tag-de","9":"tag-deutschland","10":"tag-germany","11":"tag-kommunal","12":"tag-kommunaler-dienst","13":"tag-medien","14":"tag-muenster","15":"tag-nachrichten","16":"tag-nordrhein-westfalen","17":"tag-presse","18":"tag-pressearchiv","19":"tag-pressedienst","20":"tag-pressemeldungen","21":"tag-pressemitteilungen","22":"tag-presseservice"},"share_on_mastodon":{"url":"https:\/\/pubeurope.com\/@de\/114976885982924014","error":""},"_links":{"self":[{"href":"https:\/\/www.europesays.com\/de\/wp-json\/wp\/v2\/posts\/321269","targetHints":{"allow":["GET"]}}],"collection":[{"href":"https:\/\/www.europesays.com\/de\/wp-json\/wp\/v2\/posts"}],"about":[{"href":"https:\/\/www.europesays.com\/de\/wp-json\/wp\/v2\/types\/post"}],"author":[{"embeddable":true,"href":"https:\/\/www.europesays.com\/de\/wp-json\/wp\/v2\/users\/2"}],"replies":[{"embeddable":true,"href":"https:\/\/www.europesays.com\/de\/wp-json\/wp\/v2\/comments?post=321269"}],"version-history":[{"count":0,"href":"https:\/\/www.europesays.com\/de\/wp-json\/wp\/v2\/posts\/321269\/revisions"}],"wp:featuredmedia":[{"embeddable":true,"href":"https:\/\/www.europesays.com\/de\/wp-json\/wp\/v2\/media\/320919"}],"wp:attachment":[{"href":"https:\/\/www.europesays.com\/de\/wp-json\/wp\/v2\/media?parent=321269"}],"wp:term":[{"taxonomy":"category","embeddable":true,"href":"https:\/\/www.europesays.com\/de\/wp-json\/wp\/v2\/categories?post=321269"},{"taxonomy":"post_tag","embeddable":true,"href":"https:\/\/www.europesays.com\/de\/wp-json\/wp\/v2\/tags?post=321269"}],"curies":[{"name":"wp","href":"https:\/\/api.w.org\/{rel}","templated":true}]}}