{"id":321274,"date":"2025-08-05T15:35:09","date_gmt":"2025-08-05T15:35:09","guid":{"rendered":"https:\/\/www.europesays.com\/de\/321274\/"},"modified":"2025-08-05T15:35:09","modified_gmt":"2025-08-05T15:35:09","slug":"vergolder-von-eigenart-bringen-stadtkirche-zum-leuchten","status":"publish","type":"post","link":"https:\/\/www.europesays.com\/de\/321274\/","title":{"rendered":"Vergolder von &#8222;EigenArt&#8220; bringen Stadtkirche zum Leuchten"},"content":{"rendered":"<p class=\"text_ohne_einzug richtext text-em-55 !leading-serif mx-6 desktop:mx-0\">Frisch und wie neu funkeln sie. Das Gold strahlt richtig und wird sich sicher prima auf der Spitze der Stadtkirche machen, sobald die Haubensanierung abgeschlossen ist. Dann werden Hahn und Kugel wieder die Prunkst\u00fccke der Kirchturmspitze sein. Und das verdanken sie den Vergoldern Claudia K\u00f6ther (53) und Daniel L\u00fcckhof (57). In ihrer Meisterwerkstatt f\u00fcr Vergoldung in Mettmann, \u201eEigenArt\u201c, haben sie Hahn und Kugel im Auftrag der Evangelisch-reformierten Gemeinde <a href=\"https:\/\/rp-online.de\/thema\/wuelfrath\/\" rel=\"nofollow noopener\" target=\"_blank\">W\u00fclfrath<\/a> wieder in Schuss gebracht.<\/p>\n","protected":false},"excerpt":{"rendered":"Frisch und wie neu funkeln sie. Das Gold strahlt richtig und wird sich sicher prima auf der Spitze&hellip;\n","protected":false},"author":2,"featured_media":321275,"comment_status":"","ping_status":"","sticky":false,"template":"","format":"standard","meta":{"footnotes":""},"categories":[1840],"tags":[3364,29,30,15946,1209,4418],"class_list":{"0":"post-321274","1":"post","2":"type-post","3":"status-publish","4":"format-standard","5":"has-post-thumbnail","7":"category-wuppertal","8":"tag-de","9":"tag-deutschland","10":"tag-germany","11":"tag-mettmann","12":"tag-nordrhein-westfalen","13":"tag-wuppertal"},"share_on_mastodon":{"url":"https:\/\/pubeurope.com\/@de\/114976897357943330","error":""},"_links":{"self":[{"href":"https:\/\/www.europesays.com\/de\/wp-json\/wp\/v2\/posts\/321274","targetHints":{"allow":["GET"]}}],"collection":[{"href":"https:\/\/www.europesays.com\/de\/wp-json\/wp\/v2\/posts"}],"about":[{"href":"https:\/\/www.europesays.com\/de\/wp-json\/wp\/v2\/types\/post"}],"author":[{"embeddable":true,"href":"https:\/\/www.europesays.com\/de\/wp-json\/wp\/v2\/users\/2"}],"replies":[{"embeddable":true,"href":"https:\/\/www.europesays.com\/de\/wp-json\/wp\/v2\/comments?post=321274"}],"version-history":[{"count":0,"href":"https:\/\/www.europesays.com\/de\/wp-json\/wp\/v2\/posts\/321274\/revisions"}],"wp:featuredmedia":[{"embeddable":true,"href":"https:\/\/www.europesays.com\/de\/wp-json\/wp\/v2\/media\/321275"}],"wp:attachment":[{"href":"https:\/\/www.europesays.com\/de\/wp-json\/wp\/v2\/media?parent=321274"}],"wp:term":[{"taxonomy":"category","embeddable":true,"href":"https:\/\/www.europesays.com\/de\/wp-json\/wp\/v2\/categories?post=321274"},{"taxonomy":"post_tag","embeddable":true,"href":"https:\/\/www.europesays.com\/de\/wp-json\/wp\/v2\/tags?post=321274"}],"curies":[{"name":"wp","href":"https:\/\/api.w.org\/{rel}","templated":true}]}}