{"id":321279,"date":"2025-08-05T15:38:12","date_gmt":"2025-08-05T15:38:12","guid":{"rendered":"https:\/\/www.europesays.com\/de\/321279\/"},"modified":"2025-08-05T15:38:12","modified_gmt":"2025-08-05T15:38:12","slug":"jedes-tor-macht-ihn-teurer-broschinski-in-bochum-klemme-sport","status":"publish","type":"post","link":"https:\/\/www.europesays.com\/de\/321279\/","title":{"rendered":"Jedes Tor macht ihn teurer: Broschinski in Bochum-Klemme | Sport"},"content":{"rendered":"<p>Der zwischenzeitliche Ausgleich von Moritz Broschinski (24) war zwar eine der wenigen gelungenen VfL-Aktionen beim Darmstadt-Debakel (1:4) zum Saisonstart. Doch seine eigene Situation wird dadurch nur noch komplizierter&#8230;<\/p>\n<p><b>Broschinski in der Bochum-Klemme: Jedes Tor macht ihn teurer&#8230;<\/b><\/p>\n<p>Fakt ist: Der lange Angreifer (1. 90 m) hat schon vor Wochen bei der Vereinsf\u00fchrung seinen Wechsel-Wunsch hinterlegt. Weil er \u201eanne Castroper\u201c nicht gen\u00fcgend Wertsch\u00e4tzung empfindet.<\/p>\n<p>Zum einen von den Fans, bei denen Broschinski in der \u2013 zugegeben eher schwachen und torlosen \u2013 Vorsaison kaum Begeisterung ausl\u00f6sen konnte. Und selbst Chefcoach Dieter Hecking (60) hat ihn schon \u00f6ffentlich angez\u00e4hlt, seine Leistung als \u201efatal\u201c bezeichnet.<\/p>\n<p><img decoding=\"async\" width=\"992\" height=\"558\" alt=\"Wo bleibt er denn? St. Gallens Trainer Enrico Maa\u00dfen scheint Ausschau nach Moritz Broschinski zu halten, w\u00fcrde den langen VfL-St\u00fcrmer gerne in die Schweiz holen\" src=\"https:\/\/www.europesays.com\/de\/wp-content\/uploads\/2025\/08\/1158f9e18023864a96304a6ac02008fd,3ccc26c3\"   class=\"landscape\" loading=\"lazy\"\/><\/p>\n<p class=\"fig__caption__text\">Wo bleibt er denn? St. Gallens Trainer Enrico Maa\u00dfen scheint Ausschau nach Moritz Broschinski zu halten, w\u00fcrde den langen VfL-St\u00fcrmer gerne in die Schweiz holen<\/p>\n<p>Foto: Tim Rehbein\/dpa<\/p>\n<p><b>Mit St. Gallen gibt\u2018s dagegen einen Klub, der ihn unbedingt m\u00f6chte. Problem: Das Angebot der Schweizer f\u00fcr Broschinski, der noch Vertrag bis 2026 besitzt, liegt bei 700.000 Euro Abl\u00f6se. Bochum aber will nach BILD-Info 1,3 Millionen Euro.<\/b><\/p>\n<p>Auch interessant<\/p>\n<p>Anzeige<\/p>\n<p>Auch interessant<\/p>\n<p>Anzeige<\/p>\n<p>Tendenz steigend, wenn er weiter trifft. Schon in der Vorbereitung konnte der geb\u00fcrtige Finsterwalder mehrfach einnetzen, jetzt auch in Darmstadt nachlegen.<\/p>\n<p>Bedeutet unterm Strich: Wie er\u2018s macht, macht er\u2018s falsch. Klar \u2013 als ehrgeiziger St\u00fcrmer will er vor allem Tore schie\u00dfen und seinem (Noch-)Klub helfen. Gelingt das, kommt er nicht weg. Gelingt\u2018s nicht, verliert wom\u00f6glich auch St. Gallen mit dem deutschen Trainer Enrico Maa\u00dfen (41\/fr\u00fcher u.a. Dortmund II und Augsburg) das Interesse.<\/p>\n<p><b>Keine Frage \u2013 Broschinski steckt in der Bochum-Klemme&#8230;<\/b><\/p>\n","protected":false},"excerpt":{"rendered":"Der zwischenzeitliche Ausgleich von Moritz Broschinski (24) war zwar eine der wenigen gelungenen VfL-Aktionen beim Darmstadt-Debakel (1:4) zum&hellip;\n","protected":false},"author":2,"featured_media":321280,"comment_status":"","ping_status":"","sticky":false,"template":"","format":"standard","meta":{"footnotes":""},"categories":[1839],"tags":[7507,3364,29,19716,54529,30,17897,35338,91498,1209,35339,7656,819,7657,45,8173,35337,784],"class_list":{"0":"post-321279","1":"post","2":"type-post","3":"status-publish","4":"format-standard","5":"has-post-thumbnail","7":"category-bochum","8":"tag-bochum","9":"tag-de","10":"tag-deutschland","11":"tag-dufner-dirk","12":"tag-fc-st-gallen","13":"tag-germany","14":"tag-hecking-dieter","15":"tag-hofmann-philipp","16":"tag-horn-timo","17":"tag-nordrhein-westfalen","18":"tag-rewirpowerstadion","19":"tag-schuth-joachim","20":"tag-sport-leuchtturm-essen","21":"tag-sport-bild","22":"tag-texttospeech","23":"tag-vfl-bochum","24":"tag-zoller-simon","25":"tag-zweite-bundesliga"},"share_on_mastodon":{"url":"https:\/\/pubeurope.com\/@de\/114976909276697018","error":""},"_links":{"self":[{"href":"https:\/\/www.europesays.com\/de\/wp-json\/wp\/v2\/posts\/321279","targetHints":{"allow":["GET"]}}],"collection":[{"href":"https:\/\/www.europesays.com\/de\/wp-json\/wp\/v2\/posts"}],"about":[{"href":"https:\/\/www.europesays.com\/de\/wp-json\/wp\/v2\/types\/post"}],"author":[{"embeddable":true,"href":"https:\/\/www.europesays.com\/de\/wp-json\/wp\/v2\/users\/2"}],"replies":[{"embeddable":true,"href":"https:\/\/www.europesays.com\/de\/wp-json\/wp\/v2\/comments?post=321279"}],"version-history":[{"count":0,"href":"https:\/\/www.europesays.com\/de\/wp-json\/wp\/v2\/posts\/321279\/revisions"}],"wp:featuredmedia":[{"embeddable":true,"href":"https:\/\/www.europesays.com\/de\/wp-json\/wp\/v2\/media\/321280"}],"wp:attachment":[{"href":"https:\/\/www.europesays.com\/de\/wp-json\/wp\/v2\/media?parent=321279"}],"wp:term":[{"taxonomy":"category","embeddable":true,"href":"https:\/\/www.europesays.com\/de\/wp-json\/wp\/v2\/categories?post=321279"},{"taxonomy":"post_tag","embeddable":true,"href":"https:\/\/www.europesays.com\/de\/wp-json\/wp\/v2\/tags?post=321279"}],"curies":[{"name":"wp","href":"https:\/\/api.w.org\/{rel}","templated":true}]}}