{"id":321295,"date":"2025-08-05T15:47:10","date_gmt":"2025-08-05T15:47:10","guid":{"rendered":"https:\/\/www.europesays.com\/de\/321295\/"},"modified":"2025-08-05T15:47:10","modified_gmt":"2025-08-05T15:47:10","slug":"pornografisch-daenemark-streitet-ueber-neue-meerjungfrauenstatue","status":"publish","type":"post","link":"https:\/\/www.europesays.com\/de\/321295\/","title":{"rendered":"Pornografisch? D\u00e4nemark streitet \u00fcber neue Meerjungfrauenstatue"},"content":{"rendered":"<p>&#8222;H\u00e4sslich und pornografisch&#8220; sei sie, sagen Kritiker \u00fcber die Gro\u00dfe Meerjungfrau, die in Kopenhagen eigentlich als Pendant zum Touristenmagneten &#8222;Kleine Meerjungfrau&#8220; gedacht war. Die gro\u00dfe Variante befindet sich etwas au\u00dferhalb der Stadt in der Festung Drag\u00f8r. Die vier Meter hohe und 14 Tonnen schwere Figur wird von den D\u00e4nninen und D\u00e4nen vor allem wegen ihrer gro\u00dfen Oberweite als anst\u00f6\u00dfig empfunden. Das berichten die d\u00e4nische Zeitung \u201eJyllands-Posten\u201c und der britische \u201eGuardian\u201c. Auch die Beh\u00f6rden wollen sie nun von ihrem Standort entfernen. Dabei war die Gro\u00dfe Meerjungfrau schon einmal umgezogen. Urspr\u00fcnglich stand sie in der N\u00e4he der weltber\u00fchmten &#8222;Kleinen Meerjungrfau&#8220;. 2018 hatten sich Anwohner \u00fcber die &#8222;vulg\u00e4re und falsche&#8220; Meerjungfrau beschwert. Ihr Sch\u00f6pfer, der Bildhauer Peter Bleck, verteidigte sein Werk: Die Br\u00fcste seien proportional zur Gr\u00f6\u00dfe und dem Gewicht der Figur. Gemeinsam mit den Beh\u00f6rden sucht er nun nach einem neuen Standort.<\/p>\n","protected":false},"excerpt":{"rendered":"&#8222;H\u00e4sslich und pornografisch&#8220; sei sie, sagen Kritiker \u00fcber die Gro\u00dfe Meerjungfrau, die in Kopenhagen eigentlich als Pendant zum&hellip;\n","protected":false},"author":2,"featured_media":321296,"comment_status":"","ping_status":"","sticky":false,"template":"","format":"standard","meta":{"footnotes":""},"categories":[5],"tags":[331,332,3364,29,30,13,14,15,12],"class_list":{"0":"post-321295","1":"post","2":"type-post","3":"status-publish","4":"format-standard","5":"has-post-thumbnail","7":"category-nachrichten","8":"tag-aktuelle-nachrichten","9":"tag-aktuelle-news","10":"tag-de","11":"tag-deutschland","12":"tag-germany","13":"tag-headlines","14":"tag-nachrichten","15":"tag-news","16":"tag-schlagzeilen"},"share_on_mastodon":{"url":"https:\/\/pubeurope.com\/@de\/114976944561141810","error":""},"_links":{"self":[{"href":"https:\/\/www.europesays.com\/de\/wp-json\/wp\/v2\/posts\/321295","targetHints":{"allow":["GET"]}}],"collection":[{"href":"https:\/\/www.europesays.com\/de\/wp-json\/wp\/v2\/posts"}],"about":[{"href":"https:\/\/www.europesays.com\/de\/wp-json\/wp\/v2\/types\/post"}],"author":[{"embeddable":true,"href":"https:\/\/www.europesays.com\/de\/wp-json\/wp\/v2\/users\/2"}],"replies":[{"embeddable":true,"href":"https:\/\/www.europesays.com\/de\/wp-json\/wp\/v2\/comments?post=321295"}],"version-history":[{"count":0,"href":"https:\/\/www.europesays.com\/de\/wp-json\/wp\/v2\/posts\/321295\/revisions"}],"wp:featuredmedia":[{"embeddable":true,"href":"https:\/\/www.europesays.com\/de\/wp-json\/wp\/v2\/media\/321296"}],"wp:attachment":[{"href":"https:\/\/www.europesays.com\/de\/wp-json\/wp\/v2\/media?parent=321295"}],"wp:term":[{"taxonomy":"category","embeddable":true,"href":"https:\/\/www.europesays.com\/de\/wp-json\/wp\/v2\/categories?post=321295"},{"taxonomy":"post_tag","embeddable":true,"href":"https:\/\/www.europesays.com\/de\/wp-json\/wp\/v2\/tags?post=321295"}],"curies":[{"name":"wp","href":"https:\/\/api.w.org\/{rel}","templated":true}]}}