{"id":322621,"date":"2025-08-06T04:45:11","date_gmt":"2025-08-06T04:45:11","guid":{"rendered":"https:\/\/www.europesays.com\/de\/322621\/"},"modified":"2025-08-06T04:45:11","modified_gmt":"2025-08-06T04:45:11","slug":"jeder-vierte-meinungsmelder-unzufrieden-mit-bremer-behoerden","status":"publish","type":"post","link":"https:\/\/www.europesays.com\/de\/322621\/","title":{"rendered":"Jeder vierte Meinungsmelder unzufrieden mit Bremer Beh\u00f6rden"},"content":{"rendered":"<p class=\"article-toplinewrapper\">\nMeinungsmelder<\/p>\n<p>Standdatum: 6. August 2025.<\/p>\n<p>Autorinnen und Autoren:<br \/>\nEmmy Thume<\/p>\n<p><a href=\"https:\/\/www.butenunbinnen.de\/bilder\/amt-wartezeit-100~_v-800x450_c-1754398055273.jpg\" data-gallery-entry-for=\"meinungsmelder-bremer-behoerden-100\" data-size=\"2560x1440\" class=\"text-link\" target=\"_blank\" rel=\"noopener\"><\/p>\n<p><img decoding=\"async\" class=\"image -image-with-fallback -image-rounded  lazyload\" src=\"data:image\/gif;base64,R0lGODlhEAAJAIAAAP\/\/\/\/\/\/\/yH5BAEKAAEALAAAAAAQAAkAAAIKjI+py+0Po5yUFQA7\"   alt=\"Wartende Menschen auf einem Flur eines Amts (Symbolbild)\" title=\"Bild: Imago | Brigani-Art\/Sari\" data-image-owner=\"Imago | Brigani-Art\/Sari\" data-image-title=\"Wartende Menschen auf einem Flur eines Amts (Symbolbild)\" data-image-src=\"https:\/\/www.butenunbinnen.de\/bilder\/amt-wartezeit-100~_v-800x450_c-1754398055273.jpg\" data-image-rights-src=\"\/bilder\/amt-wartezeit-100~_v-640x360_c-1754398055273.jpg\"\/><\/p>\n<p><\/a><\/p>\n<p>Die langen Wartezeiten auf einen Termin und vor einem Termin werden h\u00e4ufig kritisiert. <\/p>\n<p>Bild: Imago | Brigani-Art\/Sari<\/p>\n<p class=\"article-intro\"><strong>Besonders die Wartezeiten auf Termine oder die Bearbeitungszeit von Antr\u00e4gen regen die Befragten auf. Die Wohngeldstelle schneidet am schlechtesten ab.<\/strong><\/p>\n<p>Das Thema Beh\u00f6rden und B\u00fcrgerservice hat knapp 3.000 Meinungsmelder und Meinungsmelderinnen angeregt, ihre Erfahrungen zu schildern. Die zeigen: Ihrer Meinung nach gibt es im B\u00fcrgerservice viel Luft nach oben. Bez\u00fcglich der Digitalisierung bei Beh\u00f6rdeng\u00e4ngen ist weniger als jeder F\u00fcnfte zufrieden. Dabei sagten zwei Drittel, f\u00fcr sie sei Digitalisierung wichtig. Die Meinungsmelder-Befragung ist nicht repr\u00e4sentativ. Diese Fragen stellte das Radio-Bremen-Meinungsmelder-Team den Teilnehmenden im Detail:<\/p>\n<p>Frage 1: Mit welcher \u00f6ffentlichen Einrichtung in Bremen oder Bremerhaven hatten Sie im letzten halben Jahr Kontakt?<\/p>\n<p>Hier k\u00f6nnen Sie sich externe Inhalte (Text, Bild, Video\u2026) von Datawrapper anzeigen lassen<\/p>\n<p class=\"embed-desc\">Stimmen Sie zu, stellt Ihr Browser eine Verbindung mit dem Anbieter her.<br \/><a href=\"https:\/\/www.butenunbinnen.de\/info\/datenschutz\/datenschutz-embeds100.html\" class=\"text-link\" target=\"_blank\" rel=\"noopener\">Mehr Infos zum Thema Datenschutz.<\/a><\/p>\n<p>Mehr als die H\u00e4lfte der Befragten (53%) hatte mit dem B\u00fcrger-Service-Center Kontakt. Darauf folgt das Finanzamt (35%) und die Kfz-Zulassungsbeh\u00f6rde (16%) sowie die Polizei (15%). Nur jeweils 2% der Befragten gaben an, dass sie mit dem Baf\u00f6g-Amt sowie mit dem Zoll Kontakt hatten. <\/p>\n<p>Frage 2: Wie zufrieden sind Sie mit der Beh\u00f6rde, mit der Sie Kontakt hatten?<\/p>\n<p>Hier k\u00f6nnen Sie sich externe Inhalte (Text, Bild, Video\u2026) von Datawrapper anzeigen lassen<\/p>\n<p class=\"embed-desc\">Stimmen Sie zu, stellt Ihr Browser eine Verbindung mit dem Anbieter her.<br \/><a href=\"https:\/\/www.butenunbinnen.de\/info\/datenschutz\/datenschutz-embeds100.html\" class=\"text-link\" target=\"_blank\" rel=\"noopener\">Mehr Infos zum Thema Datenschutz.<\/a><\/p>\n<p>Das Erlebnis war durchmischt. Ein Viertel ist mit der jeweiligen Beh\u00f6rde sehr unzufrieden. Die Wohngeldstelle schnitt am schlechtesten ab (4,32). Es folgen Migrations- und Bauamt (jeweils 3,8), die Schulbeh\u00f6rde (3,7) und das BAf\u00f6G-Amt (3,6). Als problematisch werden hier unter anderem die Wartezeiten genannt, sowohl vor Ort bei Terminen als auch bei der Bearbeitung des Anliegens. Positiv stechen Quartiersmanagement (2,3), Zoll (2,4), Polizei, Rentenstelle sowie das Gesundheitsamt (jeweils mit 2,5) heraus. Die Befragten sind im Durchschnitt demnach eher zufrieden mit diesen Einrichtungen, unter anderem wegen der Freundlichkeit und schnelleren Bearbeitung der Anliegen.<\/p>\n<p><a href=\"https:\/\/www.butenunbinnen.de\/bilder\/buergeramt-stadtamt112~_v-512x288_c-1505122608325.jpg\" data-gallery-entry-for=\"meinungsmelder-bremer-behoerden-100\" data-size=\"1920x1080\" class=\"text-link\" target=\"_blank\" rel=\"noopener\"><\/p>\n<p><img decoding=\"async\" class=\"image -image-with-fallback -image-rounded  lazyload\" src=\"data:image\/gif;base64,R0lGODlhEAAJAIAAAP\/\/\/\/\/\/\/yH5BAEKAAEALAAAAAAQAAkAAAIKjI+py+0Po5yUFQA7\"   alt=\"Anmeldebereich der Kfz-Zulassungsstellte im Stadtamt\" title=\"Bild: Radio Bremen\" data-image-owner=\"Radio Bremen\" data-image-title=\"Anmeldebereich der Kfz-Zulassungsstellte im Stadtamt\" data-image-src=\"https:\/\/www.butenunbinnen.de\/bilder\/buergeramt-stadtamt112~_v-512x288_c-1505122608325.jpg\" data-image-rights-src=\"\/bilder\/buergeramt-stadtamt112~_v-640x360_c-1505122608325.jpg\"\/><\/p>\n<p><\/a><\/p>\n<p>Um ein Auto anzumelden, ist die Kfz-Zulassungsstelle unumg\u00e4nglich.<\/p>\n<p>Bild: Radio Bremen<\/p>\n<p>Bei den drei am h\u00e4ufigsten genannten Einrichtungen f\u00e4llt auf, dass sie weder besonders gut, noch besonders schlecht abschneiden. Die Durchschnittswerte liegen zwischen einer 3,0 (Finanzamt &amp; Kfz-Zulassungsbeh\u00f6rde) und einer 3,1 (B\u00fcrger-Service-Center).<\/p>\n<p>Frage 3: Wie kommt es zu dieser Zufriedenheitsangabe? Bitte begr\u00fcnden Sie Ihre Erfahrung.<\/p>\n<p>Hier k\u00f6nnen Sie sich externe Inhalte (Text, Bild, Video\u2026) von Datawrapper anzeigen lassen<\/p>\n<p class=\"embed-desc\">Stimmen Sie zu, stellt Ihr Browser eine Verbindung mit dem Anbieter her.<br \/><a href=\"https:\/\/www.butenunbinnen.de\/info\/datenschutz\/datenschutz-embeds100.html\" class=\"text-link\" target=\"_blank\" rel=\"noopener\">Mehr Infos zum Thema Datenschutz.<\/a><\/p>\n<p>Beim B\u00fcrger-Service-Center sagten 37 Prozent, sie seien (eher) zufrieden. Daf\u00fcr sprechen Aspekte wie die Freundlichkeit und Kompetenz des Personals. (Eher) unzufrieden sind hingegen 40 Prozent und begr\u00fcnden dies unter anderem mit zu langen Wartezeiten auf und vor einem Termin. Auch die kurzfristige Terminvergabe wird kritisiert. <\/p>\n<blockquote class=\"citation -citation-type-simple\">\n<p class=\"citation-text\">Ich bin zum September 2024 wieder zur\u00fcck nach Bremen gezogen. Im Januar hatte ich dann den Termin zum Ummelden, den ich online gemacht hatte. Die offene Terminvergabe 2x w\u00f6chentl. vor Ort und das t\u00e4gl online schauen nach nem Termin blieben erfolglos<\/p>\n<p>52-j\u00e4hrige Meinungsmelderin aus Bremen Woltmershausen<\/p>\n<\/blockquote>\n<p>Zufriedenheit mit dem Finanzamt<\/p>\n<p>Hier k\u00f6nnen Sie sich externe Inhalte (Text, Bild, Video\u2026) von Datawrapper anzeigen lassen<\/p>\n<p class=\"embed-desc\">Stimmen Sie zu, stellt Ihr Browser eine Verbindung mit dem Anbieter her.<br \/><a href=\"https:\/\/www.butenunbinnen.de\/info\/datenschutz\/datenschutz-embeds100.html\" class=\"text-link\" target=\"_blank\" rel=\"noopener\">Mehr Infos zum Thema Datenschutz.<\/a><\/p>\n<p>Das Finanzamt erh\u00e4lt eine durchschnittliche Bewertung. 39 Prozent sagen, sie sind (eher) zufrieden, 37 Prozent sind (eher) unzufrieden. F\u00fcr die Zufriedenheit sprechen unter anderem die Freundlichkeit des Personals oder der reibungslose Prozess. F\u00fcr die Unzufriedenheit sprechen unter anderem die Dauer der Bearbeitungszeit und die Komplexit\u00e4t der Anliegen.<\/p>\n<blockquote class=\"citation -citation-type-simple\">\n<p class=\"citation-text\">Nachfrage am Infoschalter wurde sehr freundlich beantwortet und ein L\u00f6sungsvorschlag gemacht.<\/p>\n<p>66-j\u00e4hrige Meinungsmelderin aus Bremerhaven<\/p>\n<\/blockquote>\n<blockquote class=\"citation -citation-type-simple\">\n<p class=\"citation-text\">Die Bearbeitung der Steuererkl\u00e4rung von meiner Frau und mir hat sehr lange gedauert, wir konnten daher noch nicht die Steuererkl\u00e4rung f\u00fcr 2024 einreichen, weil wir immer noch auf den Bescheid f\u00fcr 2023 warten.<\/p>\n<p>33-j\u00e4hriger Meinungsmelder aus Bremen Findorff<\/p>\n<\/blockquote>\n<p>Zufriedenheit mit der Kfz-Zulassungsbeh\u00f6rde<\/p>\n<p>Hier k\u00f6nnen Sie sich externe Inhalte (Text, Bild, Video\u2026) von Datawrapper anzeigen lassen<\/p>\n<p class=\"embed-desc\">Stimmen Sie zu, stellt Ihr Browser eine Verbindung mit dem Anbieter her.<br \/><a href=\"https:\/\/www.butenunbinnen.de\/info\/datenschutz\/datenschutz-embeds100.html\" class=\"text-link\" target=\"_blank\" rel=\"noopener\">Mehr Infos zum Thema Datenschutz.<\/a><\/p>\n<p>Bei der Kfz-Zulassungsbeh\u00f6rde geben 37 Prozent an, eher zufrieden zu sein. F\u00fcr die Zufriedenheit sorgt unter anderem der reibungslose Prozess. F\u00fcr die 42 Prozent die angeben, eher unzufrieden zu sein, sind unter anderem Probleme bei der Terminvergabe oder ebenfalls zu lange Wartezeiten die Ursache. <\/p>\n<blockquote class=\"citation -citation-type-simple\">\n<p class=\"citation-text\">Einen Termin zu bekommen ist grauenhaft. Als ob ich ein halbes Jahr vorher wei\u00df, dass mein Auto kaputtgeht und ich ein neues ben\u00f6tige.<\/p>\n<p>36-j\u00e4hrige Meinungsmelderin aus Bremen Woltmershausen<\/p>\n<\/blockquote>\n<p>Frage 4: Die Digitalisierung ist bei \u00f6ffentlichen Einrichtungen oft ein gro\u00dfes Thema. Wenn Sie an die Erfahrungen aus dem letzten halben Jahr zur\u00fcckdenken: Wie zufrieden waren Sie mit der digitalen Umsetzung? Denken Sie an alle Bereiche: von einer m\u00f6glichen Terminvereinbarung bis hin zur Bearbeitung Ihres Anliegens.<\/p>\n<p>Hier k\u00f6nnen Sie sich externe Inhalte (Text, Bild, Video\u2026) von Datawrapper anzeigen lassen<\/p>\n<p class=\"embed-desc\">Stimmen Sie zu, stellt Ihr Browser eine Verbindung mit dem Anbieter her.<br \/><a href=\"https:\/\/www.butenunbinnen.de\/info\/datenschutz\/datenschutz-embeds100.html\" class=\"text-link\" target=\"_blank\" rel=\"noopener\">Mehr Infos zum Thema Datenschutz.<\/a><\/p>\n<p>Bei den Befragten ist auch an dieser Stelle die Ern\u00fcchterung gro\u00df: 39 Prozent sind eher unzufrieden mit der konkreten Umsetzung der Digitalisierung in der Praxis. Weniger als jeder F\u00fcnfte ist mit der Digitalisierung zufrieden. Als Gr\u00fcnde werden ein ineffizienter oder schwer verst\u00e4ndlicher Ablauf genannt. <\/p>\n<blockquote class=\"citation -citation-type-simple\">\n<p class=\"citation-text\">Adress\u00e4nderung innerhalb Bremens vorgenommen. Jedoch ist es umst\u00e4ndlich auf der Seite des Centers beschrieben. Ich w\u00fcrde mich als gebildet ansehen, aber die Erkl\u00e4rung des Prozesses auf der Webseite hat noch Luft nach oben. Daher gab es einen Gang umsonst zum Service Center&#8230;<\/p>\n<p>39-j\u00e4hrige Meinungsmelderin aus der \u00d6stlichen Vorstadt in Bremen<\/p>\n<\/blockquote>\n<p>Frage 5: Wie wichtig ist Ihnen generell die Digitalisierung bei Anliegen mit \u00f6ffentlichen Einrichtungen?<\/p>\n<p>Hier k\u00f6nnen Sie sich externe Inhalte (Text, Bild, Video\u2026) von Datawrapper anzeigen lassen<\/p>\n<p class=\"embed-desc\">Stimmen Sie zu, stellt Ihr Browser eine Verbindung mit dem Anbieter her.<br \/><a href=\"https:\/\/www.butenunbinnen.de\/info\/datenschutz\/datenschutz-embeds100.html\" class=\"text-link\" target=\"_blank\" rel=\"noopener\">Mehr Infos zum Thema Datenschutz.<\/a><\/p>\n<p>Die Erwartungen an die Digitalisierung im Zusammenhang mit den Beh\u00f6rdeng\u00e4ngen ist bei den Meinungsmeldern hoch: Rund drei Viertel erachten den Aspekt als (sehr) wichtig (68 Prozent). Es wurden zahlreiche Digitalisierungs-W\u00fcnsche formuliert, um die Beh\u00f6rdeng\u00e4nge zu verbessern. <\/p>\n<blockquote class=\"citation -citation-type-simple\">\n<p class=\"citation-text\">Die \u00d6ffnungszeiten der Beh\u00f6rden sind nicht arbeitnehmerfreundlich und die Termine trotz Termin (selbst morgens) mit Wartezeiten verbunden. Um eine Entlastung der Mitarbeiter der \u00f6ffentlichen Einrichtungen zu bezwecken, sollte dringend an digitalen L\u00f6sungen gearbeitet werden.<\/p>\n<p>28-j\u00e4hrige Meinungsmelderin aus Bremen Neustadt<\/p>\n<\/blockquote>\n<p><a href=\"https:\/\/www.butenunbinnen.de\/bilder\/amt-beamter-100~_v-512x288_c-1754398858997.jpg\" data-gallery-entry-for=\"meinungsmelder-bremer-behoerden-100\" data-size=\"2560x1440\" class=\"text-link\" target=\"_blank\" rel=\"noopener\"><\/p>\n<p><img decoding=\"async\" class=\"image -image-with-fallback -image-rounded  lazyload\" src=\"data:image\/gif;base64,R0lGODlhEAAJAIAAAP\/\/\/\/\/\/\/yH5BAEKAAEALAAAAAAQAAkAAAIKjI+py+0Po5yUFQA7\"   alt=\"Ein Mann sitzt an einem Schreibtisch vor Computerbildschirmen und schaut Akten durch.\" title=\"Bild: dpa | Ute Grabowsky\/photothek.de\" data-image-owner=\"dpa | Ute Grabowsky\/photothek.de\" data-image-title=\"Ein Mann sitzt an einem Schreibtisch vor Computerbildschirmen und schaut Akten durch.\" data-image-src=\"https:\/\/www.butenunbinnen.de\/bilder\/amt-beamter-100~_v-512x288_c-1754398858997.jpg\" data-image-rights-src=\"\/bilder\/amt-beamter-100~_v-640x360_c-1754398858997.jpg\"\/><\/p>\n<p><\/a><\/p>\n<p>Die Digitalisierung soll die meisten Prozesse erleichtern. Bei den Meinungsmeldern ist diese Verbesserung noch nicht sp\u00fcrbar.<\/p>\n<p>Bild: dpa | Ute Grabowsky\/photothek.de<\/p>\n<p>Die Befragten, die angeben, dass Digitalisierung weniger wichtig ist (8 Prozent), nannten unter anderem eine potenzielle Ausgrenzung von &#8222;undigitalen&#8220; Gruppen (z.B. \u00e4ltere Personen), Bedenken bez\u00fcglich des Datenschutzes und die allgemeine Skepsis gegen\u00fcber einer guten Umsetzung in der Praxis als Gr\u00fcnde.<\/p>\n<blockquote class=\"citation -citation-type-simple\">\n<p class=\"citation-text\">Es reicht aber nicht, die Prozesse auf Teufel komm raus zu digitalisieren, die Prozesse m\u00fcssen auch nutzerfreundlich gestaltet werden. Wenn das digitale Produkt mehr H\u00fcrden birgt, als das analoge Formular, hat man das Ziel verfehlt.<\/p>\n<p>32-j\u00e4hriger Meinungsmelder aus Bremen Neustadt<\/p>\n<\/blockquote>\n<blockquote class=\"citation -citation-type-simple\">\n<p class=\"citation-text\">Weitgehende Digitalisierung ist anzustreben, aber auch Digitalverweigerern und -\u00fcberforderten muss ein angemessener Zugang erm\u00f6glicht werden.<\/p>\n<p>60-j\u00e4hriger Meinungsmelder aus Bremerhaven<\/p>\n<\/blockquote>\n<p>Information zum Thema<br \/>\nDatenbasis<\/p>\n<p>2.921 Menschen im Alter zwischen 15 und 90 Jahren haben sich an unserer Online-Befragung vom 23. bis 29. Juli 2025 beteiligt. Die Radio-Bremen-Meinungsmelder-Befragung ist nicht repr\u00e4sentativ. 96 Befragte machten keine Angaben zu ihrem Alter. 2.535 Befragte gaben an, aus Bremen zu kommen, 143 aus Bremerhaven und 137 aus dem Umland. 106 Befragte machten keine Angabe zu ihrem Wohnort. Bei der Frage nach dem Geschlecht w\u00e4hlten 1.358 Menschen &#8222;weiblich&#8220;, 1.451 &#8222;m\u00e4nnlich&#8220; sowie 16 die Antwortoption &#8222;divers&#8220;. 96 Befragte machten keine Angabe.<\/p>\n<p>Die Befragung ist auch hinsichtlich der Soziodemographie nicht repr\u00e4sentativ!<\/p>\n<p>Ende der Information zum Thema<\/p>\n<p>Mehr zum Thema:<\/p>\n<p class=\"article-legal-agencies\"><strong>Quelle<\/strong>:<br \/>\nbuten un binnen.\n<\/p>\n<p class=\"article-legal-broadcast-reference\"><strong>Dieses Thema im Programm:<\/strong><br \/>\nbuten un binnen, 6. August 2025, 19:30 Uhr<\/p>\n","protected":false},"excerpt":{"rendered":"Meinungsmelder Standdatum: 6. August 2025. Autorinnen und Autoren: Emmy Thume Die langen Wartezeiten auf einen Termin und vor&hellip;\n","protected":false},"author":2,"featured_media":322622,"comment_status":"","ping_status":"","sticky":false,"template":"","format":"standard","meta":{"footnotes":""},"categories":[1824],"tags":[20244,8391,91792,14884,7443,2420,6703,19410,3364,29,30,91791,91789,91790,121],"class_list":{"0":"post-322621","1":"post","2":"type-post","3":"status-publish","4":"format-standard","5":"has-post-thumbnail","7":"category-bremen","8":"tag-finanzamt","9":"tag-amt","10":"tag-bafoeg","11":"tag-befragung","12":"tag-behoerden","13":"tag-bremen","14":"tag-bremerhaven","15":"tag-buergerservice","16":"tag-de","17":"tag-deutschland","18":"tag-germany","19":"tag-kfz-zulassungsbehoerde","20":"tag-meinungsmelder","21":"tag-oeffentliche-einrichtungen","22":"tag-polizei"},"share_on_mastodon":{"url":"https:\/\/pubeurope.com\/@de\/114980003750102797","error":""},"_links":{"self":[{"href":"https:\/\/www.europesays.com\/de\/wp-json\/wp\/v2\/posts\/322621","targetHints":{"allow":["GET"]}}],"collection":[{"href":"https:\/\/www.europesays.com\/de\/wp-json\/wp\/v2\/posts"}],"about":[{"href":"https:\/\/www.europesays.com\/de\/wp-json\/wp\/v2\/types\/post"}],"author":[{"embeddable":true,"href":"https:\/\/www.europesays.com\/de\/wp-json\/wp\/v2\/users\/2"}],"replies":[{"embeddable":true,"href":"https:\/\/www.europesays.com\/de\/wp-json\/wp\/v2\/comments?post=322621"}],"version-history":[{"count":0,"href":"https:\/\/www.europesays.com\/de\/wp-json\/wp\/v2\/posts\/322621\/revisions"}],"wp:featuredmedia":[{"embeddable":true,"href":"https:\/\/www.europesays.com\/de\/wp-json\/wp\/v2\/media\/322622"}],"wp:attachment":[{"href":"https:\/\/www.europesays.com\/de\/wp-json\/wp\/v2\/media?parent=322621"}],"wp:term":[{"taxonomy":"category","embeddable":true,"href":"https:\/\/www.europesays.com\/de\/wp-json\/wp\/v2\/categories?post=322621"},{"taxonomy":"post_tag","embeddable":true,"href":"https:\/\/www.europesays.com\/de\/wp-json\/wp\/v2\/tags?post=322621"}],"curies":[{"name":"wp","href":"https:\/\/api.w.org\/{rel}","templated":true}]}}