{"id":322718,"date":"2025-08-06T05:40:12","date_gmt":"2025-08-06T05:40:12","guid":{"rendered":"https:\/\/www.europesays.com\/de\/322718\/"},"modified":"2025-08-06T05:40:12","modified_gmt":"2025-08-06T05:40:12","slug":"arminia-sportchef-mutzel-beim-thema-transfers-zurueckhaltend-kein-handlungsdruck-dsc-arminia-bielefeld","status":"publish","type":"post","link":"https:\/\/www.europesays.com\/de\/322718\/","title":{"rendered":"Arminia-Sportchef Mutzel beim Thema Transfers zur\u00fcckhaltend: \u201eKein Handlungsdruck\u201c | DSC Arminia Bielefeld"},"content":{"rendered":"<p class=\"em_text lz-blur\">F\u00fcnf Neuzug\u00e4nge hat der DSC bislang unter Vertrag genommen. Weitere Verpflichtungen schlie\u00dft der 45-J\u00e4hrige nicht aus \u2013 und mauert beim Thema Marius W\u00f6rl.<\/p>\n<p>0,99 \u20ac im ersten Monat<\/p>\n<p>monatlich k\u00fcndbar<\/p>\n<p class=\"lead\">\n<a class=\"btn btn-lg btn-primary funnel-entry\" data-upscore-conversion=\"1\" href=\"https:\/\/www.lz.de\/service\/angebote\/checkout\/data?abos=D001_8216_50090_8&amp;em_cnt=24150366&amp;em_loc=22529\" role=\"button\" data-label=\"paywall\" data-product=\"D001_8216_50090_8\" data-price=\"11,99 EUR\" data-nm=\"paywall_cta_modul\">Angebot sichern<\/a><\/p>\n<p>\n Alle Artikel lesen<br \/> Weniger Werbung<\/p>\n<p class=\"text-center bei-login-ausblenden\">Bereits Abonnent? <a href=\"#\" id=\"loginLink\" data-nm=\"paywall-2024-loginlink_button_artikel\">Hier einloggen!<\/a><\/p>\n<p>angemeldet bleiben<br \/>\n | <a href=\"https:\/\/www.lz.de\/myonline\/?pid=7\" target=\"_blank\" rel=\"noopener\">Passwort vergessen?<\/a><\/p>\n<p>\nJetzt anmelden<\/p>\n","protected":false},"excerpt":{"rendered":"F\u00fcnf Neuzug\u00e4nge hat der DSC bislang unter Vertrag genommen. Weitere Verpflichtungen schlie\u00dft der 45-J\u00e4hrige nicht aus \u2013 und&hellip;\n","protected":false},"author":2,"featured_media":322719,"comment_status":"","ping_status":"","sticky":false,"template":"","format":"standard","meta":{"footnotes":""},"categories":[1841],"tags":[2368,91813,21063,1605,8406,3364,29,8400,30,91814,53683,24478,4281,730,1611,4280,1609,1608,2378,43108,1613,22713,2373,21755,1209,3144,2374,4279],"class_list":{"0":"post-322718","1":"post","2":"type-post","3":"status-publish","4":"format-standard","5":"has-post-thumbnail","7":"category-bielefeld","8":"tag-arminia-bielefeld","9":"tag-auftaktpartie","10":"tag-auftaktsieg","11":"tag-bielefeld","12":"tag-dsseldorf","13":"tag-de","14":"tag-deutschland","15":"tag-fortuna-dsseldorf","16":"tag-germany","17":"tag-handlungsdruck","18":"tag-joel-felix","19":"tag-julian-kania","20":"tag-label_arminia","21":"tag-label_grafik","22":"tag-label_informiere-mich","23":"tag-label_l-120","24":"tag-label_plus-ok","25":"tag-label_top-news","26":"tag-label_umfrage","27":"tag-marius-wrl","28":"tag-meta_userneeds_informieremich","29":"tag-michael-mutzel","30":"tag-mitch-kniat","31":"tag-neuzugang","32":"tag-nordrhein-westfalen","33":"tag-ostwestfalen","34":"tag-sam-schreck","35":"tag-serie_nlarminia"},"share_on_mastodon":{"url":"","error":"Validation failed: Text character limit of 500 exceeded"},"_links":{"self":[{"href":"https:\/\/www.europesays.com\/de\/wp-json\/wp\/v2\/posts\/322718","targetHints":{"allow":["GET"]}}],"collection":[{"href":"https:\/\/www.europesays.com\/de\/wp-json\/wp\/v2\/posts"}],"about":[{"href":"https:\/\/www.europesays.com\/de\/wp-json\/wp\/v2\/types\/post"}],"author":[{"embeddable":true,"href":"https:\/\/www.europesays.com\/de\/wp-json\/wp\/v2\/users\/2"}],"replies":[{"embeddable":true,"href":"https:\/\/www.europesays.com\/de\/wp-json\/wp\/v2\/comments?post=322718"}],"version-history":[{"count":0,"href":"https:\/\/www.europesays.com\/de\/wp-json\/wp\/v2\/posts\/322718\/revisions"}],"wp:featuredmedia":[{"embeddable":true,"href":"https:\/\/www.europesays.com\/de\/wp-json\/wp\/v2\/media\/322719"}],"wp:attachment":[{"href":"https:\/\/www.europesays.com\/de\/wp-json\/wp\/v2\/media?parent=322718"}],"wp:term":[{"taxonomy":"category","embeddable":true,"href":"https:\/\/www.europesays.com\/de\/wp-json\/wp\/v2\/categories?post=322718"},{"taxonomy":"post_tag","embeddable":true,"href":"https:\/\/www.europesays.com\/de\/wp-json\/wp\/v2\/tags?post=322718"}],"curies":[{"name":"wp","href":"https:\/\/api.w.org\/{rel}","templated":true}]}}