{"id":323202,"date":"2025-08-06T10:12:10","date_gmt":"2025-08-06T10:12:10","guid":{"rendered":"https:\/\/www.europesays.com\/de\/323202\/"},"modified":"2025-08-06T10:12:10","modified_gmt":"2025-08-06T10:12:10","slug":"bvb-bellingham-boni-enthuellt-dortmund-kassiert-diesen-sommer-von-real-madrid-sport","status":"publish","type":"post","link":"https:\/\/www.europesays.com\/de\/323202\/","title":{"rendered":"BVB: Bellingham-Boni enth\u00fcllt! Dortmund kassiert diesen Sommer von Real Madrid | Sport"},"content":{"rendered":"<p><b>In der Chef-Etage sind sie sich einig: Der Transfer von Jobe Bellingham (19\/f\u00fcr 30 Mio. aus Sunderland) war das Beste, was dem BVB h\u00e4tte passieren k\u00f6nnen.<\/b><\/p>\n<p>Bellingham will aus dem Schatten seines \u00e4lteren Bruders Jude (22) treten \u2013 der im Verein allein aus wirtschaftlichen Gr\u00fcnden l\u00e4ngst nicht in Vergessenheit geraten ist.<\/p>\n<p><b>2023 kassierte der BVB eine fixe Abl\u00f6se von 103 Mio. Euro f\u00fcr den Bellingham-Wechsel zu Real Madrid. Die Bosse handelten mit dem spanischen Rekordmeister zudem ein fettes Bonus-Paket aus. <\/b><\/p>\n<p><b>Wie viel der BVB in diesem Sommer kassierte und welcher Betrag noch offen ist. Alle Hintergr\u00fcnde und Details mit BILDplus.<\/b><\/p>\n","protected":false},"excerpt":{"rendered":"In der Chef-Etage sind sie sich einig: Der Transfer von Jobe Bellingham (19\/f\u00fcr 30 Mio. aus Sunderland) war&hellip;\n","protected":false},"author":2,"featured_media":323203,"comment_status":"","ping_status":"","sticky":false,"template":"","format":"standard","meta":{"footnotes":""},"categories":[1833],"tags":[27636,888,3364,29,217,538,30,1209,25275,3349,803,819,45,1261],"class_list":{"0":"post-323202","1":"post","2":"type-post","3":"status-publish","4":"format-standard","5":"has-post-thumbnail","7":"category-dortmund","8":"tag-bellingham-jude","9":"tag-borussia-dortmund","10":"tag-de","11":"tag-deutschland","12":"tag-dortmund","13":"tag-erste-bundesliga","14":"tag-germany","15":"tag-nordrhein-westfalen","16":"tag-primera-division-la-liga","17":"tag-real-madrid","18":"tag-spielertransfer","19":"tag-sport-leuchtturm-essen","20":"tag-texttospeech","21":"tag-toralarm-top-news"},"share_on_mastodon":{"url":"https:\/\/pubeurope.com\/@de\/114981289652666697","error":""},"_links":{"self":[{"href":"https:\/\/www.europesays.com\/de\/wp-json\/wp\/v2\/posts\/323202","targetHints":{"allow":["GET"]}}],"collection":[{"href":"https:\/\/www.europesays.com\/de\/wp-json\/wp\/v2\/posts"}],"about":[{"href":"https:\/\/www.europesays.com\/de\/wp-json\/wp\/v2\/types\/post"}],"author":[{"embeddable":true,"href":"https:\/\/www.europesays.com\/de\/wp-json\/wp\/v2\/users\/2"}],"replies":[{"embeddable":true,"href":"https:\/\/www.europesays.com\/de\/wp-json\/wp\/v2\/comments?post=323202"}],"version-history":[{"count":0,"href":"https:\/\/www.europesays.com\/de\/wp-json\/wp\/v2\/posts\/323202\/revisions"}],"wp:featuredmedia":[{"embeddable":true,"href":"https:\/\/www.europesays.com\/de\/wp-json\/wp\/v2\/media\/323203"}],"wp:attachment":[{"href":"https:\/\/www.europesays.com\/de\/wp-json\/wp\/v2\/media?parent=323202"}],"wp:term":[{"taxonomy":"category","embeddable":true,"href":"https:\/\/www.europesays.com\/de\/wp-json\/wp\/v2\/categories?post=323202"},{"taxonomy":"post_tag","embeddable":true,"href":"https:\/\/www.europesays.com\/de\/wp-json\/wp\/v2\/tags?post=323202"}],"curies":[{"name":"wp","href":"https:\/\/api.w.org\/{rel}","templated":true}]}}