{"id":323412,"date":"2025-08-06T12:07:12","date_gmt":"2025-08-06T12:07:12","guid":{"rendered":"https:\/\/www.europesays.com\/de\/323412\/"},"modified":"2025-08-06T12:07:12","modified_gmt":"2025-08-06T12:07:12","slug":"insolvenz-ikonische-modemarke-sucht-investoren-regional","status":"publish","type":"post","link":"https:\/\/www.europesays.com\/de\/323412\/","title":{"rendered":"Insolvenz: Ikonische Modemarke sucht Investoren | Regional"},"content":{"rendered":"<p>Hamburg \u2013 <b>Die Jeans von \u201eClosed\u201c sind legend\u00e4r. Sp\u00e4testens seit Modeikone Sarah Jessica Parker die Hose mit dem Schildchen unterm Knopf im \u201eSex and the City 2\u201c-Film trug. Jetzt hat das bekannte Hamburger Modeunternehmen Insolvenz angemeldet. <\/b><\/p>\n<p>\u201eDie in Deutschland ans\u00e4ssigen Gesellschaften der Closed Gruppe haben am 5. August 2025 beim Amtsgericht Hamburg einen Antrag auf Er\u00f6ffnung des <a href=\"https:\/\/www.bild.de\/themen\/specials\/insolvenz\/finanzen-nachrichten-news-fotos-videos-21175522.bild.html\" class=\"text-link\" rel=\"nofollow noopener\" target=\"_blank\">Insolvenzverfahrens<\/a> bestellt\u201c, hei\u00dft es in einer Mitteilung der Kanzlei SJPP.<\/p>\n<p>Gr\u00fcndung im Jahr 1978<\/p>\n<p>Dabei gilt die Marke als eine Ikone der <a href=\"https:\/\/www.bild.de\/lifestyle\/mode-beauty\/mode-und-beauty\/home-15720810.bild.html\" class=\"text-link\" rel=\"nofollow noopener\" target=\"_blank\">Modebranche<\/a>. Gegr\u00fcndet wurde sie 1978 von den bekannten franz\u00f6sischen Designern Marith\u00e9 und Fran\u00e7ois Girbaud. Anfang der 90er-Jahre erwarben Hamburger Gesch\u00e4ftsleute die Rechte. <\/p>\n<p><img decoding=\"async\" width=\"992\" height=\"1377\" alt=\"Sarah Jessica Parker trug eine Jeans von \u201eClosed\u201c in \u201eSex and the City 2\u201c - und sorgte daf\u00fcr, das das Modell schnell ausverkauft war\" src=\"https:\/\/www.europesays.com\/de\/wp-content\/uploads\/2025\/08\/767d88e87d34cb8b45dfd55fa5cb9fb0,64a928b4\"   class=\"dynamic\" loading=\"lazy\"\/><\/p>\n<p class=\"fig__caption__text\">Sarah Jessica Parker trug eine Jeans von \u201eClosed\u201c in \u201eSex and the City 2\u201c &#8211; und sorgte daf\u00fcr, das das Modell schnell ausverkauft war<\/p>\n<p>Foto: Getty Images<\/p>\n<p>Vor \u00fcber 20 Jahren \u00fcbernahmen schlie\u00dflich die drei Freunde Gordon Giers, Til Nadler (aus der bekannten Feinkost-Familie) und Hans Redlefsen (wie die Wurst) das Unternehmen, das vor allem f\u00fcr seine <a href=\"https:\/\/www.bild.de\/themen\/specials\/jeans\/mode-nachrichten-news-fotos-videos-30538518.bild.html\" class=\"text-link\" rel=\"nofollow noopener\" target=\"_blank\">Jeans<\/a> bekannt ist.<\/p>\n<p><img decoding=\"async\" width=\"992\" height=\"558\" alt=\"Diese Hamburger machten \u201eClosed\u201c gro\u00df (v. l.): Hans Redlefsen, Gordon Giers und Til Nadler\" src=\"https:\/\/www.europesays.com\/de\/wp-content\/uploads\/2025\/08\/39428a44c75826d580d73b5ffffdf2bb,10ff0c59\"   class=\"landscape\" loading=\"lazy\"\/><\/p>\n<p class=\"fig__caption__text\">Diese Hamburger machten \u201eClosed\u201c gro\u00df (v. l.): Hans Redlefsen, Gordon Giers und Til Nadler<\/p>\n<p>Foto: Agency People Image<\/p>\n<p>120 Millionen Euro Umsatz<\/p>\n<p>Das hat inzwischen laut der Mitteilung neben dem Online-Shop und sechs Outlets allein 27 Filialen, darunter auf Sylt, in Amsterdam und auf Mallorca. Mit rund 450 Mitarbeitern erwirtschaftete \u201eClosed\u201c im Jahr 2022 noch einen Umsatz von rund 120 Millionen Euro.<\/p>\n<p><img decoding=\"async\" width=\"992\" height=\"1178\" alt=\"Die ikonische \u201ePedal Pusher\u201c-Jeans von Closed (ab 200 Euro)\" src=\"https:\/\/www.europesays.com\/de\/wp-content\/uploads\/2025\/08\/382adf2d2f6cf9973826bbbbbce95294,28f4c89d\"   class=\"portrait\" loading=\"lazy\"\/><\/p>\n<p class=\"fig__caption__text\">Die ikonische \u201ePedal Pusher\u201c-Jeans von Closed (ab 200 Euro)<\/p>\n<p>Foto: Closed<\/p>\n<p>Wie es zu der finanziellen Schieflage kommen konnte? Laut \u201eHamburger Abendblatt\u201c wurde die Insolvenz notwendig, \u201ewegen einer zu hohen Verschuldung und der damit einhergehenden Finanzierungskosten\u201c. Nun sucht das Unternehmen Investoren.<\/p>\n<p>Mehr zum ThemaInsolvenzverwalter zuversichtlich<\/p>\n<p>Der vorl\u00e4ufige Insolvenzverwalter Stefan Denkhaus aus <a href=\"https:\/\/www.bild.de\/regional\/hamburg\/hamburg-regional\/home-16344102.bild.html\" class=\"text-link\" rel=\"nofollow noopener\" target=\"_blank\">Hamburg<\/a> glaubt an eine erfolgreiche Rettung. \u201eClosed ist eine tolle Marke \u2013 ich bin sehr zuversichtlich, dass wir einen Investor f\u00fcr Closed finden und wir Closed als Hamburger Unternehmen erhalten\u201c, zitiert das \u201eAbendblatt\u201c ihn.<\/p>\n","protected":false},"excerpt":{"rendered":"Hamburg \u2013 Die Jeans von \u201eClosed\u201c sind legend\u00e4r. Sp\u00e4testens seit Modeikone Sarah Jessica Parker die Hose mit dem&hellip;\n","protected":false},"author":2,"featured_media":323413,"comment_status":"","ping_status":"","sticky":false,"template":"","format":"standard","meta":{"footnotes":""},"categories":[134],"tags":[175,170,169,29,30,692,1551,2263,171,174,350,17370,1371,45,173,172,55],"class_list":{"0":"post-323412","1":"post","2":"type-post","3":"status-publish","4":"format-standard","5":"has-post-thumbnail","7":"category-unternehmen-maerkte","8":"tag-business","9":"tag-companies","10":"tag-companies-markets","11":"tag-deutschland","12":"tag-germany","13":"tag-hamburg","14":"tag-insolvenz","15":"tag-investor","16":"tag-markets","17":"tag-maerkte","18":"tag-mode","19":"tag-modelabel","20":"tag-pleite","21":"tag-texttospeech","22":"tag-unternehmen","23":"tag-unternehmen-maerkte","24":"tag-wirtschaft"},"share_on_mastodon":{"url":"https:\/\/pubeurope.com\/@de\/114981741886089984","error":""},"_links":{"self":[{"href":"https:\/\/www.europesays.com\/de\/wp-json\/wp\/v2\/posts\/323412","targetHints":{"allow":["GET"]}}],"collection":[{"href":"https:\/\/www.europesays.com\/de\/wp-json\/wp\/v2\/posts"}],"about":[{"href":"https:\/\/www.europesays.com\/de\/wp-json\/wp\/v2\/types\/post"}],"author":[{"embeddable":true,"href":"https:\/\/www.europesays.com\/de\/wp-json\/wp\/v2\/users\/2"}],"replies":[{"embeddable":true,"href":"https:\/\/www.europesays.com\/de\/wp-json\/wp\/v2\/comments?post=323412"}],"version-history":[{"count":0,"href":"https:\/\/www.europesays.com\/de\/wp-json\/wp\/v2\/posts\/323412\/revisions"}],"wp:featuredmedia":[{"embeddable":true,"href":"https:\/\/www.europesays.com\/de\/wp-json\/wp\/v2\/media\/323413"}],"wp:attachment":[{"href":"https:\/\/www.europesays.com\/de\/wp-json\/wp\/v2\/media?parent=323412"}],"wp:term":[{"taxonomy":"category","embeddable":true,"href":"https:\/\/www.europesays.com\/de\/wp-json\/wp\/v2\/categories?post=323412"},{"taxonomy":"post_tag","embeddable":true,"href":"https:\/\/www.europesays.com\/de\/wp-json\/wp\/v2\/tags?post=323412"}],"curies":[{"name":"wp","href":"https:\/\/api.w.org\/{rel}","templated":true}]}}