{"id":323750,"date":"2025-08-06T15:13:13","date_gmt":"2025-08-06T15:13:13","guid":{"rendered":"https:\/\/www.europesays.com\/de\/323750\/"},"modified":"2025-08-06T15:13:13","modified_gmt":"2025-08-06T15:13:13","slug":"fw-bo-feuer-mit-menschenleben-in-gefahr-in-bochum-wiemelhausen","status":"publish","type":"post","link":"https:\/\/www.europesays.com\/de\/323750\/","title":{"rendered":"FW-BO: Feuer mit Menschenleben in Gefahr in Bochum-Wiemelhausen"},"content":{"rendered":"<p class=\"date\">06.08.2025 \u2013 16:27<\/p>\n<p class=\"customer\">\n                        <a class=\"story-customer\" title=\"weiter zum newsroom von Feuerwehr Bochum\" href=\"https:\/\/www.presseportal.de\/blaulicht\/nr\/115868\" rel=\"nofollow noopener\" target=\"_blank\">Feuerwehr Bochum<\/a>\n                    <\/p>\n<p><a class=\"glightbox event-trigger\" href=\"https:\/\/cache.pressmailing.net\/thumbnail\/story_hires\/768c2a81-9a7f-422c-b6d5-f93be00425ad\/20250806_133420.jpg.jpg\" data-description=\"Einsatzkr\u00e4fte der Feuerwehr Bochum\" data-category=\"medialightbox\" data-action=\"click\" data-label=\"single\" data-value=\"68936658270000fd2c247d4a\" rel=\"nofollow noopener\" target=\"_blank\"><img decoding=\"async\" height=\"540\" with=\"720\" src=\"https:\/\/www.europesays.com\/de\/wp-content\/uploads\/2025\/08\/fw-bo-feuer-mit-menschenleben-in-gefahr-in-bochum-wiemelhausen.jpeg\"   alt=\"FW-BO: Feuer mit Menschenleben in Gefahr in Bochum-Wiemelhausen\" class=\"single\"\/><\/a><\/p>\n<p><a data-category=\"citylink-story-view\" data-action=\"click\" data-label=\"Citylink in Meldungsansicht\" class=\"story-city event-trigger\" href=\"https:\/\/www.presseportal.de\/regional\/Bochum\" title=\"News aus Bochum \" rel=\"nofollow noopener\" target=\"_blank\">Bochum<\/a> (ots)<\/p>\n<p>Die Feuerwehr Bochum wurde am Mittag zu einem Feuer mit Menschenleben in Gefahr in Wiemelhausen alarmiert. Eine Person wurde ins Krankenhaus transportiert.<\/p>\n<p>Gegen 13:20 Uhr informierte eine Frau die Leitstelle der Feuerwehr Bochum \u00fcber ein Feuer in Ihrer Wohnung. Ihr Ehemann wurde in der Wohnung vermisst. Darauf hin wurden umfangreiche Kr\u00e4fte der Feuerwehr und des Rettungsdienstes von allen Wachen der Berufsfeuerwehr sowie die L\u00f6scheinheit Stiepel der Freiwilligen Feuerwehr zur Einsatzadresse entsandt.<br \/>\nDie Person wurde beim Eintreffen der Feuerwehr noch in der Brandwohnung vermisst. Nach kurzer Zeit konnte die Person ins Freie gef\u00fchrt werden. Bei dem Brand handelte es sich um einen Kleinbrand in der K\u00fcche. Die Person wurde nach einer rettungsdienstlichen Erstuntersuchung einem Krankenhaus zugef\u00fchrt.<br \/>\nDie Feuerwehr Bochum war mit 36 Kr\u00e4ften f\u00fcr ca. 45 Minuten vor Ort.<\/p>\n<p class=\"contact-headline\">R\u00fcckfragen bitte an:<\/p>\n<p class=\"contact-text\">R\u00fcckfragen bitte an:<\/p>\n<p>Feuerwehr Bochum<br \/>E-Mail: <a href=\"https:\/\/www.presseportal.de\/blaulicht\/pm\/115868\/mailto: feuerwehr-pressestelle@bochum.de\" class=\"uri-mailto\" rel=\"nofollow noopener\" target=\"_blank\"> feuerwehr-pressestelle@bochum.de<\/a><br \/>Telefon: +49 (0)234 9254-978<br \/>Verfasser: Tobias Krebber<br \/><a target=\"_blank\" class=\"uri-ext outbound\" rel=\"noopener nofollow\" href=\"https:\/\/www.bochum.de\/Feuerwehr\">https:\/\/www.bochum.de\/Feuerwehr<\/a><\/p>\n<p class=\"originator\">Original-Content von: Feuerwehr Bochum, \u00fcbermittelt durch news aktuell<\/p>\n","protected":false},"excerpt":{"rendered":"06.08.2025 \u2013 16:27 Feuerwehr Bochum Bochum (ots) Die Feuerwehr Bochum wurde am Mittag zu einem Feuer mit Menschenleben&hellip;\n","protected":false},"author":2,"featured_media":323751,"comment_status":"","ping_status":"","sticky":false,"template":"","format":"standard","meta":{"footnotes":""},"categories":[1839],"tags":[7507,2919,3364,29,985,30,1209,176,178,180,179,181],"class_list":{"0":"post-323750","1":"post","2":"type-post","3":"status-publish","4":"format-standard","5":"has-post-thumbnail","7":"category-bochum","8":"tag-bochum","9":"tag-brand","10":"tag-de","11":"tag-deutschland","12":"tag-feuerwehr","13":"tag-germany","14":"tag-nordrhein-westfalen","15":"tag-nrw","16":"tag-presse","17":"tag-pressemeldung","18":"tag-pressemitteilung","19":"tag-pressemitteilungen"},"share_on_mastodon":{"url":"https:\/\/pubeurope.com\/@de\/114982473164975509","error":""},"_links":{"self":[{"href":"https:\/\/www.europesays.com\/de\/wp-json\/wp\/v2\/posts\/323750","targetHints":{"allow":["GET"]}}],"collection":[{"href":"https:\/\/www.europesays.com\/de\/wp-json\/wp\/v2\/posts"}],"about":[{"href":"https:\/\/www.europesays.com\/de\/wp-json\/wp\/v2\/types\/post"}],"author":[{"embeddable":true,"href":"https:\/\/www.europesays.com\/de\/wp-json\/wp\/v2\/users\/2"}],"replies":[{"embeddable":true,"href":"https:\/\/www.europesays.com\/de\/wp-json\/wp\/v2\/comments?post=323750"}],"version-history":[{"count":0,"href":"https:\/\/www.europesays.com\/de\/wp-json\/wp\/v2\/posts\/323750\/revisions"}],"wp:featuredmedia":[{"embeddable":true,"href":"https:\/\/www.europesays.com\/de\/wp-json\/wp\/v2\/media\/323751"}],"wp:attachment":[{"href":"https:\/\/www.europesays.com\/de\/wp-json\/wp\/v2\/media?parent=323750"}],"wp:term":[{"taxonomy":"category","embeddable":true,"href":"https:\/\/www.europesays.com\/de\/wp-json\/wp\/v2\/categories?post=323750"},{"taxonomy":"post_tag","embeddable":true,"href":"https:\/\/www.europesays.com\/de\/wp-json\/wp\/v2\/tags?post=323750"}],"curies":[{"name":"wp","href":"https:\/\/api.w.org\/{rel}","templated":true}]}}