{"id":324821,"date":"2025-08-07T00:45:27","date_gmt":"2025-08-07T00:45:27","guid":{"rendered":"https:\/\/www.europesays.com\/de\/324821\/"},"modified":"2025-08-07T00:45:27","modified_gmt":"2025-08-07T00:45:27","slug":"dobrindt-will-grenzkontrollen-in-deutschland-verlaengern","status":"publish","type":"post","link":"https:\/\/www.europesays.com\/de\/324821\/","title":{"rendered":"Dobrindt will Grenzkontrollen in Deutschland verl\u00e4ngern"},"content":{"rendered":"<p>        Migration<br \/>\n      Dobrindt k\u00fcndigt Verl\u00e4ngerung von Grenzkontrollen an<\/p>\n<p>            Artikel anh\u00f6ren<\/p>\n<p>            Kopiere den aktuellen Link<\/p>\n<p>          Zur Merkliste hinzuf\u00fcgen<\/p>\n<p>Bundesinnenminister\u00a0Alexander Dobrindt\u00a0plant\u00a0eine Verl\u00e4ngerung\u00a0der\u00a0Grenzkontrollen\u00a0und\u00a0weitere\u00a0Abschiebungen \u2013 auch nach Afghanistan und Syrien.<\/p>\n<p class=\"typo-body-default is-initial\">Bundesinnenminister <a class=\"\" data-target-type=\"article\" href=\"https:\/\/www.stern.de\/politik\/deutschland\/themen\/alexander-dobrindt-4540574.html\" rel=\"nofollow noopener\" target=\"_blank\">Alexander Dobrindt<\/a> (CSU) will die vor\u00fcbergehenden Kontrollen an allen deutschen Landesgrenzen einem Medienbericht zufolge erneut verl\u00e4ngern.\u00a0<\/p>\n<p class=\"typo-body-default\">&#8222;Wir werden die <a class=\"taxonomy-entity keyword\" data-target-type=\"article\" href=\"https:\/\/www.stern.de\/politik\/ausland\/themen\/grenzkontrolle-4148172.html\" rel=\"nofollow noopener\" target=\"_blank\">Grenzkontrollen<\/a> weiter aufrechterhalten&#8220;, sagte er im am Donnerstag ver\u00f6ffentlichten Podcast &#8222;Table.Today&#8220;. Es werde sowohl Kontrollen als auch Zur\u00fcckweisungen \u00fcber den September hinaus geben.\u00a0<\/p>\n<p class=\"typo-body-default\">Dobrindt hatte Anfang Mai kurz nach Amts\u00fcbernahme die versch\u00e4rften Grenzkontrollen angeordnet. Zudem wies er die Zur\u00fcckweisung von Asylsuchenden an.<\/p>\n<p>    07. Juli 2025,16:57<\/p>\n<p><img decoding=\"async\" class=\"image\" src=\"https:\/\/www.europesays.com\/de\/wp-content\/uploads\/2025\/07\/grenzkontrollen-zwischen-deutschland-und-polen.jpg\"   loading=\"lazy\" fetchpriority=\"auto\" alt=\"Grenzkontrollen an der deutsch-polnischen Grenze\" title=\"Grenzkontrollen an der deutsch-polnischen Grenze\"\/><\/p>\n<p>      <a class=\"teaser__link\" href=\"https:\/\/www.stern.de\/politik\/interview--grenzkontrollen-behindern-die-eu-migrationsdebatte-35873796.html\" data-upscore-url=\"\" rel=\"nofollow noopener\" target=\"_blank\"><\/p>\n<p>            Interview zu Grenzkontrollen<br \/>\n                    &#8222;Bei der n\u00e4chsten Krise ist der Schengen-Raum in Gefahr&#8220;<\/p>\n<p>      <\/a><\/p>\n<p>  Weitere Abschiebefl\u00fcge in Planung<\/p>\n<p class=\"typo-body-default\">Auch an weiteren Abschiebungen werde derzeit gearbeitet. &#8222;Es ist uns gelungen, einen Flug nach <a class=\"taxonomy-entity place\" data-target-type=\"article\" href=\"https:\/\/www.stern.de\/politik\/ausland\/themen\/afghanistan-4155260.html\" rel=\"nofollow noopener\" target=\"_blank\">Afghanistan<\/a> zu organisieren, in dem schwerste Straft\u00e4ter abgeschoben worden sind. Das kann keine Einmalma\u00dfnahme bleiben&#8220;, sagte Dobrindt. Die Bundesregierung arbeite nun daran, weitere Abschiebefl\u00fcge nach Afghanistan und Syrien zu organisieren.<\/p>\n<p class=\"typo-body-default\"><a class=\"taxonomy-entity place\" data-target-type=\"article\" href=\"https:\/\/www.stern.de\/politik\/deutschland\/themen\/deutschland-4540700.html\" rel=\"nofollow noopener\" target=\"_blank\">Deutschland<\/a> hatte im vergangenen Monat zum zweiten Mal seit der Macht\u00fcbernahme der radikalislamischen Taliban im Jahr 2021 abgelehnte Asylbewerber nach Afghanistan abgeschoben. Laut Dobrindt handelte es sich bei den 81 Menschen um &#8222;schwere und schwerste Straft\u00e4ter&#8220;. Einen ersten Flug hatte es im August 2024 gegeben.<\/p>\n<p>\n    AFP\n  <\/p>\n<p>\n    rw\n  <\/p>\n","protected":false},"excerpt":{"rendered":"Migration Dobrindt k\u00fcndigt Verl\u00e4ngerung von Grenzkontrollen an Artikel anh\u00f6ren Kopiere den aktuellen Link Zur Merkliste hinzuf\u00fcgen Bundesinnenminister\u00a0Alexander Dobrindt\u00a0plant\u00a0eine&hellip;\n","protected":false},"author":2,"featured_media":324822,"comment_status":"","ping_status":"","sticky":false,"template":"","format":"standard","meta":{"footnotes":""},"categories":[2],"tags":[331,3924,332,3922,3364,29,30,13,14,3923,15,3921,12],"class_list":{"0":"post-324821","1":"post","2":"type-post","3":"status-publish","4":"format-standard","5":"has-post-thumbnail","7":"category-deutschland","8":"tag-aktuelle-nachrichten","9":"tag-aktuelle-nachrichten-aus-deutschland","10":"tag-aktuelle-news","11":"tag-aktuelle-news-aus-deutschland","12":"tag-de","13":"tag-deutschland","14":"tag-germany","15":"tag-headlines","16":"tag-nachrichten","17":"tag-nachrichten-aus-deutschland","18":"tag-news","19":"tag-news-aus-deutschland","20":"tag-schlagzeilen"},"share_on_mastodon":{"url":"https:\/\/pubeurope.com\/@de\/114984722346337034","error":""},"_links":{"self":[{"href":"https:\/\/www.europesays.com\/de\/wp-json\/wp\/v2\/posts\/324821","targetHints":{"allow":["GET"]}}],"collection":[{"href":"https:\/\/www.europesays.com\/de\/wp-json\/wp\/v2\/posts"}],"about":[{"href":"https:\/\/www.europesays.com\/de\/wp-json\/wp\/v2\/types\/post"}],"author":[{"embeddable":true,"href":"https:\/\/www.europesays.com\/de\/wp-json\/wp\/v2\/users\/2"}],"replies":[{"embeddable":true,"href":"https:\/\/www.europesays.com\/de\/wp-json\/wp\/v2\/comments?post=324821"}],"version-history":[{"count":0,"href":"https:\/\/www.europesays.com\/de\/wp-json\/wp\/v2\/posts\/324821\/revisions"}],"wp:featuredmedia":[{"embeddable":true,"href":"https:\/\/www.europesays.com\/de\/wp-json\/wp\/v2\/media\/324822"}],"wp:attachment":[{"href":"https:\/\/www.europesays.com\/de\/wp-json\/wp\/v2\/media?parent=324821"}],"wp:term":[{"taxonomy":"category","embeddable":true,"href":"https:\/\/www.europesays.com\/de\/wp-json\/wp\/v2\/categories?post=324821"},{"taxonomy":"post_tag","embeddable":true,"href":"https:\/\/www.europesays.com\/de\/wp-json\/wp\/v2\/tags?post=324821"}],"curies":[{"name":"wp","href":"https:\/\/api.w.org\/{rel}","templated":true}]}}