{"id":325114,"date":"2025-08-07T03:29:11","date_gmt":"2025-08-07T03:29:11","guid":{"rendered":"https:\/\/www.europesays.com\/de\/325114\/"},"modified":"2025-08-07T03:29:11","modified_gmt":"2025-08-07T03:29:11","slug":"altkleidercontainer-in-bonn-wem-gehoert-er","status":"publish","type":"post","link":"https:\/\/www.europesays.com\/de\/325114\/","title":{"rendered":"Altkleidercontainer in Bonn: Wem geh\u00f6rt er?"},"content":{"rendered":"<p>          Dubiose Gesch\u00e4fte?        R\u00e4tsel um \u00fcberquellenden Altkleidercontainer in Bonn<\/p>\n<p class=\"text-50 desktop:text-70 park-container-small px-6 mb-10 desktop:mb-14\">Br\u00fcser Berg \u00b7 <strong data-cy=\"intro\">Eine Bonnerin \u00e4rgert sich \u00fcber einen \u00fcberquellenden Altkleidercontainer in ihrem Viertel. Sie kontaktiert das Unternehmen, dessen Logo auf dem Beh\u00e4lter ist, und erf\u00e4hrt, dass es in Bonn gar keine Container aufstellt. Kein Einzelfall. Was sich hinter den dubiosen Altkleidersammlern verbirgt.<\/strong><\/p>\n<p>                <img class=\"absolute inset-0 w-full h-full object-cover aspect-[16\/10] opacity-0 transition-opacity animated\" onload=\"this.style.opacity = '1';\" src=\"https:\/\/www.europesays.com\/de\/wp-content\/uploads\/2025\/08\/w2100_h1313_x1511_y1238_altkleider_container-72c2d867f06f925e.jpg\"  alt=\" Der \u00fcberlaufenden Altkleidercontainer stand an der Hallestra\u00dfe. \" fetchpriority=\"high\" decoding=\"async\" data-park-image-img=\"\"\/><\/p>\n","protected":false},"excerpt":{"rendered":"Dubiose Gesch\u00e4fte? R\u00e4tsel um \u00fcberquellenden Altkleidercontainer in Bonn Br\u00fcser Berg \u00b7 Eine Bonnerin \u00e4rgert sich \u00fcber einen \u00fcberquellenden&hellip;\n","protected":false},"author":2,"featured_media":325115,"comment_status":"","ping_status":"","sticky":false,"template":"","format":"standard","meta":{"footnotes":""},"categories":[1842],"tags":[1741,3364,29,30,1209],"class_list":{"0":"post-325114","1":"post","2":"type-post","3":"status-publish","4":"format-standard","5":"has-post-thumbnail","7":"category-bonn","8":"tag-bonn","9":"tag-de","10":"tag-deutschland","11":"tag-germany","12":"tag-nordrhein-westfalen"},"share_on_mastodon":{"url":"https:\/\/pubeurope.com\/@de\/114985367258445543","error":""},"_links":{"self":[{"href":"https:\/\/www.europesays.com\/de\/wp-json\/wp\/v2\/posts\/325114","targetHints":{"allow":["GET"]}}],"collection":[{"href":"https:\/\/www.europesays.com\/de\/wp-json\/wp\/v2\/posts"}],"about":[{"href":"https:\/\/www.europesays.com\/de\/wp-json\/wp\/v2\/types\/post"}],"author":[{"embeddable":true,"href":"https:\/\/www.europesays.com\/de\/wp-json\/wp\/v2\/users\/2"}],"replies":[{"embeddable":true,"href":"https:\/\/www.europesays.com\/de\/wp-json\/wp\/v2\/comments?post=325114"}],"version-history":[{"count":0,"href":"https:\/\/www.europesays.com\/de\/wp-json\/wp\/v2\/posts\/325114\/revisions"}],"wp:featuredmedia":[{"embeddable":true,"href":"https:\/\/www.europesays.com\/de\/wp-json\/wp\/v2\/media\/325115"}],"wp:attachment":[{"href":"https:\/\/www.europesays.com\/de\/wp-json\/wp\/v2\/media?parent=325114"}],"wp:term":[{"taxonomy":"category","embeddable":true,"href":"https:\/\/www.europesays.com\/de\/wp-json\/wp\/v2\/categories?post=325114"},{"taxonomy":"post_tag","embeddable":true,"href":"https:\/\/www.europesays.com\/de\/wp-json\/wp\/v2\/tags?post=325114"}],"curies":[{"name":"wp","href":"https:\/\/api.w.org\/{rel}","templated":true}]}}