{"id":325149,"date":"2025-08-07T03:50:11","date_gmt":"2025-08-07T03:50:11","guid":{"rendered":"https:\/\/www.europesays.com\/de\/325149\/"},"modified":"2025-08-07T03:50:11","modified_gmt":"2025-08-07T03:50:11","slug":"schwimmen-im-rhein-dank-badeinseln-im-hafen","status":"publish","type":"post","link":"https:\/\/www.europesays.com\/de\/325149\/","title":{"rendered":"Schwimmen im Rhein \u2013 dank Badeinseln im Hafen?"},"content":{"rendered":"<p class=\"text_ohne_einzug richtext text-em-55 !leading-serif mx-6 desktop:mx-0\">Am <a href=\"https:\/\/rp-online.de\/thema\/rhein\/\" rel=\"nofollow noopener\" target=\"_blank\">Rhein<\/a> zeigt sich die Stadt von ihren sch\u00f6nsten Seiten, vor allem im Sommer. Deutlich getr\u00fcbt wurde das jetzt durch eine ganze Reihe von tragischen Todesf\u00e4llen und <a href=\"https:\/\/rp-online.de\/nrw\/staedte\/duesseldorf\/duesseldorf-stadt-verbietet-baden-im-rhein-nach-todesfaellen_aid-132338109\" rel=\"nofollow noopener\" target=\"_blank\">einem nun folgenden \u2013 und historischen \u2013 Schwimmverbot.<\/a> Um so mehr dr\u00e4ngt sich die Frage auf: Kann das nicht irgendwie doch zusammengehen? Das <a href=\"https:\/\/rp-online.de\/thema\/duesseldorf\/\" rel=\"nofollow noopener\" target=\"_blank\">D\u00fcsseldorf<\/a> so stark pr\u00e4gende und Abk\u00fchlung versprechende Gew\u00e4sser? Und ein gefahrloses Bad in diesem?<\/p>\n","protected":false},"excerpt":{"rendered":"Am Rhein zeigt sich die Stadt von ihren sch\u00f6nsten Seiten, vor allem im Sommer. Deutlich getr\u00fcbt wurde das&hellip;\n","protected":false},"author":2,"featured_media":325150,"comment_status":"","ping_status":"","sticky":false,"template":"","format":"standard","meta":{"footnotes":"","_share_on_mastodon":"0"},"categories":[1831],"tags":[63190,7285,92346,3364,29,3405,13393,30,92348,693,18286,1209,92349,92347,79097],"class_list":["post-325149","post","type-post","status-publish","format-standard","has-post-thumbnail","category-duesseldorf","tag-schwimmverbot","tag-alexander","tag-badeinseln","tag-de","tag-deutschland","tag-duesseldorf","tag-esch","tag-germany","tag-getruebt","tag-hafen","tag-historischen","tag-nordrhein-westfalen","tag-schoensten","tag-todesfaellen","tag-tragischen"],"share_on_mastodon":{"url":"https:\/\/pubeurope.com\/@de\/114985450009931158","error":""},"_links":{"self":[{"href":"https:\/\/www.europesays.com\/de\/wp-json\/wp\/v2\/posts\/325149","targetHints":{"allow":["GET"]}}],"collection":[{"href":"https:\/\/www.europesays.com\/de\/wp-json\/wp\/v2\/posts"}],"about":[{"href":"https:\/\/www.europesays.com\/de\/wp-json\/wp\/v2\/types\/post"}],"author":[{"embeddable":true,"href":"https:\/\/www.europesays.com\/de\/wp-json\/wp\/v2\/users\/2"}],"replies":[{"embeddable":true,"href":"https:\/\/www.europesays.com\/de\/wp-json\/wp\/v2\/comments?post=325149"}],"version-history":[{"count":0,"href":"https:\/\/www.europesays.com\/de\/wp-json\/wp\/v2\/posts\/325149\/revisions"}],"wp:featuredmedia":[{"embeddable":true,"href":"https:\/\/www.europesays.com\/de\/wp-json\/wp\/v2\/media\/325150"}],"wp:attachment":[{"href":"https:\/\/www.europesays.com\/de\/wp-json\/wp\/v2\/media?parent=325149"}],"wp:term":[{"taxonomy":"category","embeddable":true,"href":"https:\/\/www.europesays.com\/de\/wp-json\/wp\/v2\/categories?post=325149"},{"taxonomy":"post_tag","embeddable":true,"href":"https:\/\/www.europesays.com\/de\/wp-json\/wp\/v2\/tags?post=325149"}],"curies":[{"name":"wp","href":"https:\/\/api.w.org\/{rel}","templated":true}]}}