{"id":325177,"date":"2025-08-07T04:07:14","date_gmt":"2025-08-07T04:07:14","guid":{"rendered":"https:\/\/www.europesays.com\/de\/325177\/"},"modified":"2025-08-07T04:07:14","modified_gmt":"2025-08-07T04:07:14","slug":"daniel-kueblboecks-%e2%80%a0-letzte-sprachnachricht-vor-seinem-tod","status":"publish","type":"post","link":"https:\/\/www.europesays.com\/de\/325177\/","title":{"rendered":"Daniel K\u00fcblb\u00f6cks (\u2020) letzte Sprachnachricht vor seinem Tod"},"content":{"rendered":"<p>&#8222;M\u00f6chte von diesem Schiff!&#8220;<\/p>\n<p>Daniel K\u00fcblb\u00f6cks (\u2020) letzte Sprachnachricht vor seinem Tod<\/p>\n<p><img decoding=\"async\" data-hk=\"008350a12011002010\" loading=\"lazy\" src=\"https:\/\/www.europesays.com\/de\/wp-content\/uploads\/2025\/08\/1754539633_461_62926606-2dae-4cdf-86ff-616f16364e82.287b110b-f820-478d-ba0b-d942ab478865.jpg\" alt=\"Cleo Wansch\" width=\"48\" height=\"48\"\/>Cleo Wanschvon <a href=\"https:\/\/www.bunte.de\/authorprofile\/cleo-wansch\" rel=\"nofollow noopener\" target=\"_blank\">Cleo Wansch<\/a><\/p>\n<p>06.08.2025, 20:33 Uhr<\/p>\n<p>06. August 2025 um 20:33 Uhr<\/p>\n<p>Neue Hinweise zu Daniel K\u00fcblb\u00f6ck: Was der S\u00e4nger kurz vor seinem Verschwinden auf der AIDAluna sagte \u2013 und wie dramatisch seine letzte Fahrt wirklich war.<\/p>\n<p>Am 9. September 2018 verschwand <a href=\"https:\/\/www.bunte.de\/starprofile\/daniel-kueblboeck.html\" rel=\"follow nofollow noopener\" target=\"_self\">Daniel K\u00fcblb\u00f6ck<\/a> spurlos von Bord der AIDAluna \u2013 ein Vorfall, der ganz Deutschland ersch\u00fctterte. Der fr\u00fchere &#8222;Deutschland sucht den Superstar&#8220;-Liebling sprang vor der K\u00fcste Neufundlands ins Meer und wurde trotz intensiver Suche nie gefunden.<\/p>\n<p>ANZEIGEDaniel K\u00fcblb\u00f6ck stellte sich vor seinem Tod als &#8222;Lana Kaiser&#8220; vor<\/p>\n<p>In den Monaten vor seinem Verschwinden zeigte sich Daniel K\u00fcblb\u00f6ck zunehmend offen als Transperson und nannte sich &#8222;Lana Kaiser&#8220;. Freunde berichten, wie er sich mit seiner geschlechtlichen Identit\u00e4t auseinandersetzte, feminine Kleidung trug und sogar eine Hormontherapie in Betracht zog.\u00a0<\/p>\n<p>Am 29. August 2018 bestieg Lana die AIDAluna auf dem Weg nach New York \u2013 und fiel an Bord sofort auf. &#8222;Mit Frauenkleidung, was f\u00fcr mich frisch und neu war&#8220;, erinnert sich eine Mitreisende. Sie beschreibt Lana als &#8222;partyfreudig, aber auch angespannt&#8220;. Doch nicht alle Begegnungen waren harmonisch: In der Diskothek kam es zu einem Streit, bei dem auch ein homophober Kommentar fiel.<\/p>\n<p>ANZEIGE<\/p>\n<p><a data-hk=\"031110\" data-qa-article-links-box-title-link=\"https:\/\/www.bunte.de\/stars\/true\" href=\"https:\/\/www.bunte.de\/stars\/\" rel=\"follow nofollow noopener\" target=\"_self\">Mehr aus dem Bereich Stars<\/a><a data-hk=\"031120\" data-qa-article-links-box-href=\"https:\/\/www.bunte.de\/stars\/true\" href=\"https:\/\/www.bunte.de\/stars\/star-news\/zoomt-ruhig-ran-teri-hatcher-zeigt-sich-ungeschminkt_e1ab2fa5-4a05-47fb-a0d7-adbc931b2f31.html\" rel=\"follow nofollow noopener\" target=\"_self\" class=\"LinkBox_Link row\"><\/p>\n<p>Teri Hatcher zeigt sich ungeschminkt<\/p>\n<p>Mittwoch, 06.08.2025 | 23:20<\/a><a data-hk=\"031125\" data-qa-article-links-box-href=\"https:\/\/www.bunte.de\/stars\/true\" href=\"https:\/\/www.bunte.de\/stars\/star-news\/matthew-mcconaughey-verlor-titanic-rolle-wegen-einer-kleinigkeit_3c9ca5f6-fc2f-4299-95e2-b8ec5f27edbe.html\" rel=\"follow nofollow noopener\" target=\"_self\" class=\"LinkBox_Link row\"><\/p>\n<p>Matthew McConaughey verlor &#8222;Titanic&#8220;-Rolle wegen einer Kleinigkeit<\/p>\n<p>Mittwoch, 06.08.2025 | 23:03<\/a><a data-hk=\"03112a10\" data-qa-article-links-box-href=\"https:\/\/www.bunte.de\/stars\/true\" href=\"https:\/\/www.bunte.de\/stars\/star-news\/tv-koechin-tiktok-star-yanin-campos-stirbt-bei-unfall_992907d2-bdf2-4426-8223-fa50a9c0d103.html\" rel=\"follow nofollow noopener\" target=\"_self\" class=\"LinkBox_Link row LinkBox_Link--Last-Visible\"><\/p>\n<p>TV-K\u00f6chin &amp; TikTok-Star Yanin Campos (\u2020) stirbt bei Unfall<\/p>\n<p>Mittwoch, 06.08.2025 | 21:58<\/a><a data-hk=\"03112a15\" data-qa-article-links-box-href=\"https:\/\/www.bunte.de\/stars\/true\" href=\"https:\/\/www.bunte.de\/stars\/seit-den-70ern-erfolgreich-so-sahen-al-bano-und-romina-power-frueher-aus_373d1260-990b-49f8-b647-8f5dcc43c795.html\" rel=\"follow nofollow noopener\" target=\"_self\" class=\"LinkBox_Link row LinkBox_Link--Hidden\"><\/p>\n<p>Zeitreise mit Al Bano und Romina Power: Ihr Wandel im Laufe der Jahre<\/p>\n<p>Mittwoch, 06.08.2025 | 21:53<\/a><a data-hk=\"03112a20\" data-qa-article-links-box-href=\"https:\/\/www.bunte.de\/stars\/true\" href=\"https:\/\/www.bunte.de\/stars\/ulli-potofski-73-widmete-seinen-letzten-post-einem-besonderen-menschen_26ef43d3-bf7c-4f32-a2c3-037a21a4b411.html\" rel=\"follow nofollow noopener\" target=\"_self\" class=\"LinkBox_Link row LinkBox_Link--Hidden\"><\/p>\n<p>Ulli Potofski (\u202073) widmete seinen letzten Post einem besonderen Menschen<\/p>\n<p>Mittwoch, 06.08.2025 | 21:20<\/a><a data-hk=\"03112a25\" data-qa-article-links-box-href=\"https:\/\/www.bunte.de\/stars\/true\" href=\"https:\/\/www.bunte.de\/stars\/star-news\/wechsel-von-thomas-mueller-in-die-mls-offiziell_d58d5691-3e36-462f-97ef-9e83ce7d4c8d.html\" rel=\"follow nofollow noopener\" target=\"_self\" class=\"LinkBox_Link row LinkBox_Link--Hidden\"><\/p>\n<p>Wechsel von Thomas M\u00fcller in die MLS offiziell<\/p>\n<p>Mittwoch, 06.08.2025 | 20:36<\/a><a data-hk=\"03112a30\" data-qa-article-links-box-href=\"https:\/\/www.bunte.de\/stars\/true\" href=\"https:\/\/www.bunte.de\/stars\/star-news\/brad-pitts-mutter-jane-stirbt-im-alter-von-84-jahren_3fcbd9c2-a2b1-4e89-924f-56d4a0fe5246.html\" rel=\"follow nofollow noopener\" target=\"_self\" class=\"LinkBox_Link row LinkBox_Link--Hidden\"><\/p>\n<p>Brad Pitts Mutter Jane ist gestorben<\/p>\n<p>Mittwoch, 06.08.2025 | 20:14<\/a><a data-hk=\"03112a35\" data-qa-article-links-box-href=\"https:\/\/www.bunte.de\/stars\/true\" href=\"https:\/\/www.bunte.de\/stars\/hans-sigl-verabschiedet-sich-vorerst-vom-bergdoktor_1c858865-da12-4518-8642-e82e98bfc84f.html\" rel=\"follow nofollow noopener\" target=\"_self\" class=\"LinkBox_Link row LinkBox_Link--Hidden\"><\/p>\n<p>&#8222;Bergdoktor&#8220;-Star Hans Sigl verabschiedet sich \u2013 Fans feiern ihn daf\u00fcr<\/p>\n<p>Mittwoch, 06.08.2025 | 19:32<\/a><a data-hk=\"03112a40\" data-qa-article-links-box-href=\"https:\/\/www.bunte.de\/stars\/true\" href=\"https:\/\/www.bunte.de\/stars\/schlager\/eine-harte-nummer-schlagerstar-patrick-lindner-spricht-offen-ueber-coming-out_9338e8e6-9f40-4ab1-8cef-cd3bdd37dc5a.html\" rel=\"follow nofollow noopener\" target=\"_self\" class=\"LinkBox_Link row LinkBox_Link--Hidden\"><\/p>\n<p>Schlagerstar Patrick Lindner \u00fcber sein Coming-out: &#8222;Eine harte Nummer&#8220;<\/p>\n<p>Mittwoch, 06.08.2025 | 19:29<\/a><a data-hk=\"03112a45\" data-qa-article-links-box-href=\"https:\/\/www.bunte.de\/stars\/true\" href=\"https:\/\/www.bunte.de\/stars\/trotz-45-kilo-weniger-estefania-wollny-ist-noch-nicht-zufrieden-mit-sich_74fbc3d3-649b-4072-8610-5ceb01547fc7.html\" rel=\"follow nofollow noopener\" target=\"_self\" class=\"LinkBox_Link row LinkBox_Link--Hidden\"><\/p>\n<p>45 Kilo abgenommen \u2013 Estefania Wollny f\u00fchlt sich nicht wohl in ihrem K\u00f6rper<\/p>\n<p>Mittwoch, 06.08.2025 | 19:28<\/a><img decoding=\"async\" data-hk=\"008350a1907004010\" loading=\"lazy\"  src=\"https:\/\/www.europesays.com\/de\/wp-content\/uploads\/2025\/08\/44c0b098-2080-40c2-8fc4-6e772808ba4b.af2aa80b-df98-4b98-8648-5613da261544.jpeg\"  alt=\"Was ist wirklich mit Daniel K\u00fcblb\u00f6ck passiert? Neue ARD-Doku geht seinem Verschwinden auf den Grund\" width=\"1280\" height=\"720\"\/> Was ist wirklich mit Daniel K\u00fcblb\u00f6ck passiert? Neue ARD-Doku geht seinem Verschwinden auf den Grund  BR \/ picture alliance \/ dpa \/ Armin Weigel Ein letztes Memo von Lana Kaiser<\/p>\n<p>Am 9. September, in den fr\u00fchen Morgenstunden, sendete Lana eine letzte Sprachnachricht an ihren Ex-Freund Manuel Pilz, wie er in der ARD-Doku offenbart: &#8222;Hallo Manni, ich bin\u2019s der Daniel, \u00e4h, also die Lana eigentlich. Ich wollte dir nur sagen, dass ich gern von diesem Schiff hier runter m\u00f6chte. Ich w\u00fcrde gern nach New York fliegen. Auf dem Schiff klappt irgendwie nichts, wie ich es mir, \u00e4h, ruf mich doch bitte zur\u00fcck. Alles klar, mach\u2019s gut, ciao.&#8220;<\/p>\n<p>ANZEIGE<\/p>\n<p>Kurz darauf sprang sie vermutlich \u00fcber Bord. Eine \u00dcberwachungskamera filmte den dramatischen Moment, und eine gro\u00dfangelegte Suchaktion begann \u2013 doch ihr K\u00f6rper wurde nie gefunden. Drei Jahre sp\u00e4ter erkl\u00e4rte ein Gericht sie f\u00fcr tot.<\/p>\n<p>ZDF-Doku &#8222;Die K\u00fcblb\u00f6ck-Story \u2013 Eure Lana Kaiser&#8220;<\/p>\n<p>Der Paradiesvogel, der mit seiner schrillen Art bei DSDS zur RTL-Legende wurde, bleibt unvergessen. Die neue ARD-Doku &#8222;Die K\u00fcblb\u00f6ck-Story \u2013 Eure Lana Kaiser&#8220; bringt noch einmal Wegbegleiter zu Wort, die das komplexe Leben des Ausnahmek\u00fcnstlers nachzeichnen \u2013 mit all seinen H\u00f6hen, Tiefen und der Suche nach der eigenen Identit\u00e4t.<\/p>\n<p>Psychische Erkrankungen und Suizidgedanken k\u00f6nnen jeden treffen. Wenn du selbst oder jemand in deinem Umfeld von Suizidgedanken betroffen ist, scheue dich nicht davor, Hilfe zu suchen!<\/p>\n<p>Du erh\u00e4ltst kostenlos und anonym Hilfe von erfahrenen Beratern bei der Telefonseelsorge unter den Telefonnummern 0 800-111 0 111 oder 0 800-111 0 222. Weitere Hilfsangebote bietet auch die <a href=\"https:\/\/www.suizidprophylaxe.de\/hilfsangebote\/fuer-betroffene-und-angehoerige\/\" rel=\"nofollow noopener\" target=\"_blank\">Deutsche Gesellschaft f\u00fcr Suizidpr\u00e4vention<\/a>.<\/p>\n<p>Dar\u00fcber hinaus kannst du dir bei deinem Hausarzt des Vertrauens Rat holen. Er kann dir helfen, geeignete Psychiater und Psychotherapiepl\u00e4tze zu finden.<\/p>\n","protected":false},"excerpt":{"rendered":"&#8222;M\u00f6chte von diesem Schiff!&#8220; Daniel K\u00fcblb\u00f6cks (\u2020) letzte Sprachnachricht vor seinem Tod Cleo Wanschvon Cleo Wansch 06.08.2025, 20:33&hellip;\n","protected":false},"author":2,"featured_media":325178,"comment_status":"","ping_status":"","sticky":false,"template":"","format":"standard","meta":{"footnotes":""},"categories":[1776],"tags":[1801,29,214,30,1802,215],"class_list":{"0":"post-325177","1":"post","2":"type-post","3":"status-publish","4":"format-standard","5":"has-post-thumbnail","7":"category-prominente","8":"tag-celebrities","9":"tag-deutschland","10":"tag-entertainment","11":"tag-germany","12":"tag-prominente","13":"tag-unterhaltung"},"share_on_mastodon":{"url":"https:\/\/pubeurope.com\/@de\/114985516737259401","error":""},"_links":{"self":[{"href":"https:\/\/www.europesays.com\/de\/wp-json\/wp\/v2\/posts\/325177","targetHints":{"allow":["GET"]}}],"collection":[{"href":"https:\/\/www.europesays.com\/de\/wp-json\/wp\/v2\/posts"}],"about":[{"href":"https:\/\/www.europesays.com\/de\/wp-json\/wp\/v2\/types\/post"}],"author":[{"embeddable":true,"href":"https:\/\/www.europesays.com\/de\/wp-json\/wp\/v2\/users\/2"}],"replies":[{"embeddable":true,"href":"https:\/\/www.europesays.com\/de\/wp-json\/wp\/v2\/comments?post=325177"}],"version-history":[{"count":0,"href":"https:\/\/www.europesays.com\/de\/wp-json\/wp\/v2\/posts\/325177\/revisions"}],"wp:featuredmedia":[{"embeddable":true,"href":"https:\/\/www.europesays.com\/de\/wp-json\/wp\/v2\/media\/325178"}],"wp:attachment":[{"href":"https:\/\/www.europesays.com\/de\/wp-json\/wp\/v2\/media?parent=325177"}],"wp:term":[{"taxonomy":"category","embeddable":true,"href":"https:\/\/www.europesays.com\/de\/wp-json\/wp\/v2\/categories?post=325177"},{"taxonomy":"post_tag","embeddable":true,"href":"https:\/\/www.europesays.com\/de\/wp-json\/wp\/v2\/tags?post=325177"}],"curies":[{"name":"wp","href":"https:\/\/api.w.org\/{rel}","templated":true}]}}