{"id":325279,"date":"2025-08-07T05:06:14","date_gmt":"2025-08-07T05:06:14","guid":{"rendered":"https:\/\/www.europesays.com\/de\/325279\/"},"modified":"2025-08-07T05:06:14","modified_gmt":"2025-08-07T05:06:14","slug":"maenner-werden-bei-unfall-auf-sachsenring-verletzt","status":"publish","type":"post","link":"https:\/\/www.europesays.com\/de\/325279\/","title":{"rendered":"M\u00e4nner werden bei Unfall auf Sachsenring verletzt"},"content":{"rendered":"<p>Schwerer Unfall in der Innenstadt <\/p>\n<p>Verkehrss\u00fcnder verletzt zwei M\u00e4nner und ergreift die Flucht<\/p>\n<p>07.08.2025 &#8211; 07:03 UhrLesedauer: 1 Min.<\/p>\n<p><a href=\"#focus-0\" class=\"transition-colors duration-200 focus-within:text-magenta block text-current relative\" data-sctrack=\"FocusGalleryImage.Reference\"><img fetchpriority=\"high\" data-testid=\"Opener.Image\" style=\"--lqipURL:url('https:\/\/images.t-online.de\/2025\/08\/t5VyF0d6ch1z\/0x4:4000x2250\/fit-in\/150x0\/filters:blur(25)\/image.jpg')\"   loading=\"eager\" src=\"https:\/\/www.europesays.com\/de\/wp-content\/uploads\/2025\/08\/1754543174_487_image.jpg\" alt=\"Unfall in Essen: Beide Fahrzeuge wurden schwer besch\u00e4digt.\" title=\"Unfall in Essen: Beide Fahrzeuge wurden schwer besch\u00e4digt.\" width=\"4000\" height=\"2250\" class=\"bg-[url:var(--lqipURL)] bg-cover bg-center flex h-full w-full max-w-full\" decoding=\"async\"\/><img style=\"--width:32;--height:32\" loading=\"lazy\" src=\"https:\/\/www.t-online.de\/s\/paper\/_next\/static\/media\/zoom-in.f7dae02f.svg\" alt=\"Vergr\u00f6\u00dfern des Bildes\" title=\"Vergr\u00f6\u00dfern des Bildes\" class=\"block h-[calc(var(--height)_\/_16_*_1rem)] w-[calc(var(--width)_\/_16_*_1rem)] max-w-none absolute bottom-8 right-8 rounded-4 bg-snow p-8\" decoding=\"async\"\/><\/a><\/p>\n<p>Unfall in Essen: Beide Fahrzeuge wurden schwer besch\u00e4digt. (Quelle: Justin Brosch)<\/p>\n<p class=\"font-bold text-18 leading-17\">In Essen-Horst sto\u00dfen zwei Autos auf dem Sachsenring frontal zusammen. Zwei M\u00e4nner werden schwer verletzt, der mutma\u00dfliche Unfallverursacher fl\u00fcchtet.<\/p>\n<p class=\"text-18 leading-17\">In der Essener Innenstadt sind bei einem Verkehrsunfall zwei M\u00e4nner schwer verletzt worden. Wie ein Reporter vor Ort berichtet, ereignete sich der Unfall am Mittwochabend gegen 20.50 Uhr auf dem Sachsenring in Essen-Horst. Demnach stie\u00df das Fahrzeug eines 77- und eines 69-J\u00e4hrigen frontal mit einem anderen Wagen zusammen.<\/p>\n<p class=\"text-18 leading-17\">Ersten Erkenntnissen nach bogen die beiden M\u00e4nner vom Falterweg auf den Sachsenring ab, als ihnen ein Skoda entgegenkam, der zuvor mehrere Autos \u00fcberholt hatte. Wie die <a class=\"transition-colors duration-200 cursor-pointer text-inherit no-underline text-salemsfur md:hover:text-magenta md:hover:border-magenta md:focus:text-magenta border-current border-b border-solid break-words\" href=\"https:\/\/www.t-online.de\/themen\/deutsche-presse-agentur\/\" data-sctrack=\"BodyAnchor\" rel=\"nofollow noopener\" target=\"_blank\">Deutsche Presse-Agentur<\/a> (dpa) berichtet, sei das Auto der M\u00e4nner stark deformiert worden, was den Rettungseinsatz erheblich erschwert habe. Beide Insassen trugen schwere Verletzungen davon \u2013 der mutma\u00dfliche Unfallverursacher lie\u00df seinen Skoda am Unfallort zur\u00fcck und fl\u00fcchtete zu Fu\u00df in unbekannte Richtung.<\/p>\n<p class=\"text-18 leading-17\">Trotz einer Fahndung konnte der Fahrer nicht gefunden werden. Die Polizei hat die Ermittlungen zur Unfallursache und zum genauen Hergang aufgenommen.<\/p>\n","protected":false},"excerpt":{"rendered":"Schwerer Unfall in der Innenstadt Verkehrss\u00fcnder verletzt zwei M\u00e4nner und ergreift die Flucht 07.08.2025 &#8211; 07:03 UhrLesedauer: 1&hellip;\n","protected":false},"author":2,"featured_media":325280,"comment_status":"","ping_status":"","sticky":false,"template":"","format":"standard","meta":{"footnotes":""},"categories":[1834],"tags":[513,3364,29,3688,514,30,2065,1209,27711,1284],"class_list":{"0":"post-325279","1":"post","2":"type-post","3":"status-publish","4":"format-standard","5":"has-post-thumbnail","7":"category-essen","8":"tag-auto","9":"tag-de","10":"tag-deutschland","11":"tag-essen","12":"tag-fahrzeug","13":"tag-germany","14":"tag-innenstadt","15":"tag-nordrhein-westfalen","16":"tag-skoda-auto","17":"tag-unfall"},"share_on_mastodon":{"url":"https:\/\/pubeurope.com\/@de\/114985748667935419","error":""},"_links":{"self":[{"href":"https:\/\/www.europesays.com\/de\/wp-json\/wp\/v2\/posts\/325279","targetHints":{"allow":["GET"]}}],"collection":[{"href":"https:\/\/www.europesays.com\/de\/wp-json\/wp\/v2\/posts"}],"about":[{"href":"https:\/\/www.europesays.com\/de\/wp-json\/wp\/v2\/types\/post"}],"author":[{"embeddable":true,"href":"https:\/\/www.europesays.com\/de\/wp-json\/wp\/v2\/users\/2"}],"replies":[{"embeddable":true,"href":"https:\/\/www.europesays.com\/de\/wp-json\/wp\/v2\/comments?post=325279"}],"version-history":[{"count":0,"href":"https:\/\/www.europesays.com\/de\/wp-json\/wp\/v2\/posts\/325279\/revisions"}],"wp:featuredmedia":[{"embeddable":true,"href":"https:\/\/www.europesays.com\/de\/wp-json\/wp\/v2\/media\/325280"}],"wp:attachment":[{"href":"https:\/\/www.europesays.com\/de\/wp-json\/wp\/v2\/media?parent=325279"}],"wp:term":[{"taxonomy":"category","embeddable":true,"href":"https:\/\/www.europesays.com\/de\/wp-json\/wp\/v2\/categories?post=325279"},{"taxonomy":"post_tag","embeddable":true,"href":"https:\/\/www.europesays.com\/de\/wp-json\/wp\/v2\/tags?post=325279"}],"curies":[{"name":"wp","href":"https:\/\/api.w.org\/{rel}","templated":true}]}}