{"id":325454,"date":"2025-08-07T06:44:28","date_gmt":"2025-08-07T06:44:28","guid":{"rendered":"https:\/\/www.europesays.com\/de\/325454\/"},"modified":"2025-08-07T06:44:28","modified_gmt":"2025-08-07T06:44:28","slug":"wenn-der-schienenersatzverkehr-zur-geduldsprobe-wird","status":"publish","type":"post","link":"https:\/\/www.europesays.com\/de\/325454\/","title":{"rendered":"Wenn der Schienenersatzverkehr zur Geduldsprobe wird"},"content":{"rendered":"<p class=\"font-sans font-medium\">Berlin. Eine Fahrt mit dem Regionalzug kann momentan zur Irrfahrt werden. Aber man trifft auch unerwartete Helden. Die Stadtflucht-Kolumne. <\/p>\n<p class=\"\">Der Moment, an dem ich mich unauff\u00e4llig nach versteckten Kameras umsah, kam neulich fr\u00fchmorgens auf einer Landstra\u00dfe bei Berlin. Ich hatte in einer Regionalbahn gesessen, die mich und andere nach Berlin bringen sollte. Jetzt irrten wir, etwa 50 Fahrg\u00e4ste, im G\u00e4nsemarsch \u00fcber die Stra\u00dfe. Einige wie ich mit ge\u00f6ffneten Laptops im Arm. Andere schoben Fahrr\u00e4der, E-Scooter oder auch Rollatoren, schleppten Koffer und Taschen. H\u00e4tten wir es nicht so eilig gehabt, w\u00e4re es vielleicht lustig gewesen.  <\/p>\n<p class=\"\">Klar, der Schienenersatzverkehr bei <a href=\"https:\/\/www.morgenpost.de\/brandenburg\/article236081205\/Oranienburg-Ein-Hauch-von-Holland.html\" data-category-full-path=\"\/brandenburg\/\" data-paid-status=\"premium\" data-article-publish-date=\"1659765600\" target=\"_blank\" rel=\"nofollow noopener\">Oranienburg<\/a> war in der Bahn-App angek\u00fcndigt worden. Aber dass man zum Bus erst w\u00fcrde wandern m\u00fcssen, \u00fcber eine Landstra\u00dfe ohne Zebrastreifen und B\u00fcrgersteig, stand da nicht. Schilder gab es auch nicht. So liefen alle dem einen Mitreisenden nach, der sich auskannte.  <\/p>\n<p>    <img decoding=\"async\" src=\"https:\/\/www.europesays.com\/de\/wp-content\/uploads\/2025\/08\/409477481_1752159213_v16_9_1200.jpeg\" class=\"block w-full object-cover relative z-10 aspect-[16\/9] \" alt=\"Schienenersatzverkehr Bahn Baustellen\" title=\"Bahn-Fahrg\u00e4ste zu Fu\u00df und im G\u00e4nsemarsch: Schienenersatzverkehr Richtung Oranienburg, Juli 2025.\u00a0\" loading=\"lazy\"\/><\/p>\n<p>\n      Bahn-Fahrg\u00e4ste zu Fu\u00df und im G\u00e4nsemarsch: Schienenersatzverkehr Richtung Oranienburg, Juli 2025.\u00a0<br \/>\n      \u00a9 BM | Uta Keseling\n    <\/p>\n<p class=\"\">Erst sp\u00e4ter w\u00fcrde ich begreifen, wie viel Gl\u00fcck ich an dem Morgen gehabt hatte \u2013 und wer daf\u00fcr, \u00fcberraschenderweise, verantwortlich war. Der Bus kam p\u00fcnktlich. Der Busfahrer erlaubte sogar Fahrr\u00e4der und Roller, die nat\u00fcrlich nicht in den Bus geh\u00f6rten und beim Aussteigen ziemlich im Weg waren. An anderen Tagen sollen Fahrg\u00e4ste, vom Schienenersatzverkehr \u00fcberrascht, verzweifelt versucht haben, nach Berlin zu trampen \u2013 samt Fahrr\u00e4dern. Das erfuhr ich von einer Frau, die mich fragte: \u201eUnd wie kommen Sie zur\u00fcck?\u201c Denn das sei das eigentliche Problem. <\/p>\n<p>   Bahn-App: \u201eStatt S1 f\u00e4hrt heute S1\u201c <\/p>\n<p class=\"\">Auf dem R\u00fcckweg erfuhr ich, wie viel Verzweiflung Bauarbeiten bei der <a href=\"https:\/\/www.morgenpost.de\/wirtschaft\/deutsche-bahn\/\" target=\"_blank\" rel=\"nofollow noopener\">Bahn<\/a> ausl\u00f6sen k\u00f6nnen. Schon seit Jahren wird in Berlin und Brandenburg viel gebaut, immer wieder sind Streckenabschnitte gesperrt, fallen Bahnen aus, mal mit Ansage, mal ohne. Manchmal gibt es mit <a href=\"https:\/\/www.morgenpost.de\/berlin\/article409333031\/bahn-setzt-sonderzuege-zum-fusion-festival-ein-doch-chaos-droht.html\" data-category-full-path=\"https:\/\/www.morgenpost.de\/berlin\/\" data-paid-status=\"free\" data-article-publish-date=\"1750832395\" rel=\"nofollow noopener\" target=\"_blank\">Schienenersatzverkehr oder Sonderz\u00fcge erst nach lautem Protest wie k\u00fcrzlich beim Fusion-Festival in Mecklenburg-Vorpommern<\/a>.<\/p>\n<p class=\"\">Bis Oranienburg war ich an dem Tag immerhin ohne Probleme gekommen. Am Bahnhof Friedrichstra\u00dfe hatte ich noch \u00fcber die Bahn-App ger\u00e4tselt, die mysteri\u00f6s ank\u00fcndigte: \u201eStatt S1 f\u00e4hrt heute S1\u201c. Am Gleis erfuhr ich von einem umgefallenen Baum, dessentwegen die vorherigen Bahnen ausgefallen waren, und etwas \u00fcber verbotene \u201egef\u00e4hrliche Gegenst\u00e4nde\u201c im Bahnhof. Dann aber kam die S1. Und fuhr (als S1!) nach Oranienburg &#8211; ohne Ersatzverkehr wie an andere Tagen. Von dort sollte es aber mit dem Bus weitergehen. <\/p>\n<p>    <img decoding=\"async\" src=\"https:\/\/www.europesays.com\/de\/wp-content\/uploads\/2025\/07\/406957392_1722920901_v1_1_200.jpeg\" class=\"block w-full object-cover relative z-10 aspect-[1\/1] \" alt=\"GDL-Streik\" title=\"Ein Regionalzug der Linie RE1 \u2013 auf dieser Strecke ruhen ab dem 7. Juli wochenlang die Z\u00fcge zwischen Erkner und F\u00fcrstenwalde wegen Bauarbeiten. \" loading=\"lazy\"\/><\/p>\n<p>    <img decoding=\"async\" src=\"https:\/\/www.europesays.com\/de\/wp-content\/uploads\/2025\/07\/409435437_1751700649_v1_1_200.jpeg\" class=\"block w-full object-cover relative z-10 aspect-[1\/1] \" alt=\"Regionalverkehr in Berlin und Brandenburg\" title=\"Zahlreiche Menschen steigen am Hauptbahnhof in den Regionalzug der Linie RE3 nach Stralsund.\" loading=\"lazy\"\/><\/p>\n<p class=\"\">Doch an der Bushaltestelle schwante mir \u00fcbles. Zwei Ersatzbusse warteten, jedoch keiner f\u00fcr meine Regionalbahn. W\u00fcrde der noch kommen? Vor den provisorischen Fahrpl\u00e4nen stand gr\u00fcbelnd eine Traube Fahrg\u00e4ste. Welcher Bus w\u00fcrde wenigstens ann\u00e4hernd in unsere Richtung fahren? Die Busfahrer waren freundlich, kannten aber die Gegend nicht. Schlie\u00dflich entschied ich mich f\u00fcr einen Ersatzbus nach L\u00f6wenberg, in der Hoffnung, dort nicht wieder wandern zu m\u00fcssen. Als ich einstieg, dr\u00e4ngelte sich ein Fahrgast mir hinterher. \u201eDer Bus nach Nassenheide f\u00e4llt aus\u201c, rief er, woraufhin ihm die Traube Fahrg\u00e4ste panisch folgte. <\/p>\n<p>   \u201eBahnhof L\u00f6wenberg?\u201c \u2013  \u201eNee, Friedhof!\u201c  <\/p>\n<p class=\"\">Der alte Gelenkbus r\u00f6hrte durch Weizenfelder, winzige D\u00f6rfer und malerische Alleen. Aber au\u00dfer mir schauten alle nur auf ihre Handys. Ein Mann berichtete, wie er aus Versehen mit dem Ersatzbus nach<a href=\"https:\/\/www.morgenpost.de\/brandenburg\/article235965457\/Eberswalde-Viel-Natur-im-Staedtchen.html\" data-category-full-path=\"\/brandenburg\/\" data-paid-status=\"default\" data-article-publish-date=\"1658556000\" rel=\"nofollow noopener\" target=\"_blank\"> Eberswalde<\/a> gefahren war. Eine Frau berichtete von ihrem vergeblichen Versuch, am Bahnhof Gesundbrunnen den Ersatzbus f\u00fcr den RE5 nach Oranienburg zu finden. Eine andere telefonierte herum: \u201eKannst du mich mit dem Auto abholen?\u201c  Die restlichen googelten hektisch Zugverbindungen oder Taxis. Dann hielt der Bus. \u201eBahnhof L\u00f6wenberg?\u201c, fragte jemand. Jemand antwortete: \u201eNee, Friedhof!\u201c Panik. Dann fuhr der Bus doch weiter, zum Bahnhof.        <\/p>\n<p class=\"\">Ich lernte: Ersatzbusse fahren auf anderen Routen als die Bahnen, die sie ersetzen. Mit zus\u00e4tzlichen Haltestellen oder sie lassen welche aus, auch bei der S-Bahn. Manchmal kommen sie gar nicht. Hilfreiche und aktuelle Infos dazu von den Verkehrsunternehmen gibt es fast nie. <\/p>\n<p class=\"\">Hoffnung gibt es trotzdem. Der Mann in Nassenheide, der den Weg kannte. Der Fahrgast, der uns in Oranienburg davor bewahrte, auf den Bus zu warten, der nicht kam. Die Frau, die in L\u00f6wenberg wusste, wohin der Zug ohne Anzeige fahren w\u00fcrde:. Auch wenn die Bahn es nicht hinkriegt \u2013 auf ihre Fahrg\u00e4ste ist Verlass. Vielleicht ist es nur eine Frage der Zeit, bis wir gebeten werden, unsere Z\u00fcge doch selbst steuern. Oder den Ersatzbus zu fahren. Ich kenne jetzt die Route nach L\u00f6wenberg!   <\/p>\n<p class=\"\"><a href=\"https:\/\/www.morgenpost.de\/blogs-kolumnen\/stadtflucht\/\" target=\"_blank\" rel=\"nofollow noopener\">Lesen Sie hier mehr Kolumnen aus der Rubrik Stadtflucht<\/a><\/p>\n","protected":false},"excerpt":{"rendered":"Berlin. Eine Fahrt mit dem Regionalzug kann momentan zur Irrfahrt werden. Aber man trifft auch unerwartete Helden. Die&hellip;\n","protected":false},"author":2,"featured_media":325455,"comment_status":"","ping_status":"","sticky":false,"template":"","format":"standard","meta":{"footnotes":""},"categories":[1825],"tags":[1941,1939,296,1937,29,30,1940,1938],"class_list":{"0":"post-325454","1":"post","2":"type-post","3":"status-publish","4":"format-standard","5":"has-post-thumbnail","7":"category-berlin","8":"tag-aktuelle-nachrichten-aus-berlin","9":"tag-aktuelle-news-aus-berlin","10":"tag-berlin","11":"tag-berlin-news","12":"tag-deutschland","13":"tag-germany","14":"tag-nachrichten-aus-berlin","15":"tag-news-aus-berlin"},"share_on_mastodon":{"url":"https:\/\/pubeurope.com\/@de\/114986134145040270","error":""},"_links":{"self":[{"href":"https:\/\/www.europesays.com\/de\/wp-json\/wp\/v2\/posts\/325454","targetHints":{"allow":["GET"]}}],"collection":[{"href":"https:\/\/www.europesays.com\/de\/wp-json\/wp\/v2\/posts"}],"about":[{"href":"https:\/\/www.europesays.com\/de\/wp-json\/wp\/v2\/types\/post"}],"author":[{"embeddable":true,"href":"https:\/\/www.europesays.com\/de\/wp-json\/wp\/v2\/users\/2"}],"replies":[{"embeddable":true,"href":"https:\/\/www.europesays.com\/de\/wp-json\/wp\/v2\/comments?post=325454"}],"version-history":[{"count":0,"href":"https:\/\/www.europesays.com\/de\/wp-json\/wp\/v2\/posts\/325454\/revisions"}],"wp:featuredmedia":[{"embeddable":true,"href":"https:\/\/www.europesays.com\/de\/wp-json\/wp\/v2\/media\/325455"}],"wp:attachment":[{"href":"https:\/\/www.europesays.com\/de\/wp-json\/wp\/v2\/media?parent=325454"}],"wp:term":[{"taxonomy":"category","embeddable":true,"href":"https:\/\/www.europesays.com\/de\/wp-json\/wp\/v2\/categories?post=325454"},{"taxonomy":"post_tag","embeddable":true,"href":"https:\/\/www.europesays.com\/de\/wp-json\/wp\/v2\/tags?post=325454"}],"curies":[{"name":"wp","href":"https:\/\/api.w.org\/{rel}","templated":true}]}}