{"id":325479,"date":"2025-08-07T06:58:18","date_gmt":"2025-08-07T06:58:18","guid":{"rendered":"https:\/\/www.europesays.com\/de\/325479\/"},"modified":"2025-08-07T06:58:18","modified_gmt":"2025-08-07T06:58:18","slug":"windows-bald-ohne-maus-und-tastatur-wenn-microsoft-das-ernst-meint-bin-ich-nach-26-jahren-weg","status":"publish","type":"post","link":"https:\/\/www.europesays.com\/de\/325479\/","title":{"rendered":"Windows bald ohne Maus und Tastatur? Wenn Microsoft das ernst meint, bin ich nach 26 Jahren weg"},"content":{"rendered":"<p>Der\u00a0Corporate Vizepr\u00e4sident von Microsoft erkl\u00e4rt in einem Video, wie er sich Windows in f\u00fcnf Jahren vorstellt \u2013 und seine Worte sorgen daf\u00fcr, dass ich mich jetzt schon auf die Suche nach einer Alternative mache.<\/p>\n<p>Ein Kommentar von Robert Kohlick<\/p>\n<p>Wenn du \u00fcber diese Links einkaufst, erhalten wir eine Provision, die unsere<br \/>\nredaktionelle Arbeit unterst\u00fctzt. Der Preis f\u00fcr dich bleibt dabei<br \/>\nunver\u00e4ndert. Diese Affiliate-Links sind durch ein  Symbol<br \/>\ngekennzeichnet. \u00a0<a class=\"alice-affiliate-info__link\" href=\"https:\/\/www.giga.de\/erloesmodelle\/\" target=\"_blank\" rel=\"nofollow noopener\">Mehr erfahren.<\/a><\/p>\n<p>Etwas mehr als sieben Minuten lang erz\u00e4hlt David Weston in einem offiziellen Microsoft-Video, wie er sich die technologische Zukunft und die von <a href=\"https:\/\/www.giga.de\/themen\/windows\/\" rel=\"nofollow noopener\" target=\"_blank\">Windows<\/a>\u00a0im Jahr 2030 vorstellt. Vor allem <a href=\"https:\/\/www.giga.de\/themen\/kuenstliche-intelligenz\/\" rel=\"nofollow noopener\" target=\"_blank\">KI<\/a> wird seiner Meinung nach f\u00fcr uns alle eine noch bedeutendere Rolle spielen \u2013 da d\u00fcrfte der Mann wohl Recht behalten. Eine seiner Zukunftsvisionen sorgt jedoch f\u00fcr Sorgenfalten auf meiner Stirn:<\/p>\n<blockquote class=\"alice-quote \"><p>Der Computer wird sehen k\u00f6nnen, was wir sehen, h\u00f6ren k\u00f6nnen, was wir h\u00f6ren, und wir k\u00f6nnen mit ihm sprechen und ihn bitten, viel komplexere Aufgaben zu erledigen. Ich denke, dass dies eine viel nat\u00fcrlichere Form der Kommunikation sein wird. Die Welt des Mausklickens und Tippens wird sich genauso fremd anf\u00fchlen wie f\u00fcr die <a href=\"https:\/\/www.giga.de\/artikel\/gen-z-y-x-bedeutung-schnell-erklaert-jahrgaenge-von-millenials-co\/\" rel=\"nofollow noopener\" target=\"_blank\">Generation Z<\/a> die Verwendung von MS-DOS.David Weston \u2013 Corporate Vizepr\u00e4sident Microsoft<\/p><\/blockquote>\n<p>Hier k\u00f6nnt ihr euch Westons Zukunftsvision selbst zu Gem\u00fcte f\u00fchren:<\/p>\n<p>Windows bald ohne Maus und Tastatur? Das kann ich mir einfach nicht vorstellen!<\/p>\n<p>Wenn es nach Weston geht, sprechen wir mit unseren Windows-PCs in ein paar Jahren also wahrscheinlich genauso wie mit einem Kollegen oder Kumpel, damit er unsere Aufgaben erledigt \u2013 und ganz ehrlich: <strong>Wenn das passiert, bin ich weg<\/strong>.<\/p>\n<p>Ich will mit meinem PC nicht wie mit einem Menschen interagieren, das mache ich auf der Arbeit schon mehr als genug. Mein Rechner ist eine Maschine, ein Werkzeug, das ich nutze, um damit Aufgaben zu erf\u00fcllen <a href=\"https:\/\/www.giga.de\/games\/dank-diesem-hdmi-kabel-von-amazon-setzt-meine-ps5-jetzt-staub-an--01K06YRXY6D8EEF7DHRY10EZ4Y\" rel=\"nofollow noopener\" target=\"_blank\">oder um zu zocken<\/a> \u2013 nicht mehr.<\/p>\n<p>Wird es Zeit, Windows den Laufpass zu geben?<\/p>\n<p>Wenn <a href=\"https:\/\/www.giga.de\/themen\/microsoft\/\" rel=\"nofollow noopener\" target=\"_blank\">Microsoft<\/a> diese Zukunftsvision weiter verfolgt, werde ich mich wohl oder \u00fcbel nach einer Alternative umsehen m\u00fcssen. Denn auf Maus- und Tastatursteuerung als prim\u00e4re Eingabemethoden will ich nicht verzichten.<\/p>\n<p>Vielleicht wird es nach 26 Jahren Zeit, macOS eine Chance zu geben. Oder vielleicht schaue ich mich mal <a href=\"https:\/\/www.giga.de\/tech\/die-3-besten-alternativen-zu-windows--01J5QMAPBZRYHMB738SVZ3ES7B\" rel=\"nofollow noopener\" target=\"_blank\">nach einer passenden Linux-Distro<\/a> um. Immerhin habe ich dank <a href=\"https:\/\/www.giga.de\/artikel\/steam-deck-welches-betriebssystem-ist-vorinstalliert\/\" rel=\"nofollow noopener\" target=\"_blank\">SteamOS<\/a> auf meinem Steam Deck hier schon ein paar Erfahrungen sammeln d\u00fcrfen und bin durchaus angetan. Bis 2030 habe ich ja immerhin noch ein paar Jahre Zeit, um mir dar\u00fcber Gedanken zu machen.<\/p>\n<p>Viel lieber w\u00e4re mir aber, wenn Westons Zukunftsfantasie f\u00fcr Windows genau das bleibt: eine Fantasie.<\/p>\n<p class=\"taboola-text\">Hat dir der Beitrag gefallen? Folge uns auf <a href=\"https:\/\/www.msn.com\/de-de\/channel\/source\/GIGA\/sr-vid-n43qdfmuhrdv0dpmn7psxpwq6x24u5xbnk7pfi2mviqeia02iuca\" rel=\"nofollow noopener\" target=\"_blank\">MSN<\/a> und <a href=\"https:\/\/news.google.com\/publications\/CAAiECDg0Zs4OqLk4X1ATMbrq5EqFAgKIhAg4NGbODqi5OF9QEzG66uR?hl=de&amp;gl=DE&amp;ceid=DE%3Ade\" target=\"_blank\" rel=\"nofollow noopener\">Google News<\/a> und verpasse keine Neuigkeit rund um Technik, Games und Entertainment.<\/p>\n","protected":false},"excerpt":{"rendered":"Der\u00a0Corporate Vizepr\u00e4sident von Microsoft erkl\u00e4rt in einem Video, wie er sich Windows in f\u00fcnf Jahren vorstellt \u2013 und&hellip;\n","protected":false},"author":2,"featured_media":325480,"comment_status":"","ping_status":"","sticky":false,"template":"","format":"standard","meta":{"footnotes":""},"categories":[135],"tags":[29,30,190,189,194,191,193,192],"class_list":{"0":"post-325479","1":"post","2":"type-post","3":"status-publish","4":"format-standard","5":"has-post-thumbnail","7":"category-wissenschaft-technik","8":"tag-deutschland","9":"tag-germany","10":"tag-science","11":"tag-science-technology","12":"tag-technik","13":"tag-technology","14":"tag-wissenschaft","15":"tag-wissenschaft-technik"},"share_on_mastodon":{"url":"https:\/\/pubeurope.com\/@de\/114986189237374592","error":""},"_links":{"self":[{"href":"https:\/\/www.europesays.com\/de\/wp-json\/wp\/v2\/posts\/325479","targetHints":{"allow":["GET"]}}],"collection":[{"href":"https:\/\/www.europesays.com\/de\/wp-json\/wp\/v2\/posts"}],"about":[{"href":"https:\/\/www.europesays.com\/de\/wp-json\/wp\/v2\/types\/post"}],"author":[{"embeddable":true,"href":"https:\/\/www.europesays.com\/de\/wp-json\/wp\/v2\/users\/2"}],"replies":[{"embeddable":true,"href":"https:\/\/www.europesays.com\/de\/wp-json\/wp\/v2\/comments?post=325479"}],"version-history":[{"count":0,"href":"https:\/\/www.europesays.com\/de\/wp-json\/wp\/v2\/posts\/325479\/revisions"}],"wp:featuredmedia":[{"embeddable":true,"href":"https:\/\/www.europesays.com\/de\/wp-json\/wp\/v2\/media\/325480"}],"wp:attachment":[{"href":"https:\/\/www.europesays.com\/de\/wp-json\/wp\/v2\/media?parent=325479"}],"wp:term":[{"taxonomy":"category","embeddable":true,"href":"https:\/\/www.europesays.com\/de\/wp-json\/wp\/v2\/categories?post=325479"},{"taxonomy":"post_tag","embeddable":true,"href":"https:\/\/www.europesays.com\/de\/wp-json\/wp\/v2\/tags?post=325479"}],"curies":[{"name":"wp","href":"https:\/\/api.w.org\/{rel}","templated":true}]}}