{"id":325493,"date":"2025-08-07T07:05:10","date_gmt":"2025-08-07T07:05:10","guid":{"rendered":"https:\/\/www.europesays.com\/de\/325493\/"},"modified":"2025-08-07T07:05:10","modified_gmt":"2025-08-07T07:05:10","slug":"pol-ki-250807-1-kiel-fahrradfahrer-nach-verkehrsunfall-mit-motorradfahrer-gesucht","status":"publish","type":"post","link":"https:\/\/www.europesays.com\/de\/325493\/","title":{"rendered":"POL-KI: 250807.1 Kiel: Fahrradfahrer nach Verkehrsunfall mit Motorradfahrer gesucht"},"content":{"rendered":"<p class=\"date\">07.08.2025 \u2013 08:58<\/p>\n<p class=\"customer\">\n                        <a class=\"story-customer\" title=\"weiter zum newsroom von Polizeidirektion Kiel\" href=\"https:\/\/www.presseportal.de\/blaulicht\/nr\/14626\" target=\"_blank\" rel=\"noopener\">Polizeidirektion Kiel<\/a>\n                    <\/p>\n<p><a data-category=\"citylink-story-view\" data-action=\"click\" data-label=\"Citylink in Meldungsansicht\" class=\"story-city event-trigger\" href=\"https:\/\/www.presseportal.de\/regional\/Kiel\" title=\"News aus Kiel \" target=\"_blank\" rel=\"noopener\">Kiel<\/a> (ots)<\/p>\n<p>Bereits am vergangenen Donnerstag kam es in der Eckernf\u00f6rder Stra\u00dfe Ecke Schneiderkamp zu einem Verkehrsunfall zwischen einem Motorradfahrer und einem Fahrradfahrer. Der Motorradfahrer verletzte sich dadurch leicht. Der Verkehrsunfalldienst nahm die Ermittlungen auf.<\/p>\n<p>Nach Angaben des Motorradfahrers habe er am 31. Juli gegen 18:50 Uhr die Stra\u00dfe Schneiderkamp in Kiel Suchsdorf befahren. Kurz bevor er auf die Eckernf\u00f6rder Stra\u00dfe habe abbiegen k\u00f6nnen, habe er verkehrsbedingt warten m\u00fcssen. Ein Fahrradfahrer, der die Eckernf\u00f6rder Stra\u00dfe in Richtung Suchsdorf befahren habe, habe den wartenden Motorradfahrer umfahren wollen. Dabei sei er jedoch mit dem Hinterrad des Motorrades kollidiert, das Rad habe sich verkeilt und beide seien get\u00fcrzt.<\/p>\n<p>Weiter gab der Kradfahrer an, dass sich beide M\u00e4nner noch kurz unterhalten h\u00e4tten und sich dazu entschieden h\u00e4tten, die Polizei nicht hinzuzuziehen, woraufhin sie sich vom Unfallort entfernt h\u00e4tten. Nachdem der Fahrradfahrer weggefahren sei, habe der Motorradfahrer eine Verletzung an seinem Knie sowie Besch\u00e4digungen an seinem Krad bemerkt, weshalb er den Unfall doch der Polizei meldete.<\/p>\n<p>Aufgrund dessen suchen die ermittelnden Beamtinnen und Beamten nun den unfallbeteiligten Fahrradfahrer. Er trug einen blauen Blouson, darunter ein braun, wei\u00df gestreiftes Shirt, eine dunkelgraue Hose und einen schwarzen Rucksack. Er hat graue Haare, einen grauen 3-Tage-Bart und d\u00fcrfte zwischen 60 und 70 Jahre alt sein.<\/p>\n<p>Der Fahrradfahrer wird gebeten, sich bei der Polizei zu melden. Das Polizeibezirksrevier nimmt unter 0431 \/ 160 1503 Hinweise von Personen, die Angaben zum Unfall oder zu dem Fahrradfahrer machen k\u00f6nnen, entgegen.<\/p>\n<p>Alina Kelbing<\/p>\n<p class=\"contact-headline\">R\u00fcckfragen bitte an:<\/p>\n<p class=\"contact-text\">Polizeidirektion Kiel<\/p>\n<p>Pressestelle<br \/>Gartenstra\u00dfe 7<br \/>24103 Kiel<\/p>\n<p>Tel.   +49 (0) 431 160 2010<br \/>E-Mail <a href=\"https:\/\/www.presseportal.de\/blaulicht\/pm\/14626\/mailto: pressestelle.kiel.pd@polizei.landsh.de\" class=\"uri-mailto\" target=\"_blank\" rel=\"noopener\"> pressestelle.kiel.pd@polizei.landsh.de<\/a><\/p>\n<p class=\"originator\">Original-Content von: Polizeidirektion Kiel, \u00fcbermittelt durch news aktuell<\/p>\n","protected":false},"excerpt":{"rendered":"07.08.2025 \u2013 08:58 Polizeidirektion Kiel Kiel (ots) Bereits am vergangenen Donnerstag kam es in der Eckernf\u00f6rder Stra\u00dfe Ecke&hellip;\n","protected":false},"author":2,"featured_media":320445,"comment_status":"","ping_status":"","sticky":false,"template":"","format":"standard","meta":{"footnotes":""},"categories":[1852],"tags":[3364,29,548,663,3934,30,13,4949,177,14,15,121,178,180,179,181,12,1971,17990],"class_list":{"0":"post-325493","1":"post","2":"type-post","3":"status-publish","4":"format-standard","5":"has-post-thumbnail","7":"category-kiel","8":"tag-de","9":"tag-deutschland","10":"tag-eu","11":"tag-europa","12":"tag-europe","13":"tag-germany","14":"tag-headlines","15":"tag-kiel","16":"tag-kriminalitt","17":"tag-nachrichten","18":"tag-news","19":"tag-polizei","20":"tag-presse","21":"tag-pressemeldung","22":"tag-pressemitteilung","23":"tag-pressemitteilungen","24":"tag-schlagzeilen","25":"tag-schleswig-holstein","26":"tag-sh"},"share_on_mastodon":{"url":"https:\/\/pubeurope.com\/@de\/114986216643101710","error":""},"_links":{"self":[{"href":"https:\/\/www.europesays.com\/de\/wp-json\/wp\/v2\/posts\/325493","targetHints":{"allow":["GET"]}}],"collection":[{"href":"https:\/\/www.europesays.com\/de\/wp-json\/wp\/v2\/posts"}],"about":[{"href":"https:\/\/www.europesays.com\/de\/wp-json\/wp\/v2\/types\/post"}],"author":[{"embeddable":true,"href":"https:\/\/www.europesays.com\/de\/wp-json\/wp\/v2\/users\/2"}],"replies":[{"embeddable":true,"href":"https:\/\/www.europesays.com\/de\/wp-json\/wp\/v2\/comments?post=325493"}],"version-history":[{"count":0,"href":"https:\/\/www.europesays.com\/de\/wp-json\/wp\/v2\/posts\/325493\/revisions"}],"wp:featuredmedia":[{"embeddable":true,"href":"https:\/\/www.europesays.com\/de\/wp-json\/wp\/v2\/media\/320445"}],"wp:attachment":[{"href":"https:\/\/www.europesays.com\/de\/wp-json\/wp\/v2\/media?parent=325493"}],"wp:term":[{"taxonomy":"category","embeddable":true,"href":"https:\/\/www.europesays.com\/de\/wp-json\/wp\/v2\/categories?post=325493"},{"taxonomy":"post_tag","embeddable":true,"href":"https:\/\/www.europesays.com\/de\/wp-json\/wp\/v2\/tags?post=325493"}],"curies":[{"name":"wp","href":"https:\/\/api.w.org\/{rel}","templated":true}]}}