{"id":325557,"date":"2025-08-07T07:43:13","date_gmt":"2025-08-07T07:43:13","guid":{"rendered":"https:\/\/www.europesays.com\/de\/325557\/"},"modified":"2025-08-07T07:43:13","modified_gmt":"2025-08-07T07:43:13","slug":"internet-riese-droht-bremer-mode-marke-mit-loeschung-jetzt-gab-es-die-entscheidung","status":"publish","type":"post","link":"https:\/\/www.europesays.com\/de\/325557\/","title":{"rendered":"Internet-Riese droht Bremer Mode-Marke mit L\u00f6schung \u2013 jetzt gab es die Entscheidung"},"content":{"rendered":"<ol class=\"id-DonaldBreadcrumb lp_west_breadcrumb id-DonaldBreadcrumb--default\" data-k5a-pos=\"west_breadcrumb\">\n<li class=\"id-Breadcrumb-item\"><a href=\"https:\/\/www.kreiszeitung.de\/\" class=\"id-Breadcrumb-link\" data-id-ec=\"{\" shn=\"\" textlink=\"\" data-k5a-pos=\"1_startseite\" rel=\"nofollow noopener\" target=\"_blank\">Startseite<\/a><\/li>\n<li class=\"id-Breadcrumb-item\"><a href=\"https:\/\/www.kreiszeitung.de\/lokales\/\" class=\"id-Breadcrumb-link\" data-id-ec=\"{\" shn=\"\" textlink=\"\" data-k5a-pos=\"2_lokales\" rel=\"nofollow noopener\" target=\"_blank\">Lokales<\/a><\/li>\n<li class=\"id-Breadcrumb-item\"><a href=\"https:\/\/www.kreiszeitung.de\/lokales\/bremen\/\" class=\"id-Breadcrumb-link\" data-id-ec=\"{\" shn=\"\" textlink=\"\" data-k5a-pos=\"3_bremen\" rel=\"nofollow noopener\" target=\"_blank\">Bremen<\/a><\/li>\n<\/ol>\n<p class=\"id-Story-timestamp id-Story-timestamp--default\">Stand: 07.08.2025, 06:14 Uhr<\/p>\n<p class=\"id-Story-authors id-Story-authors--default\">Von: <a class=\"id-Story-authors-link lp_west_author\" href=\"https:\/\/www.kreiszeitung.de\/autor\/carolin-gehrmann-4v5tnip5.html\" title=\"Zur Autorenseite von Carolin Gehrmann\" data-id-ec=\"{\" shn=\"\" author-link=\"\" gehrmann=\"\" data-k5a-pos=\"west_author\" rel=\"nofollow noopener\" target=\"_blank\">Carolin Gehrmann<\/a><\/p>\n<p class=\"id-Story-interactionBar id-Story-interactionBar--default\">DruckenTeilen<\/p>\n<p><img decoding=\"async\" class=\"id-RatioPlaceholder-element wv_story_el_image\" src=\"https:\/\/www.europesays.com\/de\/wp-content\/uploads\/2025\/08\/36992284-huddy-ist-ein-modelabel-aus-bremen-markenstreit-markendiebstahl-gerichtsverfahren-liebe-dig.jpeg\" loading=\"eager\" fetchpriority=\"high\"   height=\"619\" width=\"1100\" alt=\"HUDDY ist ein Modelabel aus Bremen Markenstreit Markendiebstahl Gerichtsverfahren Liebe Digga\"\/>HUDDY ist ein Modelabel aus Bremen. Der Slogan \u201eLiebe Digga, Liebe\u201c ist zur eigenen Marke geworden.  \u00a9\u00a0Sandra Westermann<\/p>\n<p class=\"id-StoryElement-leadText\">Eine Bremer Designerin k\u00e4mpfte  um ihre Modemarke HUDDY. Der Internet-Riese Spreadshirt wollte nach einem Rechtsstreit die Marke l\u00f6schen lassen. Jetzt fiel die Entscheidung.<\/p>\n<p class=\"id-StoryElement-paragraph\">Bremen \u2013 Eineinhalb Jahre musste Viktoria Theoharova um die Existenz ihrer Modemarke HUDDY f\u00fcrchten. Die Bremer Modedesignerin hatte sich einen erbitterten Rechtsstreit mit dem Onlineh\u00e4ndler Spreadshirt aus Leipzig geliefert. Der Internet-Riese hatte beim Patent- und Markenamt (DPMA) in M\u00fcnchen beantragt, ihre kleine Marke \u201emade in Bremen\u201c zu l\u00f6schen. Nun gab es eine Entscheidung. <\/p>\n<p class=\"id-StoryElement-paragraph\">Doch wie kam es \u00fcberhaupt zu dem Streit? Die Bremerin hatte das Unternehmen Spreadshirt wegen Markenrechtsverletzungen verklagt, weil auf der Bestellplattform Kopien ihrer HUDDY-Designs verkauft wurden \u2013 und vor Gericht in erster Instanz weitestgehend Recht bekommen. Das Landgericht Frankfurt hatte es \u00e4hnlich wie sie gesehen, dass Spreadshirt f\u00fcr m\u00f6gliche Markenrechtsverletzungen durch andere auf seiner Bestellplattform die Verantwortung \u00fcbernehmen m\u00fcsse. <\/p>\n<p>Spreadshirt wollte Bremer Modemarke l\u00f6schen \u2013 au\u00dfergerichtliche Entscheidung gefallen<\/p>\n<p class=\"id-StoryElement-paragraph\">Daraufhin folgte der Gegenwind der Leipziger: Spreadshirt legte Berufung gegen das Urteil ein \u2013 und beantragte au\u00dferdem die L\u00f6schung der Marke HUDDY, mit der Begr\u00fcndung, dass der Name nicht zul\u00e4ssig f\u00fcr eine eigene Marke sei, da es sich nur um eine andere Schreibweise des Wortes \u201eHoodie\u201c, also Kapuzenpullover, handele. Dabei ist auch der <a href=\"https:\/\/www.kreiszeitung.de\/lokales\/bremen\/gegen-lokale-marke-schon-wieder-streit-um-bremer-modelabel-internetriese-kaempft-93560384.html\" class=\"id-import-Link\" data-id-ec=\"{&quot;sht&quot;:&quot;Container&quot;,&quot;shn&quot;:&quot;Story&quot;,&quot;p&quot;:{&quot;containerType&quot;:&quot;Paragraph&quot;,&quot;displayType&quot;:&quot;Paragraph InlineLink&quot;,&quot;type&quot;:&quot;INLINE_LINK&quot;,&quot;value&quot;:&quot;Name eine eigene Idee der Designerin&quot;,&quot;variant&quot;:&quot;standardLink&quot;,&quot;sponsored&quot;:false,&quot;linkHref&quot;:&quot;https:\/\/www.kreiszeitung.de\/lokales\/bremen\/gegen-lokale-marke-schon-wieder-streit-um-bremer-modelabel-internetriese-kaempft-93560384.html&quot;,&quot;storyElementPosition&quot;:13,&quot;storyElementCount&quot;:26}}\" rel=\"nofollow noopener\" target=\"_blank\">Name eine eigene Idee der Designerin<\/a> \u2013 ein Wortspiel aus Hoodie und Buddy, also Kumpel \u2013, die daher stammt, dass sie die Wohlf\u00fchlteile nach den W\u00fcnschen der Kundinnen und Kunden individuell anfertigt.<\/p>\n<p class=\"id-StoryElement-paragraph\">Der L\u00f6schungsantrag vor dem DMPA war f\u00fcr Theoharova ein herber R\u00fcckschlag \u2013 nach dem ersten Erfolg vor Gericht. Aber aufgeben war f\u00fcr Theoharova keine Option. Um den Kampf gegen den Internet-Riesen aufzunehmen, startete sie die Crowdfunding-Aktion \u201eNot your Ernst!\u201c. Mithilfe ihrer \u201eHUDDY Gang\u201c wollte sie do die Verfahrenskosten reinholen \u2013 mit Erfolg, viele beteiligten sich an der Aktion, die jetzt, nach der Entscheidung, von ihr beendet wurde.<\/p>\n<p><img decoding=\"async\" class=\"id-RatioPlaceholder-element wv_story_el_image\" src=\"https:\/\/www.europesays.com\/de\/wp-content\/uploads\/2025\/07\/38787561-bei-huddy-wird-alles-mit-hand-und-viel-liebe-in-bremen-gefertigt-kunden-koennen-sich-ihr-de.jpeg\" loading=\"lazy\"   height=\"650\" width=\"1100\" alt=\"Bei HUDDY wird alles mit Hand und viel Liebe in Bremen gefertigt. Kunden k&#xF6;nnen sich ihr Design auch selbst gestalten.\"\/>Bei HUDDY wird alles mit Hand und viel Liebe in Bremen gefertigt. Kunden k\u00f6nnen sich ihr Design auch selbst gestalten. \u00a9\u00a0Markoe Sibley<\/p>\n<p class=\"id-StoryElement-paragraph\">Neuen Auftrieb hatte die k\u00e4mpferische Designerin zwischendurch auch dadurch erhalten, dass ein echter <a href=\"https:\/\/www.kreiszeitung.de\/lokales\/bremen\/seite-an-seite-mit-mega-star-bremerin-kaempft-gegen-markenklau-wie-pharrell-williams-designerin-93810571.html\" class=\"id-import-Link\" data-id-ec=\"{&quot;sht&quot;:&quot;Container&quot;,&quot;shn&quot;:&quot;Story&quot;,&quot;p&quot;:{&quot;containerType&quot;:&quot;Paragraph&quot;,&quot;displayType&quot;:&quot;Paragraph InlineLink&quot;,&quot;type&quot;:&quot;INLINE_LINK&quot;,&quot;value&quot;:&quot;Mega-Star aus den USA ihr pl&#xF6;tzlich indirekt den R&#xFC;cken st&#xE4;rkte&quot;,&quot;variant&quot;:&quot;standardLink&quot;,&quot;sponsored&quot;:false,&quot;linkHref&quot;:&quot;https:\/\/www.kreiszeitung.de\/lokales\/bremen\/seite-an-seite-mit-mega-star-bremerin-kaempft-gegen-markenklau-wie-pharrell-williams-designerin-93810571.html&quot;,&quot;storyElementPosition&quot;:17,&quot;storyElementCount&quot;:26}}\" rel=\"nofollow noopener\" target=\"_blank\">Mega-Star aus den USA ihr pl\u00f6tzlich indirekt den R\u00fccken st\u00e4rkte<\/a>. \u201eIst Pharrell Williams jetzt Teil der HUDDY-Gang?\u201c, fragte die Designerin eines Tages auf ihrem Instagram-Kanal. Es stellte sich heraus: Auch S\u00e4nger und Modedesigner Pharrell Williams hatte Klage gegen Spreadshirt eingereicht und rund 12 Millionen Euro Schadenersatz gefordert, weil auf der Plattform F\u00e4lschungen seiner Modemarke Billionaire Boys Club angeboten worden sein sollen. Der Druck auf Spreadshirt wuchs.<\/p>\n<p>Bremer Modemarke HUDDY bleibt \u2013 Sieg gegen Internet-Riesen aus Leipzig<\/p>\n<p class=\"id-StoryElement-paragraph\">Im langw\u00e4hrenden Streit um HUDDY folgte immerhin jetzt die Entscheidung: Wie die Designerin auf Instagram verk\u00fcndete, konnte sie eine au\u00dfergerichtliche Einigung mit Spreadshirt erreichen. Ihre Marke, die f\u00fcr ma\u00dfgeschneiderte Kleidung aus dem Herzen von <a href=\"https:\/\/www.kreiszeitung.de\/lokales\/bremen\/\" class=\"id-import-Link\" title=\"Bremen\" data-id-ec=\"{&quot;sht&quot;:&quot;Container&quot;,&quot;shn&quot;:&quot;Story&quot;,&quot;p&quot;:{&quot;containerType&quot;:&quot;Paragraph&quot;,&quot;displayType&quot;:&quot;Paragraph InlineLink&quot;,&quot;type&quot;:&quot;INLINE_LINK&quot;,&quot;value&quot;:&quot;Bremen&quot;,&quot;variant&quot;:&quot;standardLink&quot;,&quot;sponsored&quot;:false,&quot;linkHref&quot;:&quot;https:\/\/www.kreiszeitung.de\/lokales\/bremen\/&quot;,&quot;storyElementPosition&quot;:20,&quot;storyElementCount&quot;:26}}\" rel=\"nofollow noopener\" target=\"_blank\">Bremen<\/a> steht, wird es auch weiterhin geben. \u201eIhr Lieben, wir haben uns mit der Gegenseite verglichen\u201c, schreibt sie bei Instagram. \u201eWir m\u00f6chten uns aus vollsten Herzen bei euch f\u00fcr die unglaubliche Unterst\u00fctzung und Liebe bedanken! Ihr seid die beste Gang der Welt!\u201c<\/p>\n<p class=\"id-StoryElement-paragraph\">Und weiter: \u201eIn der markenrechtlichen Auseinandersetzung mit Spreadshirt haben wir eine gute und konstruktive L\u00f6sung und Einigung gefunden. Danach nehme ich meinen Antrag auf Erlass einer einstweiligen Verf\u00fcgung gegen Spreadshirt zur\u00fcck. Im Gegenzug nimmt Spreadshirt den beim Deutschen Patent- und Markenamt gestellten Nichtigkeitsantrag gegen meine Marke \u201aHUDDY\u2018 zur\u00fcck. Die Angelegenheit ist damit in gegenseitigem Einvernehmen und zur gegenseitigen Zufriedenheit erledigt worden.\u201c <\/p>\n<p>\u201eIhr seid die beste Gang der Welt!\u201c: HUDDY-Designerin k\u00e4mpft f\u00fcr ihre Bremer Marke \u2013 und Werte<\/p>\n<p class=\"id-StoryElement-paragraph\">In einem Video bei Instagram spricht Theoharova den HUDDY-Fans nicht nur ihren Dank f\u00fcr die Unterst\u00fctzung aus, sondern auch daf\u00fcr, dass sie sich gemeinsam mit ihr f\u00fcr grunds\u00e4tzliche Werte eingesetzt haben. Denn schon zuvor hatte die Designerin im Gespr\u00e4ch mit dieser Redaktion betont, dass es ihr in dem Streit nicht nur um ihre eigene Marke gehe, sondern dass sie den Kampf Klein gegen Gro\u00df stellvertretend f\u00fcr die vielen anderen kleinen Labels k\u00e4mpfe, die sich Tag f\u00fcr Tag gegen die oft \u00fcberm\u00e4chtig wirkende Konkurrenz gro\u00dfer Unternehmen durchsetzen m\u00fcssen. Ihnen wollte sie zeigen, dass sie nicht allein sind, und den Gro\u00dfen, dass sie sich gegen\u00fcber inhabergef\u00fchrten Marken wie ihrer nicht alles erlauben k\u00f6nnen. Das ist ihr jetzt zum Teil gegl\u00fcckt \u2013 denn HUDDY bleibt!<\/p>\n<p class=\"id-StoryElement-paragraph\">Schon in der Vergangenheit hatte Theoharova es mit einem der ganz Gro\u00dfen aufgenommen: <a href=\"https:\/\/www.kreiszeitung.de\/lokales\/bremen\/streit-amazon-bremer-designerin-viktoria-theoharova-kaempft-modemarke-liebe-digga-92222392.html\" class=\"id-import-Link\" data-id-ec=\"{&quot;sht&quot;:&quot;Container&quot;,&quot;shn&quot;:&quot;Story&quot;,&quot;p&quot;:{&quot;containerType&quot;:&quot;Paragraph&quot;,&quot;displayType&quot;:&quot;Paragraph InlineLink&quot;,&quot;type&quot;:&quot;INLINE_LINK&quot;,&quot;value&quot;:&quot;mit dem Gro&#xDF;h&#xE4;ndler Amazon&quot;,&quot;variant&quot;:&quot;standardLink&quot;,&quot;sponsored&quot;:false,&quot;linkHref&quot;:&quot;https:\/\/www.kreiszeitung.de\/lokales\/bremen\/streit-amazon-bremer-designerin-viktoria-theoharova-kaempft-modemarke-liebe-digga-92222392.html&quot;,&quot;storyElementPosition&quot;:26,&quot;storyElementCount&quot;:26}}\" rel=\"nofollow noopener\" target=\"_blank\">mit dem Gro\u00dfh\u00e4ndler Amazon<\/a>. Auch da ging es um Markenrechtsverletzungen von HUDDY. Ob die Angelegenheit f\u00fcr Spreadshirt noch weitere Konsequenzen hat und sie k\u00fcnftig sicherstellen m\u00fcssen, dass auf ihrer Plattform keine Markenrechtsverletzungen mehr stattfinden, ist \u2013 Stand Anfang August \u2013 noch unklar. Zumindest an die Marke HUDDY angelehnte Designs d\u00fcrfen dort nie wieder vertrieben werden. Das hat Designerin Viktoria Theoharova in ihrem Vergleich mit Spreadshirt festhalten lassen.<\/p>\n","protected":false},"excerpt":{"rendered":"Startseite Lokales Bremen Stand: 07.08.2025, 06:14 Uhr Von: Carolin Gehrmann DruckenTeilen HUDDY ist ein Modelabel aus Bremen. Der&hellip;\n","protected":false},"author":2,"featured_media":325558,"comment_status":"","ping_status":"","sticky":false,"template":"","format":"standard","meta":{"footnotes":""},"categories":[1824],"tags":[2420,3364,29,30],"class_list":{"0":"post-325557","1":"post","2":"type-post","3":"status-publish","4":"format-standard","5":"has-post-thumbnail","7":"category-bremen","8":"tag-bremen","9":"tag-de","10":"tag-deutschland","11":"tag-germany"},"share_on_mastodon":{"url":"https:\/\/pubeurope.com\/@de\/114986366262492129","error":""},"_links":{"self":[{"href":"https:\/\/www.europesays.com\/de\/wp-json\/wp\/v2\/posts\/325557","targetHints":{"allow":["GET"]}}],"collection":[{"href":"https:\/\/www.europesays.com\/de\/wp-json\/wp\/v2\/posts"}],"about":[{"href":"https:\/\/www.europesays.com\/de\/wp-json\/wp\/v2\/types\/post"}],"author":[{"embeddable":true,"href":"https:\/\/www.europesays.com\/de\/wp-json\/wp\/v2\/users\/2"}],"replies":[{"embeddable":true,"href":"https:\/\/www.europesays.com\/de\/wp-json\/wp\/v2\/comments?post=325557"}],"version-history":[{"count":0,"href":"https:\/\/www.europesays.com\/de\/wp-json\/wp\/v2\/posts\/325557\/revisions"}],"wp:featuredmedia":[{"embeddable":true,"href":"https:\/\/www.europesays.com\/de\/wp-json\/wp\/v2\/media\/325558"}],"wp:attachment":[{"href":"https:\/\/www.europesays.com\/de\/wp-json\/wp\/v2\/media?parent=325557"}],"wp:term":[{"taxonomy":"category","embeddable":true,"href":"https:\/\/www.europesays.com\/de\/wp-json\/wp\/v2\/categories?post=325557"},{"taxonomy":"post_tag","embeddable":true,"href":"https:\/\/www.europesays.com\/de\/wp-json\/wp\/v2\/tags?post=325557"}],"curies":[{"name":"wp","href":"https:\/\/api.w.org\/{rel}","templated":true}]}}