{"id":325691,"date":"2025-08-07T08:57:24","date_gmt":"2025-08-07T08:57:24","guid":{"rendered":"https:\/\/www.europesays.com\/de\/325691\/"},"modified":"2025-08-07T08:57:24","modified_gmt":"2025-08-07T08:57:24","slug":"unfall-baugeruest-in-nuernberg-faellt-um-und-trifft-frau-am-kopf-bayern","status":"publish","type":"post","link":"https:\/\/www.europesays.com\/de\/325691\/","title":{"rendered":"Unfall &#8211; Bauger\u00fcst in N\u00fcrnberg f\u00e4llt um und trifft Frau am Kopf &#8211; Bayern"},"content":{"rendered":"<p data-manual=\"teaserText\" data-schema-org-speakable=\"true\">F\u00fcr Arbeiten soll ein Bauger\u00fcst in der N\u00fcrnberger Innenstadt aufgestellt werden. Doch noch w\u00e4hrend des Aufbaus f\u00e4llt das Ger\u00fcst um &#8211; und trifft eine Passantin.<\/p>\n<p data-manual=\"paragraph\" data-schema-org-speakable=\"true\" class=\"css-xboolz\">N\u00fcrnberg (dpa\/lby) &#8211; Ein Bauger\u00fcst ist in der N\u00fcrnberger Innenstadt umgefallen und hat eine Frau am Kopf getroffen. Wie die Feuerwehr mitteilte, erhielt die Verletzte vor Ort sofort von Polizisten, einem Arzt, einer Krankenschwester und einer weiteren Frau Erste Hilfe. Das Ger\u00fcst war demnach beim Aufbauen umgest\u00fcrzt. Einsatzkr\u00e4fte sicherten anschlie\u00dfend das Ger\u00fcst. Warum genau es am Dienstag umst\u00fcrzte, sollen nun die Ermittlungen der Polizei kl\u00e4ren.<\/p>\n<p data-manual=\"paragraph\" data-schema-org-speakable=\"true\" class=\"css-xboolz\">\u00a9 dpa-infocom, dpa:250806-930-880154\/1<\/p>\n","protected":false},"excerpt":{"rendered":"F\u00fcr Arbeiten soll ein Bauger\u00fcst in der N\u00fcrnberger Innenstadt aufgestellt werden. Doch noch w\u00e4hrend des Aufbaus f\u00e4llt das&hellip;\n","protected":false},"author":2,"featured_media":325692,"comment_status":"","ping_status":"","sticky":false,"template":"","format":"standard","meta":{"footnotes":""},"categories":[1837],"tags":[772,3364,29,30,11115,4156,3783,149,2624,3094],"class_list":{"0":"post-325691","1":"post","2":"type-post","3":"status-publish","4":"format-standard","5":"has-post-thumbnail","7":"category-nuernberg","8":"tag-bayern","9":"tag-de","10":"tag-deutschland","11":"tag-germany","12":"tag-kaiserstrasse","13":"tag-mittelfranken","14":"tag-nuernberg","15":"tag-sueddeutsche-zeitung","16":"tag-unfaelle","17":"tag-unglueck-und-unfall"},"share_on_mastodon":{"url":"https:\/\/pubeurope.com\/@de\/114986656994741235","error":""},"_links":{"self":[{"href":"https:\/\/www.europesays.com\/de\/wp-json\/wp\/v2\/posts\/325691","targetHints":{"allow":["GET"]}}],"collection":[{"href":"https:\/\/www.europesays.com\/de\/wp-json\/wp\/v2\/posts"}],"about":[{"href":"https:\/\/www.europesays.com\/de\/wp-json\/wp\/v2\/types\/post"}],"author":[{"embeddable":true,"href":"https:\/\/www.europesays.com\/de\/wp-json\/wp\/v2\/users\/2"}],"replies":[{"embeddable":true,"href":"https:\/\/www.europesays.com\/de\/wp-json\/wp\/v2\/comments?post=325691"}],"version-history":[{"count":0,"href":"https:\/\/www.europesays.com\/de\/wp-json\/wp\/v2\/posts\/325691\/revisions"}],"wp:featuredmedia":[{"embeddable":true,"href":"https:\/\/www.europesays.com\/de\/wp-json\/wp\/v2\/media\/325692"}],"wp:attachment":[{"href":"https:\/\/www.europesays.com\/de\/wp-json\/wp\/v2\/media?parent=325691"}],"wp:term":[{"taxonomy":"category","embeddable":true,"href":"https:\/\/www.europesays.com\/de\/wp-json\/wp\/v2\/categories?post=325691"},{"taxonomy":"post_tag","embeddable":true,"href":"https:\/\/www.europesays.com\/de\/wp-json\/wp\/v2\/tags?post=325691"}],"curies":[{"name":"wp","href":"https:\/\/api.w.org\/{rel}","templated":true}]}}