{"id":325743,"date":"2025-08-07T09:26:15","date_gmt":"2025-08-07T09:26:15","guid":{"rendered":"https:\/\/www.europesays.com\/de\/325743\/"},"modified":"2025-08-07T09:26:15","modified_gmt":"2025-08-07T09:26:15","slug":"79-jaehrige-faehrt-gegen-pfeiler-und-stirbt-beifahrer-schwer-verletzt","status":"publish","type":"post","link":"https:\/\/www.europesays.com\/de\/325743\/","title":{"rendered":"79-J\u00e4hrige f\u00e4hrt gegen Pfeiler und stirbt \u2013 Beifahrer schwer verletzt"},"content":{"rendered":"<p class=\"tspBNkw\">Bei einem Verkehrsunfall in Treptow-K\u00f6penick ist Mittwochnacht eine 79-J\u00e4hrige verstorben. Wie ein Sprecher der Berliner Polizei am Donnerstagmorgen berichtet, ging dem Unfall nach ersten Erkenntnissen ein medizinischer Notfall voraus. Welcher Art blieb zun\u00e4chst unklar, jedoch k\u00f6nne ein Fremdverschulden ausgeschlossen werden.<\/p>\n<p><a href=\"https:\/\/www.tagesspiegel.de\/berlin\/null-verkehrstote-in-einem-jahr-berlin-sollte-sich-helsinki-zum-vorbild-nehmen-14136494.html?icid=single-topic_14143256___\" data-gtm-class=\"article-mzt-link\" class=\"tspB6mm\" rel=\"nofollow noopener\" target=\"_blank\">Null Verkehrstote in einem Jahr Berlin sollte sich Helsinki zum Vorbild nehmen! <\/a><\/p>\n<p class=\"tspBNkw\">Um kurz vor 22 Uhr krachte die 79-j\u00e4hrige Fahrerin in der <a href=\"https:\/\/www.tagesspiegel.de\/berlin\/bezirke\/treptow-koepenick?icid=in-text-link_14143256\" class=\"link link--internal\" data-gtm-class=\"article-text-link\" data-gtm-val=\"internal\" rel=\"nofollow noopener\" target=\"_blank\">Bohnsdorfer Seitenstra\u00dfe<\/a> gegen zwei Pfeiler, hei\u00dft es in einer Feuerwehrmitteilung am Morgen. Durch den Aufprall \u00fcberschlug sich das Auto und kam auf der Seite zum Liegen.\u00a0Bei dem Unfall wurden die 79-J\u00e4hrige und ihr 86-j\u00e4hriger Beifahrer im Fahrzeug eingeklemmt.<\/p>\n<p class=\"tspBNkw\">Die Feuerwehr musste mit Spezialger\u00e4ten das Dach des Autos entfernen, um die beiden Personen aus dem Fahrzeug zu retten. Doch f\u00fcr die Frau war die Rettungsaktion bereits zu sp\u00e4t.  Die Wiederbelebungsma\u00dfnahmen blieben erfolglos. Der 86-j\u00e4hrige Beifahrer wurde laut der Feuerwehr schwer verletzt in ein Krankenhaus gebracht.<\/p>\n<p> Mehr aus Berlin: <a href=\"https:\/\/www.tagesspiegel.de\/berlin\/verkehrsunfalle-in-berlin-welche-gefahrenstellen-entscharft-werden-sollen-13107562.html?icid=topic-list_14143256___\" data-gtm-class=\"article-mzt-link\" class=\"tspB6mm\" rel=\"nofollow noopener\" target=\"_blank\">Verkehrsunf\u00e4lle in Berlin Welche Gefahrenstellen entsch\u00e4rft werden sollen <\/a><a href=\"https:\/\/www.tagesspiegel.de\/berlin\/getotete-radfahrer-in-berlin-wir-brauchen-bessere-strassen--und-ein-anderes-verkehrsklima-12996853.html?icid=topic-list_14143256___\" data-gtm-class=\"article-mzt-link\" class=\"tspB6mm\" rel=\"nofollow noopener\" target=\"_blank\">Get\u00f6tete Radfahrer in Berlin Wir brauchen bessere Stra\u00dfen \u2013 und ein anderes Verkehrsklima <\/a><a href=\"https:\/\/www.tagesspiegel.de\/berlin\/expertin-uber-regelbruche-im-strassenverkehr-viele-erkennen-nicht-dass-sie-selbst-teil-des-problems-sind-12994744.html?icid=topic-list_14143256___\" data-gtm-class=\"article-mzt-link\" class=\"tspB6mm\" rel=\"nofollow noopener\" target=\"_blank\">Expertin \u00fcber Regelbr\u00fcche im Stra\u00dfenverkehr \u201eViele erkennen nicht, dass sie selbst Teil des Problems sind\u201c <\/a><\/p>\n<p class=\"tspBNkw\">Angeh\u00f6rige der Verunfallten wurden von Fachkr\u00e4ften der Feuerwehr und der Polizei betreut. Die 79-J\u00e4hrige ist bereits die 22. Verkehrstote in Berlin in diesem Jahr. Erst am Sonntag ist ein <a href=\"https:\/\/www.tagesspiegel.de\/berlin\/gegen-baum-gerast-und-im-auto-eingeklemmt-19-jahriger-stirbt-bei-schwerem-unfall-in-berlin-mariendorf-14125439.html?icid=in-text-link_14143256\" class=\"link link--internal\" data-gtm-class=\"article-text-link\" data-gtm-val=\"internal\" rel=\"nofollow noopener\" target=\"_blank\">19-J\u00e4hriger bei einem schweren Verkehrsunfall in Mariendorf ums Leben gekommen<\/a>.<\/p>\n","protected":false},"excerpt":{"rendered":"Bei einem Verkehrsunfall in Treptow-K\u00f6penick ist Mittwochnacht eine 79-J\u00e4hrige verstorben. Wie ein Sprecher der Berliner Polizei am Donnerstagmorgen&hellip;\n","protected":false},"author":2,"featured_media":325744,"comment_status":"","ping_status":"","sticky":false,"template":"","format":"standard","meta":{"footnotes":""},"categories":[1825],"tags":[296,29,30,121,5917,2101],"class_list":{"0":"post-325743","1":"post","2":"type-post","3":"status-publish","4":"format-standard","5":"has-post-thumbnail","7":"category-berlin","8":"tag-berlin","9":"tag-deutschland","10":"tag-germany","11":"tag-polizei","12":"tag-treptow-koepenick","13":"tag-verkehrsungluecke"},"share_on_mastodon":{"url":"https:\/\/pubeurope.com\/@de\/114986771103560765","error":""},"_links":{"self":[{"href":"https:\/\/www.europesays.com\/de\/wp-json\/wp\/v2\/posts\/325743","targetHints":{"allow":["GET"]}}],"collection":[{"href":"https:\/\/www.europesays.com\/de\/wp-json\/wp\/v2\/posts"}],"about":[{"href":"https:\/\/www.europesays.com\/de\/wp-json\/wp\/v2\/types\/post"}],"author":[{"embeddable":true,"href":"https:\/\/www.europesays.com\/de\/wp-json\/wp\/v2\/users\/2"}],"replies":[{"embeddable":true,"href":"https:\/\/www.europesays.com\/de\/wp-json\/wp\/v2\/comments?post=325743"}],"version-history":[{"count":0,"href":"https:\/\/www.europesays.com\/de\/wp-json\/wp\/v2\/posts\/325743\/revisions"}],"wp:featuredmedia":[{"embeddable":true,"href":"https:\/\/www.europesays.com\/de\/wp-json\/wp\/v2\/media\/325744"}],"wp:attachment":[{"href":"https:\/\/www.europesays.com\/de\/wp-json\/wp\/v2\/media?parent=325743"}],"wp:term":[{"taxonomy":"category","embeddable":true,"href":"https:\/\/www.europesays.com\/de\/wp-json\/wp\/v2\/categories?post=325743"},{"taxonomy":"post_tag","embeddable":true,"href":"https:\/\/www.europesays.com\/de\/wp-json\/wp\/v2\/tags?post=325743"}],"curies":[{"name":"wp","href":"https:\/\/api.w.org\/{rel}","templated":true}]}}