{"id":325745,"date":"2025-08-07T09:27:19","date_gmt":"2025-08-07T09:27:19","guid":{"rendered":"https:\/\/www.europesays.com\/de\/325745\/"},"modified":"2025-08-07T09:27:19","modified_gmt":"2025-08-07T09:27:19","slug":"twitch-star-eliasn97-luxuswohnung-in-berlin-wird-zum-teuren-albtraum-unterhaltung","status":"publish","type":"post","link":"https:\/\/www.europesays.com\/de\/325745\/","title":{"rendered":"Twitch-Star EliasN97: Luxuswohnung in Berlin wird zum teuren Albtraum | Unterhaltung"},"content":{"rendered":"<p>Berlin \u2013 <b>175 Quadratmeter in bester Lage. Ruhig, modern, lichtdurchflutet. Eine Wohnung, wie aus einem Wohnmagazin. Genau hier lebt Elias Nerlich, besser bekannt als EliasN97, mit seiner Verlobten Melina. Der Streamer begeistert mit seinen Gaming-Inhalten und seiner Pers\u00f6nlichkeit ein Millionenpublikum. F\u00fcr sein Berliner Traumapartment zahlt er eigenen Angaben zufolge stolze 8.000 Euro Miete im Monat. <\/b><\/p>\n<p>Doch was nach Luxus klingt, entpuppt sich im Alltag als Problem. Stromausf\u00e4lle, defekte Technik, schlechte Kommunikation mit der Hausverwaltung.<\/p>\n<p><img decoding=\"async\" width=\"992\" height=\"1178\" alt=\"Zwei Lambos vor der T\u00fcr, aber in der 8.000 \u20ac-Luxuswohnung tropft's von der Decke \u2013 EliasN97 zeigt, dass Geld nicht alle Probleme l\u00f6st\" src=\"https:\/\/www.europesays.com\/de\/wp-content\/uploads\/2025\/08\/9eecd80f4658e1ed06782b19a0fa288f,a3de908b\"   class=\"portrait\" loading=\"lazy\"\/><\/p>\n<p class=\"fig__caption__text\">EliasN97, auch \u201eEligella\u201c genannt, geh\u00f6rt mit \u00fcber 2 Millionen Twitch-Followern sowie 1,5 Millionen Abonnenten auf Instagram und YouTube zu den einflussreichsten Personen der deutschen Creator-Szene<\/p>\n<p>Foto: eliasn97\/Instagram<\/p>\n<p>\u201eWusstet ihr, dass bei mir gerade alles drunter und dr\u00fcber geht? Im Bad und Wohnzimmer gehen die Lichter nicht\u201c, erz\u00e4hlt er. \u201eDass der <a href=\"https:\/\/www.bild.de\/themen\/ereignisse\/live-stream\/live-stream-fussball-sport-und-serien-online-und-in-echtzeit-26125664.bild.html\" class=\"text-link\" rel=\"nofollow noopener\" target=\"_blank\">Stream<\/a> l\u00e4uft, ist eigentlich geil, weil ich zuletzt auch hier im Streaming-Zimmer Stromprobleme hatte.\u201c Teilweise gehen die Lichter einfach aus. \u201eWie so ein Z\u00fcndungsding\u201c, sagt <a href=\"https:\/\/www.bild.de\/unterhaltung\/bildgg\/elias-nerlich-im-steckbrief-zwischen-sport-und-social-media-6319b53dbd692720d99d928e\" class=\"text-link\" rel=\"nofollow noopener\" target=\"_blank\">Elias<\/a>.<\/p>\n<p><img decoding=\"async\" width=\"992\" height=\"1178\" alt=\"In seiner Verzweiflung fragte er sogar seine Community: \u201eIch hab keinen Strom mehr in meiner Wohnung, teilweise in manchen R\u00e4umen nicht. Wisst ihr, was man dagegen machen kann?\u201c\" src=\"https:\/\/www.europesays.com\/de\/wp-content\/uploads\/2025\/08\/fd6e21284ce14ddfe28767685b37dd81,373fb533\"   class=\"portrait\" loading=\"lazy\"\/><\/p>\n<p class=\"fig__caption__text\">In seiner Verzweiflung fragte Eli sogar seine Community: \u201eIch hab keinen Strom mehr in meiner Wohnung, teilweise in manchen R\u00e4umen nicht. Wisst ihr, was man dagegen machen kann?\u201c <\/p>\n<p>Foto: ytclipz70\/tiktok<\/p>\n<p>Garagentor wird zum Auto-Albtraum<\/p>\n<p>Doch es bleibt nicht bei Stromproblemen. Das Garagentor stellte sich ebenfalls als Sicherheitsrisiko heraus. Elias schildert die Szene: \u201eIch fahre mein Auto aus der Garage raus, das Ding knallt von oben nach unten auf mein Auto.\u201c Der Schaden sei nur oberfl\u00e4chlich, \u201eein paar Kratzer\u201c, wie er sagt. <\/p>\n<p> An dieser Stelle findest du Inhalte aus YouTube <\/p>\n<p> Um mit Inhalten aus YouTube und anderen sozialen Netzwerken zu interagieren oder diese darzustellen, brauchen wir deine Zustimmung. <\/p>\n<p> soziale Netzwerke aktivieren  Um eingebettete Inhalte anzuzeigen, ist Ihre jederzeit widerrufliche Einwilligung (\u00fcber den Schalter oder \u00fcber &#8220; <a class=\"embed-placeholder__text-link\" href=\"#\" rel=\"noopener noreferrer\" title=\"Tracking widerrufen\"> Widerruf Tracking und Cookies<\/a> &#8220; am Seitenende) zur Verarbeitung personenbezogener Daten n\u00f6tig.  Dabei k\u00f6nnen Daten in Drittl\u00e4nder wie die USA \u00fcbermittelt werden (Art. 49 Abs. 1 lit. a DSGVO). Mit dem Aktivieren des Inhalts stimmen Sie zu. Weitere Infos finden Sie <a class=\"embed-placeholder__text-link\" href=\"#\" rel=\"noopener noreferrer\" title=\"Zu den Privatsph\u00e4re Einstellungen\"> hier<\/a>. <\/p>\n<p>Doch die Reaktion der Verwaltung machte ihn fassungslos: \u201eDie sagen, es ist kein Beweis, dass es an der T\u00fcr liegt, sondern quasi mein Fehler.\u201c Dabei hatte er Fotos und Videos geschickt. Die Antwort? \u201eEs gibt hier keine Beweise. Muss ich selber zahlen.\u201c<\/p>\n<p>\u201eBodenloser Support\u201c<\/p>\n<p>Er f\u00fchlte sich alleingelassen \u2013 obwohl die <a href=\"https:\/\/www.bild.de\/leben-wissen\/miet-umfrage-jeder-7-zahlt-mehr-als-die-haelfte-seines-netto-gehalts-68452ae293a3cb1459b20189\" class=\"text-link\" rel=\"nofollow noopener\" target=\"_blank\">Miete<\/a> astronomisch ist. \u201eDas ist wirklich ein bodenloser Support, den man hier in dieser Wohnung bekommt.\u201c Mehrmals wandte er sich an die Hausverwaltung, doch eine Reaktion blieb offenbar aus. Trotz Luxuslage und hohem Preis. <\/p>\n<p><img decoding=\"async\" width=\"992\" height=\"1178\" alt=\"Anfang 2024 zog Eli mit seiner Verlobten in die Wohnung, die Roomtour, die er damals auf seinem YouTube-Kanal hochlied, ist mittlerweile offline genommen\" src=\"https:\/\/www.europesays.com\/de\/wp-content\/uploads\/2025\/08\/47b3b24f1cb42bb7236f04137fb3ec6d,34b1a9a5\"   class=\"portrait\" loading=\"lazy\"\/><\/p>\n<p class=\"fig__caption__text\">Anfang 2024 zog Eli mit seiner Verlobten in die Traumwohnung, die Roomtour, die er damals auf seinem YouTube-Kanal ver\u00f6ffentlichte, ist mittlerweile offline genommen  <\/p>\n<p>Foto: eliasn97\/Instagram<\/p>\n<p>Die Realit\u00e4t in Berlins Mietverh\u00e4ltnissen kann manchmal selbst f\u00fcr Promis knallhart sein \u2013 oder wie Eli es sagen w\u00fcrde: bodenlos.<\/p>\n","protected":false},"excerpt":{"rendered":"Berlin \u2013 175 Quadratmeter in bester Lage. Ruhig, modern, lichtdurchflutet. Eine Wohnung, wie aus einem Wohnmagazin. Genau hier&hellip;\n","protected":false},"author":2,"featured_media":325746,"comment_status":"","ping_status":"","sticky":false,"template":"","format":"standard","meta":{"footnotes":""},"categories":[1825],"tags":[15129,296,29,30,3317,3318,45,1504,2298,626,1506,1507],"class_list":{"0":"post-325745","1":"post","2":"type-post","3":"status-publish","4":"format-standard","5":"has-post-thumbnail","7":"category-berlin","8":"tag-lamborghini","9":"tag-berlin","10":"tag-deutschland","11":"tag-germany","12":"tag-miete","13":"tag-mieterrecht","14":"tag-texttospeech","15":"tag-twitch","16":"tag-vermieter","17":"tag-wohnung","18":"tag-youtube","19":"tag-youtuber"},"share_on_mastodon":{"url":"https:\/\/pubeurope.com\/@de\/114986775164185354","error":""},"_links":{"self":[{"href":"https:\/\/www.europesays.com\/de\/wp-json\/wp\/v2\/posts\/325745","targetHints":{"allow":["GET"]}}],"collection":[{"href":"https:\/\/www.europesays.com\/de\/wp-json\/wp\/v2\/posts"}],"about":[{"href":"https:\/\/www.europesays.com\/de\/wp-json\/wp\/v2\/types\/post"}],"author":[{"embeddable":true,"href":"https:\/\/www.europesays.com\/de\/wp-json\/wp\/v2\/users\/2"}],"replies":[{"embeddable":true,"href":"https:\/\/www.europesays.com\/de\/wp-json\/wp\/v2\/comments?post=325745"}],"version-history":[{"count":0,"href":"https:\/\/www.europesays.com\/de\/wp-json\/wp\/v2\/posts\/325745\/revisions"}],"wp:featuredmedia":[{"embeddable":true,"href":"https:\/\/www.europesays.com\/de\/wp-json\/wp\/v2\/media\/325746"}],"wp:attachment":[{"href":"https:\/\/www.europesays.com\/de\/wp-json\/wp\/v2\/media?parent=325745"}],"wp:term":[{"taxonomy":"category","embeddable":true,"href":"https:\/\/www.europesays.com\/de\/wp-json\/wp\/v2\/categories?post=325745"},{"taxonomy":"post_tag","embeddable":true,"href":"https:\/\/www.europesays.com\/de\/wp-json\/wp\/v2\/tags?post=325745"}],"curies":[{"name":"wp","href":"https:\/\/api.w.org\/{rel}","templated":true}]}}