{"id":325785,"date":"2025-08-07T09:48:12","date_gmt":"2025-08-07T09:48:12","guid":{"rendered":"https:\/\/www.europesays.com\/de\/325785\/"},"modified":"2025-08-07T09:48:12","modified_gmt":"2025-08-07T09:48:12","slug":"2-fussball-bundesliga-eintracht-braunschweig-verlaengert-mit-co-trainern","status":"publish","type":"post","link":"https:\/\/www.europesays.com\/de\/325785\/","title":{"rendered":"2. Fu\u00dfball-Bundesliga: Eintracht Braunschweig verl\u00e4ngert mit Co-Trainern"},"content":{"rendered":"<p>        7. August 2025, 11:45 Uhr<br \/>\n    Quelle: dpa Niedersachsen\n<\/p>\n<p>        Hinweis<\/p>\n<p class=\"article-notice__text\">DIE ZEIT hat diese Meldung redaktionell nicht bearbeitet. Sie wurde automatisch von der Deutschen Presse-Agentur (dpa) \u00fcbernommen.<\/p>\n<p>            <img decoding=\"async\" class=\"article__media-item\" src=\"https:\/\/www.europesays.com\/de\/wp-content\/uploads\/2025\/08\/1754560092_875_wide__660x371.jpeg\" alt=\"2. Fu\u00dfball-Bundesliga: Co-Trainer Marc Pfitzner bleibt bei Eintracht Braunschweig.\"\/><\/p>\n<p>                    Co-Trainer Marc Pfitzner bleibt bei Eintracht Braunschweig.<br \/>\n            \u00a9\u00a0Swen Pf\u00f6rtner\/\u200bdpa<\/p>\n<p class=\"paragraph article__item\"><a class=\"rtr-entity\" href=\"https:\/\/www.zeit.de\/thema\/eintracht-braunschweig\" target=\"_blank\" rel=\"noopener\">Eintracht Braunschweig<\/a> hat die Vertr\u00e4ge mit Co-Trainer Marc Pfitzner und Torwarttrainer Jasmin Fejzic vorzeitig verl\u00e4ngert. Pfitzner bleibt bis zum 30. Juni 2028 beim Fu\u00dfball-Zweitligisten, Fejzic bis zum 30. Juni 2027. Neuer Chef-Coach der Eintracht ist seit dieser Saison Heiner Backhaus.\n<\/p>\n<p>Aktuelles<\/p>\n<p>                <a href=\"https:\/\/www.zeit.de\/sport\/2025-07\/marc-andre-ter-stegen-ausfall-ruecken-op\" data-ct-label=\"Fu\u00dfball: Nationaltorwart ter Stegen f\u00e4llt mehrere Monate aus\" target=\"_blank\" rel=\"noopener\"><\/p>\n<p>                        Fu\u00dfball:<br \/>\n                        Nationaltorwart ter Stegen f\u00e4llt mehrere Monate aus<\/p>\n<p>                <\/a><\/p>\n<p>                <a href=\"https:\/\/www.zeit.de\/sport\/2025-07\/lamine-yamal-geburtstag-party-skandal-fussball\" data-ct-label=\"Lamine Yamal: Sp\u00e4tr\u00f6mische Dekadenz, Fu\u00dfball-Edition\" target=\"_blank\" rel=\"noopener\"><\/p>\n<p>        Z+ (abopflichtiger Inhalt);<\/p>\n<p>    Lamine Yamal:<br \/>\n                        Sp\u00e4tr\u00f6mische Dekadenz, Fu\u00dfball-Edition<\/p>\n<p>                <\/a><\/p>\n<p>                <a href=\"https:\/\/www.zeit.de\/sport\/2025-07\/dfb-mitgliederstatistik-frauen-fussball-schiedsrichter\" data-ct-label=\"Deutscher Fu\u00dfball-Bund: DFB meldet Rekord bei Mitgliedschaften in Fu\u00dfballvereinen\" target=\"_blank\" rel=\"noopener\"><\/p>\n<p>                        Deutscher Fu\u00dfball-Bund:<br \/>\n                        DFB meldet Rekord bei Mitgliedschaften in Fu\u00dfballvereinen<\/p>\n<p>                <\/a><\/p>\n<p class=\"paragraph article__item\">\u00abMarc und Jasmin haben die Eintracht-DNA \u2013 aber das allein ist nicht der Grund f\u00fcr die Vertragsverl\u00e4ngerung. Beide leisten hervorragende Arbeit, sind extrem engagiert und entwickeln sich stetig weiter\u00bb, sagte Sport-Gesch\u00e4ftsf\u00fchrer Benjamin Kessel.\n<\/p>\n<p class=\"paragraph article__item\">\u00a9 dpa-infocom, dpa:250807-930-884811\/1<\/p>\n","protected":false},"excerpt":{"rendered":"7. August 2025, 11:45 Uhr Quelle: dpa Niedersachsen Hinweis DIE ZEIT hat diese Meldung redaktionell nicht bearbeitet. Sie&hellip;\n","protected":false},"author":2,"featured_media":325786,"comment_status":"","ping_status":"","sticky":false,"template":"","format":"standard","meta":{"footnotes":""},"categories":[1850],"tags":[8559,6429,3364,29,8704,548,663,3934,485,30,13,92564,61227,14,15,1411,12],"class_list":{"0":"post-325785","1":"post","2":"type-post","3":"status-publish","4":"format-standard","5":"has-post-thumbnail","7":"category-braunschweig","8":"tag-2-fussball-bundesliga","9":"tag-braunschweig","10":"tag-de","11":"tag-deutschland","12":"tag-eintracht-braunschweig","13":"tag-eu","14":"tag-europa","15":"tag-europe","16":"tag-fussball-bundesliga","17":"tag-germany","18":"tag-headlines","19":"tag-jasmin-fejzic","20":"tag-marc-pfitzner","21":"tag-nachrichten","22":"tag-news","23":"tag-niedersachsen","24":"tag-schlagzeilen"},"share_on_mastodon":{"url":"https:\/\/pubeurope.com\/@de\/114986857521863294","error":""},"_links":{"self":[{"href":"https:\/\/www.europesays.com\/de\/wp-json\/wp\/v2\/posts\/325785","targetHints":{"allow":["GET"]}}],"collection":[{"href":"https:\/\/www.europesays.com\/de\/wp-json\/wp\/v2\/posts"}],"about":[{"href":"https:\/\/www.europesays.com\/de\/wp-json\/wp\/v2\/types\/post"}],"author":[{"embeddable":true,"href":"https:\/\/www.europesays.com\/de\/wp-json\/wp\/v2\/users\/2"}],"replies":[{"embeddable":true,"href":"https:\/\/www.europesays.com\/de\/wp-json\/wp\/v2\/comments?post=325785"}],"version-history":[{"count":0,"href":"https:\/\/www.europesays.com\/de\/wp-json\/wp\/v2\/posts\/325785\/revisions"}],"wp:featuredmedia":[{"embeddable":true,"href":"https:\/\/www.europesays.com\/de\/wp-json\/wp\/v2\/media\/325786"}],"wp:attachment":[{"href":"https:\/\/www.europesays.com\/de\/wp-json\/wp\/v2\/media?parent=325785"}],"wp:term":[{"taxonomy":"category","embeddable":true,"href":"https:\/\/www.europesays.com\/de\/wp-json\/wp\/v2\/categories?post=325785"},{"taxonomy":"post_tag","embeddable":true,"href":"https:\/\/www.europesays.com\/de\/wp-json\/wp\/v2\/tags?post=325785"}],"curies":[{"name":"wp","href":"https:\/\/api.w.org\/{rel}","templated":true}]}}