{"id":325861,"date":"2025-08-07T10:33:10","date_gmt":"2025-08-07T10:33:10","guid":{"rendered":"https:\/\/www.europesays.com\/de\/325861\/"},"modified":"2025-08-07T10:33:10","modified_gmt":"2025-08-07T10:33:10","slug":"duesseldorf-sommerausstellung-bei-bengelstraeter","status":"publish","type":"post","link":"https:\/\/www.europesays.com\/de\/325861\/","title":{"rendered":"D\u00fcsseldorf: Sommerausstellung bei Bengelstr\u00e4ter"},"content":{"rendered":"<p class=\"text_ohne_einzug richtext text-em-55 !leading-serif mx-6 desktop:mx-0\">Sommer, Fernweh, Urlaub, Meer, wie geht die Kunst mit diesen Themen um? Das zeigt die Galerie Bengelstr\u00e4ter, Hermannstra\u00dfe 23, exemplarisch an den beiden K\u00fcnstlern Folkert Rasch und Daniel Wagenblast. <a href=\"https:\/\/rp-online.de\/thema\/vernissage\/\" target=\"_blank\" rel=\"noopener\">Vernissage<\/a> wird am Samstag, 9. August, von 18 bis 21 Uhr gefeiert. Eine Einf\u00fchrung in die Schau gibt es dann um 18.30 Uhr. Die Ausstellung endet am 31. August.<\/p>\n","protected":false},"excerpt":{"rendered":"Sommer, Fernweh, Urlaub, Meer, wie geht die Kunst mit diesen Themen um? Das zeigt die Galerie Bengelstr\u00e4ter, Hermannstra\u00dfe&hellip;\n","protected":false},"author":2,"featured_media":325862,"comment_status":"","ping_status":"","sticky":false,"template":"","format":"standard","meta":{"footnotes":""},"categories":[1831],"tags":[92581,92579,3364,29,3405,92582,92580,2448,30,2075,62670,50720,14367,1209,92578],"class_list":{"0":"post-325861","1":"post","2":"type-post","3":"status-publish","4":"format-standard","5":"has-post-thumbnail","7":"category-duesseldorf","8":"tag-bengelstraeter","9":"tag-daniel-wagenblast","10":"tag-de","11":"tag-deutschland","12":"tag-duesseldorf","13":"tag-exemplarisch","14":"tag-folkert","15":"tag-galerie","16":"tag-germany","17":"tag-kunst","18":"tag-kunsthistoriker","19":"tag-landschaftsmalerei","20":"tag-meer","21":"tag-nordrhein-westfalen","22":"tag-rasch"},"share_on_mastodon":{"url":"https:\/\/pubeurope.com\/@de\/114987034542982147","error":""},"_links":{"self":[{"href":"https:\/\/www.europesays.com\/de\/wp-json\/wp\/v2\/posts\/325861","targetHints":{"allow":["GET"]}}],"collection":[{"href":"https:\/\/www.europesays.com\/de\/wp-json\/wp\/v2\/posts"}],"about":[{"href":"https:\/\/www.europesays.com\/de\/wp-json\/wp\/v2\/types\/post"}],"author":[{"embeddable":true,"href":"https:\/\/www.europesays.com\/de\/wp-json\/wp\/v2\/users\/2"}],"replies":[{"embeddable":true,"href":"https:\/\/www.europesays.com\/de\/wp-json\/wp\/v2\/comments?post=325861"}],"version-history":[{"count":0,"href":"https:\/\/www.europesays.com\/de\/wp-json\/wp\/v2\/posts\/325861\/revisions"}],"wp:featuredmedia":[{"embeddable":true,"href":"https:\/\/www.europesays.com\/de\/wp-json\/wp\/v2\/media\/325862"}],"wp:attachment":[{"href":"https:\/\/www.europesays.com\/de\/wp-json\/wp\/v2\/media?parent=325861"}],"wp:term":[{"taxonomy":"category","embeddable":true,"href":"https:\/\/www.europesays.com\/de\/wp-json\/wp\/v2\/categories?post=325861"},{"taxonomy":"post_tag","embeddable":true,"href":"https:\/\/www.europesays.com\/de\/wp-json\/wp\/v2\/tags?post=325861"}],"curies":[{"name":"wp","href":"https:\/\/api.w.org\/{rel}","templated":true}]}}