{"id":325888,"date":"2025-08-07T10:47:11","date_gmt":"2025-08-07T10:47:11","guid":{"rendered":"https:\/\/www.europesays.com\/de\/325888\/"},"modified":"2025-08-07T10:47:11","modified_gmt":"2025-08-07T10:47:11","slug":"polizeibekannter-psychisch-kranker-mann-attackiert-person","status":"publish","type":"post","link":"https:\/\/www.europesays.com\/de\/325888\/","title":{"rendered":"Polizeibekannter psychisch kranker Mann attackiert Person"},"content":{"rendered":"<p class=\"tspBNkw tspBNkx\">Am Donnerstagmorgen hat ein psychisch kranker Mann eine Person vor der Neuen Synagoge in Berlin-Mitte attackiert. Der Angreifer habe sich vor der Tat bereits in einer geschlossenen Einrichtung befunden, sei aber entlassen worden, berichtete eine Polizeisprecherin dem Tagesspiegel. <\/p>\n<p> Geschlossene Psychiatrie <\/p>\n<p class=\"tspBNkw\">Personen mit schwerwiegenden psychischen Erkrankungen k\u00f6nnen zwangsweise in eine geschlossene Einrichtung eingewiesen werden, wenn sie akut sich selbst oder andere Menschen gef\u00e4hrden. Ein Gericht muss die Einweisung anordnen und regelm\u00e4\u00dfig pr\u00fcfen. In der Regel werden Menschen nach wenigen Wochen wieder entlassen. <\/p>\n<p class=\"tspBNkw\">Einen politischen Hintergrund schlie\u00dft die Polizei demnach aus. Es sei ein zuf\u00e4lliges Aufeinandertreffen der beiden Personen vor der Synagoge gewesen. Bei seiner Tat sei der Mann der Sprecherin zufolge nicht bewaffnet gewesen. Nun soll er einem Arzt vorgestellt werden. (Tsp)<\/p>\n","protected":false},"excerpt":{"rendered":"Am Donnerstagmorgen hat ein psychisch kranker Mann eine Person vor der Neuen Synagoge in Berlin-Mitte attackiert. Der Angreifer&hellip;\n","protected":false},"author":2,"featured_media":325889,"comment_status":"","ping_status":"","sticky":false,"template":"","format":"standard","meta":{"footnotes":""},"categories":[1825],"tags":[296,29,30,525,121],"class_list":{"0":"post-325888","1":"post","2":"type-post","3":"status-publish","4":"format-standard","5":"has-post-thumbnail","7":"category-berlin","8":"tag-berlin","9":"tag-deutschland","10":"tag-germany","11":"tag-mitte","12":"tag-polizei"},"share_on_mastodon":{"url":"https:\/\/pubeurope.com\/@de\/114987089511904199","error":""},"_links":{"self":[{"href":"https:\/\/www.europesays.com\/de\/wp-json\/wp\/v2\/posts\/325888","targetHints":{"allow":["GET"]}}],"collection":[{"href":"https:\/\/www.europesays.com\/de\/wp-json\/wp\/v2\/posts"}],"about":[{"href":"https:\/\/www.europesays.com\/de\/wp-json\/wp\/v2\/types\/post"}],"author":[{"embeddable":true,"href":"https:\/\/www.europesays.com\/de\/wp-json\/wp\/v2\/users\/2"}],"replies":[{"embeddable":true,"href":"https:\/\/www.europesays.com\/de\/wp-json\/wp\/v2\/comments?post=325888"}],"version-history":[{"count":0,"href":"https:\/\/www.europesays.com\/de\/wp-json\/wp\/v2\/posts\/325888\/revisions"}],"wp:featuredmedia":[{"embeddable":true,"href":"https:\/\/www.europesays.com\/de\/wp-json\/wp\/v2\/media\/325889"}],"wp:attachment":[{"href":"https:\/\/www.europesays.com\/de\/wp-json\/wp\/v2\/media?parent=325888"}],"wp:term":[{"taxonomy":"category","embeddable":true,"href":"https:\/\/www.europesays.com\/de\/wp-json\/wp\/v2\/categories?post=325888"},{"taxonomy":"post_tag","embeddable":true,"href":"https:\/\/www.europesays.com\/de\/wp-json\/wp\/v2\/tags?post=325888"}],"curies":[{"name":"wp","href":"https:\/\/api.w.org\/{rel}","templated":true}]}}