{"id":325961,"date":"2025-08-07T11:27:11","date_gmt":"2025-08-07T11:27:11","guid":{"rendered":"https:\/\/www.europesays.com\/de\/325961\/"},"modified":"2025-08-07T11:27:11","modified_gmt":"2025-08-07T11:27:11","slug":"papagei-hilft-bei-zerschlagung-von-drogenring","status":"publish","type":"post","link":"https:\/\/www.europesays.com\/de\/325961\/","title":{"rendered":"Papagei hilft bei Zerschlagung von Drogenring"},"content":{"rendered":"<p class=\"Paragraph_root__xJSDF Paragraph_default-lg-default__txMNQ articleParagraph\">Laut einem <a class=\"LinkText_root__0Tfta annotation-link_annotationLink__nXU8B\" href=\"https:\/\/www.bbc.com\/news\/articles\/c0e9l137pqeo\" target=\"_blank\" rel=\"nofollow noopener\">Bericht der BBC<\/a> hat ein au\u00dfergew\u00f6hnlicher Informant dazu beigetragen, einen Drogenring in Gro\u00dfbritannien aufzudecken. Dabei handelt es sich jedoch nicht um einen Menschen, sondern um einen sprechenden Papagei mit dem Namen Mango.<\/p>\n<p class=\"Paragraph_root__xJSDF Paragraph_default-lg-default__txMNQ articleParagraph\">Die BBC schreibt, dass bei der Durchsuchung mehrerer H\u00e4user durch die Polizei in Blackpool gro\u00dfe Mengen von Heroin und Kokain gefunden wurden. Dies geschah, nachdem in der Gef\u00e4ngniszelle des mutma\u00dflichen Anf\u00fchrers des Drogenrings, dem 35-j\u00e4hrigen Adam Garnett, ein Handy mit Videos entdeckt wurde, die den Papagei Mango seiner Freundin zeigten. Darauf war zu sehen, wie der Vogel mit Drogengeld spielte und S\u00e4tze wie \u201eZwei f\u00fcr 25\u201c sagte, was eine g\u00e4ngige Formulierung im Drogenhandel ist, so die BBC weiter.<\/p>\n<p class=\"Paragraph_root__xJSDF Paragraph_default-lg-default__txMNQ articleParagraph\">Nach der Durchsuchung von Garnetts Zelle, von der aus er in den Jahren 2023 und 2024 die Gesch\u00e4fte leitete, bekannten sich mittlerweile insgesamt 15 Mitglieder der Bande vor Gericht schuldig.<\/p>\n<p><a href=\"https:\/\/www.wort.lu\/luxemburg\/norden\/kokswalzen-und-rave-touristen-ueberrollen-luxemburgs-norden\/80742308.html\" class=\"RelatedTeaser_related-teaser__awFnD RelatedTeaser_related-teaser--image__oZDce read-more_withImage__1YJa_\" data-article-id=\"80742308\" rel=\"nofollow noopener\" target=\"_blank\"><\/p>\n<p>Lesen Sie auch:Kokswalzen und Rave-Touristen \u00fcberrollen Luxemburgs Norden<\/p>\n<p><\/a><\/p>\n<p class=\"Paragraph_root__xJSDF Paragraph_default-lg-default__txMNQ articleParagraph\">Garnett selbst wurde zu 19 Jahren und sechs Monaten Haft verurteilt, seine Freundin und zwei seiner Stellvertreter erhielten Haftstrafen zwischen acht und zw\u00f6lf Jahren. Zwei weitere Bandenmitglieder wurden in Abwesenheit verurteilt, da sie nicht vor Gericht erschienen waren. Sie erhielten sieben und f\u00fcnf Jahre Haft. Laut der BBC konnten die beiden Fl\u00fcchtigen von der Polizei bisher nicht ausfindig gemacht werden.<\/p>\n","protected":false},"excerpt":{"rendered":"Laut einem Bericht der BBC hat ein au\u00dfergew\u00f6hnlicher Informant dazu beigetragen, einen Drogenring in Gro\u00dfbritannien aufzudecken. Dabei handelt&hellip;\n","protected":false},"author":2,"featured_media":325962,"comment_status":"","ping_status":"","sticky":false,"template":"","format":"standard","meta":{"footnotes":""},"categories":[3976],"tags":[331,332,13,14,15,12,3992,3993,3994,3995,3996,3997],"class_list":{"0":"post-325961","1":"post","2":"type-post","3":"status-publish","4":"format-standard","5":"has-post-thumbnail","7":"category-vereinigtes-koenigreich","8":"tag-aktuelle-nachrichten","9":"tag-aktuelle-news","10":"tag-headlines","11":"tag-nachrichten","12":"tag-news","13":"tag-schlagzeilen","14":"tag-uk","15":"tag-united-kingdom","16":"tag-united-kingdom-of-great-britain-and-northern-ireland","17":"tag-vereinigtes-koenigreich","18":"tag-vereinigtes-koenigreich-grossbritannien-und-nordirland","19":"tag-vereinigtes-koenigreich-von-grossbritannien-und-nordirland"},"share_on_mastodon":{"url":"https:\/\/pubeurope.com\/@de\/114987246787286200","error":""},"_links":{"self":[{"href":"https:\/\/www.europesays.com\/de\/wp-json\/wp\/v2\/posts\/325961","targetHints":{"allow":["GET"]}}],"collection":[{"href":"https:\/\/www.europesays.com\/de\/wp-json\/wp\/v2\/posts"}],"about":[{"href":"https:\/\/www.europesays.com\/de\/wp-json\/wp\/v2\/types\/post"}],"author":[{"embeddable":true,"href":"https:\/\/www.europesays.com\/de\/wp-json\/wp\/v2\/users\/2"}],"replies":[{"embeddable":true,"href":"https:\/\/www.europesays.com\/de\/wp-json\/wp\/v2\/comments?post=325961"}],"version-history":[{"count":0,"href":"https:\/\/www.europesays.com\/de\/wp-json\/wp\/v2\/posts\/325961\/revisions"}],"wp:featuredmedia":[{"embeddable":true,"href":"https:\/\/www.europesays.com\/de\/wp-json\/wp\/v2\/media\/325962"}],"wp:attachment":[{"href":"https:\/\/www.europesays.com\/de\/wp-json\/wp\/v2\/media?parent=325961"}],"wp:term":[{"taxonomy":"category","embeddable":true,"href":"https:\/\/www.europesays.com\/de\/wp-json\/wp\/v2\/categories?post=325961"},{"taxonomy":"post_tag","embeddable":true,"href":"https:\/\/www.europesays.com\/de\/wp-json\/wp\/v2\/tags?post=325961"}],"curies":[{"name":"wp","href":"https:\/\/api.w.org\/{rel}","templated":true}]}}