{"id":325997,"date":"2025-08-07T11:47:11","date_gmt":"2025-08-07T11:47:11","guid":{"rendered":"https:\/\/www.europesays.com\/de\/325997\/"},"modified":"2025-08-07T11:47:11","modified_gmt":"2025-08-07T11:47:11","slug":"rollstuhlfahrer-in-essen-landet-in-der-ruhr","status":"publish","type":"post","link":"https:\/\/www.europesays.com\/de\/325997\/","title":{"rendered":"Rollstuhlfahrer in Essen landet in der Ruhr"},"content":{"rendered":"<p>Feuerwehr Essen zieht Rollstuhl aus dem Wasser <\/p>\n<p>Ein Mann aus Essen war am Mittwochabend (6. August) mit seinem elektrischen Rollstuhl in \u00dcberruhr unterwegs, zwischen der Ruhrbr\u00fccke in Steele und dem Holteyer Hafen. Pl\u00f6tzlich musste er einem Fahrradfahrer ausweichen, der ihm entgegen gekommen ist. Dabei ist er die B\u00f6schung heruntergefallen. Spazierg\u00e4nger konnten den Mann aus der Ruhr retten. Er war zwar komplett nass, aber nicht verletzt. Den Rollstuhl hat die Feuerwehr mit einem speziellen Ger\u00e4t wieder hochgezogen. Die Polizei ermittelt jetzt, ob der Fahrradfahrer m\u00f6glicherweise Unfallflucht begangen hat. Es ist aber unklar, ob er den Unfall bemerkt hat. Es gebe bisher auch keine Hinweise darauf, dass der Radfahrer den Weg des Rollstuhlfahrers geschnitten hat, so die Polizei.<\/p>\n<p><a href=\"https:\/\/www.radioessen.de\/externalimages\/?source=jpg782\/feuerwehr.jpeg&amp;dt=202508071240070&amp;resize=1280x960\" data-caption=\"Dieses kleine Fahrzeug der Feuerwehr wird in der Regel bei Waldbr\u00e4nden eingesetzt. Es hilft aber auch oft am Ruhrufer, weil es so kompakt ist, sagt die Feuerwehr.\" itemprop=\"contentUrl\" data-size=\"1280x960\" rel=\"nofollow noopener\" target=\"_blank\"><img decoding=\"async\" alt=\"\" src=\"https:\/\/www.europesays.com\/de\/wp-content\/uploads\/2025\/08\/feuerwehr.jpeg&#038;crop=0x241x4032x2520&#038;resize=1280x800&#038;dt=202508071240070.jpeg\" data-size=\"1280x800\"\/><\/a>Dieses kleine Fahrzeug der Feuerwehr wird in der Regel bei Waldbr\u00e4nden eingesetzt. Es hilft aber auch oft am Ruhrufer, weil es so kompakt ist, sagt die Feuerwehr.\u00a9 Justin Brosch<\/p>\n<p>Dieses kleine Fahrzeug der Feuerwehr wird in der Regel bei Waldbr\u00e4nden eingesetzt. Es hilft aber auch oft am Ruhrufer, weil es so kompakt ist, sagt die Feuerwehr.<\/p>\n<p>\u00a9 Justin BroschMehr Nachrichten aus Essen<\/p>\n","protected":false},"excerpt":{"rendered":"Feuerwehr Essen zieht Rollstuhl aus dem Wasser Ein Mann aus Essen war am Mittwochabend (6. August) mit seinem&hellip;\n","protected":false},"author":2,"featured_media":325998,"comment_status":"","ping_status":"","sticky":false,"template":"","format":"standard","meta":{"footnotes":""},"categories":[1834],"tags":[3275,3364,29,3688,985,30,1209,121,1284],"class_list":{"0":"post-325997","1":"post","2":"type-post","3":"status-publish","4":"format-standard","5":"has-post-thumbnail","7":"category-essen","8":"tag-lokalnachrichten","9":"tag-de","10":"tag-deutschland","11":"tag-essen","12":"tag-feuerwehr","13":"tag-germany","14":"tag-nordrhein-westfalen","15":"tag-polizei","16":"tag-unfall"},"share_on_mastodon":{"url":"https:\/\/pubeurope.com\/@de\/114987325471782812","error":""},"_links":{"self":[{"href":"https:\/\/www.europesays.com\/de\/wp-json\/wp\/v2\/posts\/325997","targetHints":{"allow":["GET"]}}],"collection":[{"href":"https:\/\/www.europesays.com\/de\/wp-json\/wp\/v2\/posts"}],"about":[{"href":"https:\/\/www.europesays.com\/de\/wp-json\/wp\/v2\/types\/post"}],"author":[{"embeddable":true,"href":"https:\/\/www.europesays.com\/de\/wp-json\/wp\/v2\/users\/2"}],"replies":[{"embeddable":true,"href":"https:\/\/www.europesays.com\/de\/wp-json\/wp\/v2\/comments?post=325997"}],"version-history":[{"count":0,"href":"https:\/\/www.europesays.com\/de\/wp-json\/wp\/v2\/posts\/325997\/revisions"}],"wp:featuredmedia":[{"embeddable":true,"href":"https:\/\/www.europesays.com\/de\/wp-json\/wp\/v2\/media\/325998"}],"wp:attachment":[{"href":"https:\/\/www.europesays.com\/de\/wp-json\/wp\/v2\/media?parent=325997"}],"wp:term":[{"taxonomy":"category","embeddable":true,"href":"https:\/\/www.europesays.com\/de\/wp-json\/wp\/v2\/categories?post=325997"},{"taxonomy":"post_tag","embeddable":true,"href":"https:\/\/www.europesays.com\/de\/wp-json\/wp\/v2\/tags?post=325997"}],"curies":[{"name":"wp","href":"https:\/\/api.w.org\/{rel}","templated":true}]}}