{"id":326578,"date":"2025-08-07T16:54:13","date_gmt":"2025-08-07T16:54:13","guid":{"rendered":"https:\/\/www.europesays.com\/de\/326578\/"},"modified":"2025-08-07T16:54:13","modified_gmt":"2025-08-07T16:54:13","slug":"us-unternehmen-lyten-will-northvolt-vermoegenswerte-in-deutschland-kaufen","status":"publish","type":"post","link":"https:\/\/www.europesays.com\/de\/326578\/","title":{"rendered":"US-Unternehmen Lyten will Northvolt-Verm\u00f6genswerte in Deutschland kaufen"},"content":{"rendered":"<p>      US-Unternehmen Lyten will Northvolt-Verm\u00f6genswerte in Deutschland kaufen<\/p>\n<p>            Kopiere den aktuellen Link<\/p>\n<p>          Zur Merkliste hinzuf\u00fcgen<\/p>\n<p>Der US-Batteriehersteller Lyten kauft nach eigenen Angaben die verbleibenden Verm\u00f6genswerte seines insolventen schwedischen Rivalen Northvolt in Deutschland und Schweden. Dieser Kauf beinhalte die im Bau befindliche Fabrik Northvolt Drei im schleswig-holsteinischen Heide sowie in Schweden die Hauptfertigungsst\u00e4tte in Skelleftea und die Forschungs- und Entwicklungseinrichtung in V\u00e4steras, erkl\u00e4rte Lyten am Donnerstag. Schleswig-Holsteins Ministerpr\u00e4sident Daniel G\u00fcnther (CDU) sprach von einer &#8222;sehr erfreulichen Nachricht&#8220;.<\/p>\n<p class=\"typo-body-default is-initial\">Lyten erwirbt nach eigenen Angaben auch alle verbleibenden geistigen Eigentumsrechte von <a class=\"taxonomy-entity organization\" data-target-type=\"article\" href=\"https:\/\/www.stern.de\/auto\/e-mobilitaet\/themen\/northvolt-30586682.html\" rel=\"nofollow noopener\" target=\"_blank\">Northvolt<\/a>. Angaben zu den finanziellen Bedingungen des Kaufes machte der Konzern nicht. &#8222;Diese neu erworbenen Verm\u00f6genswerte wurden mit Kapitalinvestitionen in H\u00f6he von \u00fcber f\u00fcnf Milliarden US-Dollar entwickelt&#8220; und beinhalteten &#8222;16 Gigawattstunden an operativer Batterieproduktionskapazit\u00e4t und \u00fcber 15 Gigawattstunden im Bau&#8220;, erkl\u00e4rte Lyten.<\/p>\n<p class=\"typo-body-default\">Das Unternehmen gab an, einen &#8222;bedeutenden&#8220; Anteil der entlassenen Mitarbeitenden wieder einstellen zu wollen.\u00a0Die Produktion in Skelleftea und V\u00e4steras werde wieder starten, sobald die Transaktion abgeschlossen sei.<\/p>\n<p class=\"typo-body-default\">Northvolt hatte im M\u00e4rz in <a class=\"taxonomy-entity place\" data-target-type=\"article\" href=\"https:\/\/www.stern.de\/politik\/ausland\/themen\/schweden-4155434.html\" rel=\"nofollow noopener\" target=\"_blank\">Schweden<\/a> Insolvenz angemeldet. Das Unternehmen hatte bereits im September eine harte Umstrukturierung eingeleitet. Northvolt strich ein Viertel der Stellen und erkl\u00e4rte, sich auf seine Hauptproduktionsst\u00e4tte in Nordschweden zu konzentrieren. Im November beantragte Northvolt ein Sanierungsverfahren unter US-Gl\u00e4ubigerschutz, das jedoch scheiterte.<\/p>\n<p class=\"typo-body-default\">Das Unternehmen galt lange als gro\u00dfer Hoffnungstr\u00e4ger im europ\u00e4ischen Bem\u00fchen, technologisch im Bereich der Batterien f\u00fcr Elektroautos gegen\u00fcber China aufzuholen. Doch Northvolt h\u00e4ufte Schuldenberge an, k\u00e4mpfte mit einer schwachen Nachfrage und Produktionsverz\u00f6gerungen.<\/p>\n<p class=\"typo-body-default\">Das Projekt in Heide wurde im M\u00e4rz 2022 bekanntgegeben, im M\u00e4rz 2024 wurde der erste Spatenstich gesetzt. Davor hatte Northvolt lange mit staatlichen Stellen verhandelt, um m\u00f6glichst hohe Zusch\u00fcsse zu erhalten. Ausbezahlt wurde von der staatlichen F\u00f6rderbank KfW ein Kredit in H\u00f6he von 600 Millionen Euro, f\u00fcr den je zur H\u00e4lfte der Bund und das Land <a class=\"taxonomy-entity place\" data-target-type=\"article\" href=\"https:\/\/www.stern.de\/politik\/deutschland\/themen\/schleswig-holstein-4154898.html\" rel=\"nofollow noopener\" target=\"_blank\">Schleswig-Holstein<\/a> b\u00fcrgten.<\/p>\n<p class=\"typo-body-default\">Mit den am Donnerstag geschlossenen Vorvertr\u00e4gen f\u00fcr den geplanten Erwerb &#8222;sind auch wichtige Weichen f\u00fcr den Standort von Northvolt Drei in Heide gestellt worden&#8220;, erkl\u00e4rte Ministerpr\u00e4sident <a class=\"\" data-target-type=\"article\" href=\"https:\/\/www.stern.de\/politik\/deutschland\/themen\/daniel-guenther-6724960.html\" rel=\"nofollow noopener\" target=\"_blank\">G\u00fcnther<\/a>. Bis zum endg\u00fcltigen Abschluss m\u00fcssten &#8222;allerdings noch einige H\u00fcrden genommen&#8220; werden. So m\u00fcssten sich Bund und KfW &#8222;auf einen Realisationsrahmen der deutschen Aktivit\u00e4ten&#8220; rund um das Projekt in Heide einigen.<\/p>\n<p class=\"typo-body-default\">Lyten hatte bereits mehrere Verm\u00f6genswerte von Northvolt erstanden, darunter eine Batterieherstellung in Kalifornien. Im Juli k\u00fcndigte das Unternehmen den Kauf der polnischen Northvolt-Anlage an. Auch bekundete Lyten Interesse an der \u00dcbernahme der Fabrik Northvolt Six im kanadischen Qu\u00e9bec.<\/p>\n<p>\n    AFP\n  <\/p>\n","protected":false},"excerpt":{"rendered":"US-Unternehmen Lyten will Northvolt-Verm\u00f6genswerte in Deutschland kaufen Kopiere den aktuellen Link Zur Merkliste hinzuf\u00fcgen Der US-Batteriehersteller Lyten kauft&hellip;\n","protected":false},"author":2,"featured_media":326579,"comment_status":"","ping_status":"","sticky":false,"template":"","format":"standard","meta":{"footnotes":""},"categories":[2],"tags":[331,3924,332,3922,3364,29,30,13,14,3923,15,3921,12],"class_list":{"0":"post-326578","1":"post","2":"type-post","3":"status-publish","4":"format-standard","5":"has-post-thumbnail","7":"category-deutschland","8":"tag-aktuelle-nachrichten","9":"tag-aktuelle-nachrichten-aus-deutschland","10":"tag-aktuelle-news","11":"tag-aktuelle-news-aus-deutschland","12":"tag-de","13":"tag-deutschland","14":"tag-germany","15":"tag-headlines","16":"tag-nachrichten","17":"tag-nachrichten-aus-deutschland","18":"tag-news","19":"tag-news-aus-deutschland","20":"tag-schlagzeilen"},"share_on_mastodon":{"url":"https:\/\/pubeurope.com\/@de\/114988532833203841","error":""},"_links":{"self":[{"href":"https:\/\/www.europesays.com\/de\/wp-json\/wp\/v2\/posts\/326578","targetHints":{"allow":["GET"]}}],"collection":[{"href":"https:\/\/www.europesays.com\/de\/wp-json\/wp\/v2\/posts"}],"about":[{"href":"https:\/\/www.europesays.com\/de\/wp-json\/wp\/v2\/types\/post"}],"author":[{"embeddable":true,"href":"https:\/\/www.europesays.com\/de\/wp-json\/wp\/v2\/users\/2"}],"replies":[{"embeddable":true,"href":"https:\/\/www.europesays.com\/de\/wp-json\/wp\/v2\/comments?post=326578"}],"version-history":[{"count":0,"href":"https:\/\/www.europesays.com\/de\/wp-json\/wp\/v2\/posts\/326578\/revisions"}],"wp:featuredmedia":[{"embeddable":true,"href":"https:\/\/www.europesays.com\/de\/wp-json\/wp\/v2\/media\/326579"}],"wp:attachment":[{"href":"https:\/\/www.europesays.com\/de\/wp-json\/wp\/v2\/media?parent=326578"}],"wp:term":[{"taxonomy":"category","embeddable":true,"href":"https:\/\/www.europesays.com\/de\/wp-json\/wp\/v2\/categories?post=326578"},{"taxonomy":"post_tag","embeddable":true,"href":"https:\/\/www.europesays.com\/de\/wp-json\/wp\/v2\/tags?post=326578"}],"curies":[{"name":"wp","href":"https:\/\/api.w.org\/{rel}","templated":true}]}}