{"id":326687,"date":"2025-08-07T17:50:10","date_gmt":"2025-08-07T17:50:10","guid":{"rendered":"https:\/\/www.europesays.com\/de\/326687\/"},"modified":"2025-08-07T17:50:10","modified_gmt":"2025-08-07T17:50:10","slug":"wie-das-cafe-welcome-seit-zehn-jahren-menschen-empfaengt","status":"publish","type":"post","link":"https:\/\/www.europesays.com\/de\/326687\/","title":{"rendered":"Wie das Caf\u00e9 Welcome seit zehn Jahren Menschen empf\u00e4ngt"},"content":{"rendered":"<p class=\"text_ohne_einzug richtext text-em-55 !leading-serif mx-6 desktop:mx-0\">Seit zehn Jahren hei\u00dft das Caf\u00e9 Welcome gefl\u00fcchtete Menschen in <a href=\"https:\/\/rp-online.de\/thema\/juechen\/\" target=\"_blank\" rel=\"noopener\">J\u00fcchen<\/a> willkommen. Momentan sei viel zu tun, sagt Ingrid Scholz, Seelsorgerin und Koordinatorin im Caf\u00e9. Viele Menschen aus der <a href=\"https:\/\/rp-online.de\/thema\/ukraine\/\" target=\"_blank\" rel=\"noopener\">Ukraine<\/a>, dem Irak, Afghanistan oder der <a href=\"https:\/\/rp-online.de\/thema\/tuerkei\/\" target=\"_blank\" rel=\"noopener\">T\u00fcrkei<\/a> seien gefl\u00fcchtet, um diese k\u00fcmmert sich ein ehrenamtliches Team von 22\u2005Leuten. \u201eMenschen guten Willens\u201c, wie Scholz sagt, die unterschiedlichen Konfessionen angeh\u00f6ren oder auch in ganz unterschiedlichem Alter sind: Die Spanne reicht von 36 bis 82 Jahren.<\/p>\n","protected":false},"excerpt":{"rendered":"Seit zehn Jahren hei\u00dft das Caf\u00e9 Welcome gefl\u00fcchtete Menschen in J\u00fcchen willkommen. Momentan sei viel zu tun, sagt&hellip;\n","protected":false},"author":2,"featured_media":326688,"comment_status":"","ping_status":"","sticky":false,"template":"","format":"standard","meta":{"footnotes":""},"categories":[1849],"tags":[6762,3364,29,548,663,3934,67771,30,13,26920,54462,38382,4455,14,15,1209,12,49,23869],"class_list":{"0":"post-326687","1":"post","2":"type-post","3":"status-publish","4":"format-standard","5":"has-post-thumbnail","7":"category-moenchengladbach","8":"tag-cafe","9":"tag-de","10":"tag-deutschland","11":"tag-eu","12":"tag-europa","13":"tag-europe","14":"tag-gefluechtet","15":"tag-germany","16":"tag-headlines","17":"tag-juechen","18":"tag-kuemmert","19":"tag-momentan","20":"tag-moenchengladbach","21":"tag-nachrichten","22":"tag-news","23":"tag-nordrhein-westfalen","24":"tag-schlagzeilen","25":"tag-scholz","26":"tag-willkommen"},"share_on_mastodon":{"url":"https:\/\/pubeurope.com\/@de\/114988753001027481","error":""},"_links":{"self":[{"href":"https:\/\/www.europesays.com\/de\/wp-json\/wp\/v2\/posts\/326687","targetHints":{"allow":["GET"]}}],"collection":[{"href":"https:\/\/www.europesays.com\/de\/wp-json\/wp\/v2\/posts"}],"about":[{"href":"https:\/\/www.europesays.com\/de\/wp-json\/wp\/v2\/types\/post"}],"author":[{"embeddable":true,"href":"https:\/\/www.europesays.com\/de\/wp-json\/wp\/v2\/users\/2"}],"replies":[{"embeddable":true,"href":"https:\/\/www.europesays.com\/de\/wp-json\/wp\/v2\/comments?post=326687"}],"version-history":[{"count":0,"href":"https:\/\/www.europesays.com\/de\/wp-json\/wp\/v2\/posts\/326687\/revisions"}],"wp:featuredmedia":[{"embeddable":true,"href":"https:\/\/www.europesays.com\/de\/wp-json\/wp\/v2\/media\/326688"}],"wp:attachment":[{"href":"https:\/\/www.europesays.com\/de\/wp-json\/wp\/v2\/media?parent=326687"}],"wp:term":[{"taxonomy":"category","embeddable":true,"href":"https:\/\/www.europesays.com\/de\/wp-json\/wp\/v2\/categories?post=326687"},{"taxonomy":"post_tag","embeddable":true,"href":"https:\/\/www.europesays.com\/de\/wp-json\/wp\/v2\/tags?post=326687"}],"curies":[{"name":"wp","href":"https:\/\/api.w.org\/{rel}","templated":true}]}}