{"id":326821,"date":"2025-08-07T19:02:13","date_gmt":"2025-08-07T19:02:13","guid":{"rendered":"https:\/\/www.europesays.com\/de\/326821\/"},"modified":"2025-08-07T19:02:13","modified_gmt":"2025-08-07T19:02:13","slug":"netanyahu-kuendigt-vollstaendige-besetzung-des-gazastreifens-an","status":"publish","type":"post","link":"https:\/\/www.europesays.com\/de\/326821\/","title":{"rendered":"Netanyahu k\u00fcndigt vollst\u00e4ndige Besetzung des Gazastreifens an"},"content":{"rendered":"\n<p class=\"headline__lead\">Der Schritt markiert eine dramatische Wende und d\u00fcrfte die K\u00e4mpfe um Monate oder Jahre verl\u00e4ngern. Gleichzeitig ist unklar, ob Israel mit einer Okkupation seine Ziele erreichen kann. Experten warnen vor schwerwiegenden Folgen.<\/p>\n<p>   <img fetchpriority=\"high\" decoding=\"async\" alt=\"Ein israelischer Panzer f\u00e4hrt durch die Ruinen des Gazastreifens: Bald d\u00fcrften die milit\u00e4rischen Operationen massiv ausgeweitet werden.\" data-nzz-tid=\"article-image\" width=\"2624\" height=\"1744\" src=\"https:\/\/www.europesays.com\/de\/wp-content\/uploads\/2025\/08\/116cecec-dc2b-49be-9f90-d03017a5103d.jpg\" loading=\"eager\"  class=\"image-placeholder__image\" style=\"cursor:pointer;transform:scale(1);\"\/>    Ein israelischer Panzer f\u00e4hrt durch die Ruinen des Gazastreifens: Bald d\u00fcrften die milit\u00e4rischen Operationen massiv ausgeweitet werden. <\/p>\n<p>Amir Cohen \/ Reuters<\/p>\n<p data-team-paragraph=\"\" id=\"id-doc-1j22e81ou0\" content=\"\" pagetype=\"Article\" componenttype=\"p\" is-new-line-child=\"true\" class=\"articlecomponent text\">Es ist eine Weichenstellung im Gazakrieg, die weitreichende Folgen haben wird: Am Donnerstag hat Israels Ministerpr\u00e4sident gegen\u00fcber dem amerikanischen Fernsehsender Fox News erkl\u00e4rt, dass Israel den gesamten Gazastreifen besetzen werde. Es ist ein Szenario, das er zuvor stets kategorisch ausgeschlossen hatte. Nach der Beseitigung der Hamas werde Israel dann die Verwaltung des Gebiets an nicht n\u00e4her genannte \u00abarabische Kr\u00e4fte\u00bb \u00fcbergeben. \u00abWir wollen nur einen Sicherheitsbereich. Wir wollen den Gazastreifen nicht regieren.\u00bb<\/p>\n<p> Optimieren Sie Ihre Browsereinstellungen <\/p>\n<p>\n        NZZ.ch ben\u00f6tigt JavaScript f\u00fcr wichtige Funktionen. Ihr Browser oder Adblocker verhindert dies momentan.\n      <\/p>\n<p>Bitte passen Sie die Einstellungen an.<\/p>\n<p data-team-paragraph=\"\" id=\"id-doc-1j22ihb1v0\" content=\"\" pagetype=\"Article\" componenttype=\"p\" is-new-line-child=\"true\" class=\"articlecomponent text nzzinteraction\">Kurz darauf, um 18 Uhr Ortszeit, berief Netanyahu sein Sicherheitskabinett zusammen, um den offiziellen Beschluss zu fassen. Bislang ist dieser noch nicht erfolgt. In den vergangenen Tagen war durchgesickert, dass sich der israelische Armeechef Eyal Zamir und wom\u00f6glich auch der Aussenminister Gideon Saar gegen eine Besetzung aussprechen. Aber laut Medienberichten unterst\u00fctzt dennoch eine deutliche Mehrheit der Minister im Sicherheitskabinett Netanyahus Plan.<\/p>\n<p><img decoding=\"async\" alt=\"Israels Ministerpr\u00e4sident Benjamin Netanyahu.\" data-nzz-tid=\"article-image\" width=\"432\" height=\"577\" src=\"data:image\/gif;base64,R0lGODlhAQABAAAAACH5BAEKAAEALAAAAAABAAEAAAICTAEAOw==\" loading=\"lazy\"  class=\"image-placeholder__image\" style=\"cursor:pointer;transform:scale(1);\"\/>    Israels Ministerpr\u00e4sident Benjamin Netanyahu. <\/p>\n<p>PD<\/p>\n<p data-team-paragraph=\"\" id=\"id-doc-1j22is4bt0\" content=\"\" pagetype=\"Article\" componenttype=\"p\" is-new-line-child=\"true\" class=\"articlecomponent text nzzinteraction\">Konkret bedeutet die Ank\u00fcndigung, dass Israel in einem ersten Schritt die K\u00e4mpfe im Gazastreifen wohl massiv ausweiten wird. Die Armee wird in Gebiete vordringen m\u00fcssen, in denen sie bislang noch nicht gek\u00e4mpft hatte \u2013 und in denen sich die Mehrheit der 2,2 Millionen Bewohner des Gazastreifens sowie Tausende Hamas-K\u00e4mpfer befinden. Diese Vorst\u00f6sse werden weitere pal\u00e4stinensische Zivilisten, israelische Soldaten und wohl auch Geiseln das Leben kosten. Nicht zuletzt d\u00fcrfte dieser Schritt Israel international weiter isolieren.<\/p>\n<p>Experte warnt vor immensen Kosten<\/p>\n<p data-team-paragraph=\"\" id=\"id-doc-1j22a6pdd0\" content=\"\" pagetype=\"Article\" componenttype=\"p\" is-new-line-child=\"true\" class=\"articlecomponent text nzzinteraction\">Gleichzeitig ist fraglich, ob Israel mit einer erneuten Ausweitung der K\u00e4mpfe und einer vollst\u00e4ndigen Besetzung des Gazastreifens seine Ziele tats\u00e4chlich erreichen kann. Israelische Sicherheitsexperten <a target=\"_blank\" href=\"https:\/\/www.haaretz.com\/israel-news\/2025-08-06\/ty-article\/.premium\/netanyahus-declarations-of-conquering-gaza-clash-with-reality-on-the-ground\/00000198-7bd8-d50b-adba-7bdd04750000\" rel=\"nofollow noopener\">sch\u00e4tzen<\/a>, dass die Beseitigung der Hamas, die mit Guerilla-Methoden operiert, im Rahmen einer Besetzung ein bis zwei Jahre in Anspruch nehmen d\u00fcrfte. Schon im Mai hatte Israel die grossangelegte Operation \u00abGideons Streitwagen\u00bb lanciert, mit dem erkl\u00e4rten Ziel, die Hamas endg\u00fcltig zu vernichten. Nun kontrolliert die israelische Armee zwar wie geplant 75 Prozent der K\u00fcstenenklave. Doch die Terrororganisation hat weder ihrer Entwaffnung zugestimmt noch die israelischen Geiseln freigelassen.<\/p>\n<p data-team-paragraph=\"\" id=\"id-doc-1j22ektjv0\" content=\"\" pagetype=\"Article\" componenttype=\"p\" is-new-line-child=\"true\" class=\"articlecomponent text nzzinteraction\">Manche Analysten spekulieren, dass Netanyahu mit der Ank\u00fcndigung einer Besetzung in erster Linie den Druck auf die Hamas erh\u00f6hen will, einer Waffenruhe zu Israels Bedingungen zuzustimmen. Das werde nicht funktionieren, sagt Michael Milshtein, der ehemalige Leiter der Pal\u00e4stinenser-Abteilung des israelischen Milit\u00e4rgeheimdiensts. \u00abSeit 22 Monaten h\u00e4ngt die Regierung der Illusion an, dass die Hamas irgendwann unter dem milit\u00e4rischen Druck einknicken wird\u00bb, sagt er. \u00abSie versteht nicht, dass die Hamas bereit ist, Suizid zu begehen. Die Hamas ist bereit, ganz Gaza zu zerst\u00f6ren und die Geiseln zu t\u00f6ten.\u00bb<\/p>\n<p data-team-paragraph=\"\" id=\"id-doc-1j22f9shf0\" content=\"\" pagetype=\"Article\" componenttype=\"p\" is-new-line-child=\"true\" class=\"articlecomponent text nzzinteraction\">Zwar sei es milit\u00e4risch gesehen durchaus m\u00f6glich, die Hamas im Rahmen einer Besetzung irgendwann zu besiegen. Aber damit treibe Israel die sch\u00e4dlichste aller Optionen voran, sagt Milshtein. Israel werde Milliarden in die Versorgung der 2,2 Millionen Pal\u00e4stinenser investieren sowie erneut Zehntausende Reservesoldaten aufbieten m\u00fcssen, um das Gebiet zu kontrollieren. Und f\u00fcr die Beziehungen zu den arabischen Staaten werde eine Okkupation schwerwiegende Folgen haben. \u00abVon einer Normalisierung mit Saudiarabien k\u00f6nnen wir wohl nur noch tr\u00e4umen.\u00bb Netanyahus Ank\u00fcndigung, dass arabische Kr\u00e4fte die Kontrolle \u00fcber Gaza \u00fcbernehmen w\u00fcrden, bezeichnet Milshtein als \u00abWunschdenken\u00bb.<\/p>\n<p>Trump st\u00fctzt Israel<\/p>\n<p data-team-paragraph=\"\" id=\"id-doc-1j21o4h7n1\" content=\"\" pagetype=\"Article\" componenttype=\"p\" is-new-line-child=\"true\" class=\"articlecomponent text nzzinteraction\">In weiten Teilen der Welt haben Israels drastische Gaza-Pl\u00e4ne Emp\u00f6rung hervorgerufen. Der niederl\u00e4ndische Aussenminister Caspar Veldkamp k\u00fcndigte am Donnerstag an, nun die Suspendierung der Handelskomponente im Assoziierungsabkommen zwischen der EU und Israel voranzutreiben. Der britische Botschafter in Israel warnte Israel vor einem \u00abschweren Fehler\u00bb: Israel k\u00f6nne im Gazastreifen nichts mehr erreichen.<\/p>\n<p data-team-paragraph=\"\" id=\"id-doc-1j22l0mqd1\" content=\"\" pagetype=\"Article\" componenttype=\"p\" is-new-line-child=\"true\" class=\"articlecomponent text nzzinteraction\">Von seinem wichtigsten Verb\u00fcndeten, Donald Trump, muss Netanyahu allerdings wohl keinen Widerstand bef\u00fcrchten. Angesprochen auf eine m\u00f6gliche Besetzung des Gazastreifens, hatte der amerikanische Pr\u00e4sident schon am Dienstag gesagt: \u00abDas wird weitgehend Israels Entscheidung sein.\u00bb Vielmehr scheinen die USA Israels Pl\u00e4ne mit einer humanit\u00e4ren Komponente unterst\u00fctzen zu wollen: Am Donnerstag verk\u00fcndete der amerikanische Botschafter in Israel, Mike Huckabee, dass die Anzahl der Verteilzentren der umstrittenen Gaza Humanitarian Foundation (GHF) von derzeit vier auf 16 erh\u00f6ht werden solle. Der Erfolg dieser Strategie h\u00e4nge auch von den Operationen der israelischen Armee ab, sagte Huckabee.<\/p>\n<p data-team-paragraph=\"\" id=\"id-doc-1j228oi9v1\" content=\"\" pagetype=\"Article\" componenttype=\"p\" is-new-line-child=\"true\" class=\"articlecomponent text nzzinteraction\">Schon am Mittwoch hatte Israels rechtsextremer Finanzminister Bezalel Smotrich bekanntgegeben, dass er drei Milliarden Schekel (rund 700 Millionen Franken) f\u00fcr Hilfsg\u00fcter zur Verf\u00fcgung stellen werde. Zuvor hatte Israel stets bestritten, die humanit\u00e4re Hilfe f\u00fcr Gaza zu finanzieren \u2013 auch deshalb, weil es weite Teile der israelischen Bev\u00f6lkerung ablehnen, Steuergelder f\u00fcr die Versorgung der Pal\u00e4stinenser einzusetzen. Mit einer Besetzung des Gazastreifens wird sich dies aber nicht mehr vermeiden lassen.<\/p>\n<p data-team-paragraph=\"\" id=\"id-doc-1j22lhc300\" content=\"\" pagetype=\"Article\" componenttype=\"p\" data-vars-danzz-last-article-element=\"true\" is-new-line-child=\"true\" class=\"articlecomponent text nzzinteraction\">Die Angeh\u00f6rigen der israelischen Geiseln im Gazastreifen reagieren derweil mit Entsetzen auf die Ank\u00fcndigung einer Okkupation \u2013 sie f\u00fcrchten, dass die bevorstehenden K\u00e4mpfe das Leben der Verschleppten kosten k\u00f6nnten. \u00abNetanyahu und seine Partner werden meinen Sohn zum Tod verurteilen\u00bb, sagte Einav Zangauker, die Mutter von Matan Zangauker. Das Forum der Geiselfamilien rief den Armeechef in einer Mitteilung dazu auf, standhaft zu bleiben: \u00abStimmen Sie nicht zu, unsere Liebsten zu gef\u00e4hrden.\u00bb<\/p>\n","protected":false},"excerpt":{"rendered":"Der Schritt markiert eine dramatische Wende und d\u00fcrfte die K\u00e4mpfe um Monate oder Jahre verl\u00e4ngern. Gleichzeitig ist unklar,&hellip;\n","protected":false},"author":2,"featured_media":326822,"comment_status":"","ping_status":"","sticky":false,"template":"","format":"standard","meta":{"footnotes":""},"categories":[3],"tags":[13,14,15,12,10,8,9,11,103,104],"class_list":{"0":"post-326821","1":"post","2":"type-post","3":"status-publish","4":"format-standard","5":"has-post-thumbnail","7":"category-welt","8":"tag-headlines","9":"tag-nachrichten","10":"tag-news","11":"tag-schlagzeilen","12":"tag-top-news","13":"tag-top-meldungen","14":"tag-topmeldungen","15":"tag-topnews","16":"tag-welt","17":"tag-world"},"share_on_mastodon":{"url":"https:\/\/pubeurope.com\/@de\/114989036118538467","error":""},"_links":{"self":[{"href":"https:\/\/www.europesays.com\/de\/wp-json\/wp\/v2\/posts\/326821","targetHints":{"allow":["GET"]}}],"collection":[{"href":"https:\/\/www.europesays.com\/de\/wp-json\/wp\/v2\/posts"}],"about":[{"href":"https:\/\/www.europesays.com\/de\/wp-json\/wp\/v2\/types\/post"}],"author":[{"embeddable":true,"href":"https:\/\/www.europesays.com\/de\/wp-json\/wp\/v2\/users\/2"}],"replies":[{"embeddable":true,"href":"https:\/\/www.europesays.com\/de\/wp-json\/wp\/v2\/comments?post=326821"}],"version-history":[{"count":0,"href":"https:\/\/www.europesays.com\/de\/wp-json\/wp\/v2\/posts\/326821\/revisions"}],"wp:featuredmedia":[{"embeddable":true,"href":"https:\/\/www.europesays.com\/de\/wp-json\/wp\/v2\/media\/326822"}],"wp:attachment":[{"href":"https:\/\/www.europesays.com\/de\/wp-json\/wp\/v2\/media?parent=326821"}],"wp:term":[{"taxonomy":"category","embeddable":true,"href":"https:\/\/www.europesays.com\/de\/wp-json\/wp\/v2\/categories?post=326821"},{"taxonomy":"post_tag","embeddable":true,"href":"https:\/\/www.europesays.com\/de\/wp-json\/wp\/v2\/tags?post=326821"}],"curies":[{"name":"wp","href":"https:\/\/api.w.org\/{rel}","templated":true}]}}