{"id":327021,"date":"2025-08-07T20:51:13","date_gmt":"2025-08-07T20:51:13","guid":{"rendered":"https:\/\/www.europesays.com\/de\/327021\/"},"modified":"2025-08-07T20:51:13","modified_gmt":"2025-08-07T20:51:13","slug":"franzoesischer-verfassungsrat-kippt-wiedereinfuehrung-von-insektengift","status":"publish","type":"post","link":"https:\/\/www.europesays.com\/de\/327021\/","title":{"rendered":"Franz\u00f6sischer Verfassungsrat kippt Wiedereinf\u00fchrung von Insektengift"},"content":{"rendered":"<p>      Franz\u00f6sischer Verfassungsrat kippt Wiedereinf\u00fchrung von Insektengift<\/p>\n<p>            Kopiere den aktuellen Link<\/p>\n<p>          Zur Merkliste hinzuf\u00fcgen<\/p>\n<p>Der franz\u00f6sische Verfassungsrat hat die geplante Wiedereinf\u00fchrung eines verbotenen Insektengifts gekippt. Die Verfassungsrichter entschieden am Donnerstag, eine neuerliche Zulassung des Wirkstoffs Acetamiprid sei nicht mit der Umweltcharta vereinbar, die in Frankreich Verfassungsrang hat. Kritiker bezeichnen das Insektengift als &#8222;Bienen-Killer&#8220;. Mehr als zwei Millionen Menschen hatten eine Petition gegen die Wiedereinf\u00fchrung unterzeichnet.<\/p>\n<p class=\"typo-body-default is-initial\">Der Wirkstoff geh\u00f6rt zur Gruppe der Neonikotinoide, von denen einige bereits in der gesamten EU verboten sind. Diese Insektengifte h\u00e4tten &#8222;Auswirkungen auf die Biodiversit\u00e4t, insbesondere f\u00fcr best\u00e4ubende Insekten und V\u00f6gel&#8220; und k\u00f6nnten auch die menschliche Gesundheit beeintr\u00e4chtigen, begr\u00fcndeten die Verfassungsrichter ihre Entscheidung. Sie bem\u00e4ngelten, dass die vorgesehene <a class=\"taxonomy-entity keyword\" data-target-type=\"article\" href=\"https:\/\/www.stern.de\/politik\/deutschland\/themen\/wiedereinfuehrung-4173154.html\" rel=\"nofollow noopener\" target=\"_blank\">Wiedereinf\u00fchrung<\/a> weder zeitlich noch auf einzelne Pflanzen beschr\u00e4nkt war.<\/p>\n<p class=\"typo-body-default\">Acetamiprid war 2018 in <a class=\"taxonomy-entity place\" data-target-type=\"article\" href=\"https:\/\/www.stern.de\/politik\/ausland\/themen\/frankreich-4540716.html\" rel=\"nofollow noopener\" target=\"_blank\">Frankreich<\/a> verboten worden, ist innerhalb der EU und auch in Deutschland unter Auflagen aber weiterhin legal. Franz\u00f6sische Landwirte, insbesondere Produzenten von Roter Beete und Haseln\u00fcssen, wollen das Mittel nutzen, um Sch\u00e4dlinge zu bek\u00e4mpfen.<\/p>\n<p class=\"typo-body-default\">Die Pl\u00e4ne f\u00fcr das <a class=\"taxonomy-entity keyword\" data-target-type=\"article\" href=\"https:\/\/www.stern.de\/panorama\/wissen\/natur\/themen\/insektengift-4138296.html\" rel=\"nofollow noopener\" target=\"_blank\">Insektengift<\/a> waren Teil einer Reihe von Erleichterungen f\u00fcr die Landwirte, die das Parlament Anfang Juli beschlossen hatte. Mit anderen \u00c4nderungen waren die Verfassungsrichter einverstanden, darunter etwa Lockerungen der Vorgaben f\u00fcr Viehhalter. Pr\u00e4sident Emmanuel Macron k\u00fcndigte an, er werde die Entscheidungen des Verfassungsrat ber\u00fccksichtigen und das abge\u00e4nderte Gesetz &#8222;so bald wie m\u00f6glich&#8220; in Kraft setzen.<\/p>\n<p class=\"typo-body-default\">Neonikotinoide geh\u00f6ren zu den meist genutzten Pestiziden der Welt. Die Mittel t\u00f6ten aber nicht nur Blattl\u00e4use, Holzw\u00fcrmer und andere Sch\u00e4dlinge, sondern setzen auch Bienen und Hummeln schwer zu: Sie schw\u00e4chen ihr Immunsystem, st\u00f6ren die Orientierung und beeintr\u00e4chtigen die Fortpflanzung.<\/p>\n<p>\n    AFP\n  <\/p>\n","protected":false},"excerpt":{"rendered":"Franz\u00f6sischer Verfassungsrat kippt Wiedereinf\u00fchrung von Insektengift Kopiere den aktuellen Link Zur Merkliste hinzuf\u00fcgen Der franz\u00f6sische Verfassungsrat hat die&hellip;\n","protected":false},"author":2,"featured_media":327022,"comment_status":"","ping_status":"","sticky":false,"template":"","format":"standard","meta":{"footnotes":""},"categories":[3974],"tags":[331,332,548,663,3934,3980,156,13,14,15,12],"class_list":{"0":"post-327021","1":"post","2":"type-post","3":"status-publish","4":"format-standard","5":"has-post-thumbnail","7":"category-frankreich","8":"tag-aktuelle-nachrichten","9":"tag-aktuelle-news","10":"tag-eu","11":"tag-europa","12":"tag-europe","13":"tag-france","14":"tag-frankreich","15":"tag-headlines","16":"tag-nachrichten","17":"tag-news","18":"tag-schlagzeilen"},"share_on_mastodon":{"url":"https:\/\/pubeurope.com\/@de\/114989464793798971","error":""},"_links":{"self":[{"href":"https:\/\/www.europesays.com\/de\/wp-json\/wp\/v2\/posts\/327021","targetHints":{"allow":["GET"]}}],"collection":[{"href":"https:\/\/www.europesays.com\/de\/wp-json\/wp\/v2\/posts"}],"about":[{"href":"https:\/\/www.europesays.com\/de\/wp-json\/wp\/v2\/types\/post"}],"author":[{"embeddable":true,"href":"https:\/\/www.europesays.com\/de\/wp-json\/wp\/v2\/users\/2"}],"replies":[{"embeddable":true,"href":"https:\/\/www.europesays.com\/de\/wp-json\/wp\/v2\/comments?post=327021"}],"version-history":[{"count":0,"href":"https:\/\/www.europesays.com\/de\/wp-json\/wp\/v2\/posts\/327021\/revisions"}],"wp:featuredmedia":[{"embeddable":true,"href":"https:\/\/www.europesays.com\/de\/wp-json\/wp\/v2\/media\/327022"}],"wp:attachment":[{"href":"https:\/\/www.europesays.com\/de\/wp-json\/wp\/v2\/media?parent=327021"}],"wp:term":[{"taxonomy":"category","embeddable":true,"href":"https:\/\/www.europesays.com\/de\/wp-json\/wp\/v2\/categories?post=327021"},{"taxonomy":"post_tag","embeddable":true,"href":"https:\/\/www.europesays.com\/de\/wp-json\/wp\/v2\/tags?post=327021"}],"curies":[{"name":"wp","href":"https:\/\/api.w.org\/{rel}","templated":true}]}}