{"id":327228,"date":"2025-08-07T22:38:10","date_gmt":"2025-08-07T22:38:10","guid":{"rendered":"https:\/\/www.europesays.com\/de\/327228\/"},"modified":"2025-08-07T22:38:10","modified_gmt":"2025-08-07T22:38:10","slug":"bedient-sich-der-fc-bayern-nach-bosse-beben-in-stuttgart-2","status":"publish","type":"post","link":"https:\/\/www.europesays.com\/de\/327228\/","title":{"rendered":"Bedient sich der FC Bayern nach Bosse-Beben in Stuttgart?"},"content":{"rendered":"<ol class=\"id-DonaldBreadcrumb lp_west_breadcrumb id-DonaldBreadcrumb--default\" data-k5a-pos=\"west_breadcrumb\">\n<li class=\"id-Breadcrumb-item\"><a href=\"https:\/\/www.fr.de\/\" class=\"id-Breadcrumb-link\" data-id-ec=\"{\" shn=\"\" textlink=\"\" data-k5a-pos=\"1_startseite\" rel=\"nofollow noopener\" target=\"_blank\">Startseite<\/a><\/li>\n<li class=\"id-Breadcrumb-item\"><a href=\"https:\/\/www.fr.de\/sport\/\" class=\"id-Breadcrumb-link\" data-id-ec=\"{\" shn=\"\" textlink=\"\" data-k5a-pos=\"2_sport\" rel=\"nofollow noopener\" target=\"_blank\">Sport<\/a><\/li>\n<li class=\"id-Breadcrumb-item\"><a href=\"https:\/\/www.fr.de\/sport\/fussball\/\" class=\"id-Breadcrumb-link\" data-id-ec=\"{\" shn=\"\" textlink=\"\" data-k5a-pos=\"3_fussball\" rel=\"nofollow noopener\" target=\"_blank\">Fu\u00dfball<\/a><\/li>\n<\/ol>\n<p class=\"id-Story-timestamp id-Story-timestamp--default\">Stand: 07.08.2025, 21:35 Uhr<\/p>\n<p class=\"id-Story-authors id-Story-authors--default\">Von: <a class=\"id-Story-authors-link lp_west_author\" href=\"https:\/\/www.fr.de\/autor\/tim-schoster-qex902mza.html\" title=\"Zur Autorenseite von Tim Schoster\" data-id-ec=\"{\" shn=\"\" author-link=\"\" schoster=\"\" data-k5a-pos=\"west_author\" rel=\"nofollow noopener\" target=\"_blank\">Tim Schoster<\/a><\/p>\n<p class=\"id-Story-interactionBar id-Story-interactionBar--default\">DruckenTeilen<\/p>\n<p class=\"id-StoryElement-leadText\">Beim FC Bayern bahnt sich nach dem angek\u00fcndigten Abschied von Michael Diederich ein Umbruch auf Vorstandsebene an. Nun r\u00fcckt ein alter Bekannter ins Blickfeld.<\/p>\n<p class=\"id-StoryElement-paragraph\">M\u00fcnchen \u2013 Beim <a href=\"https:\/\/www.absolutfussball.com\/deutschland\/fc-bayern-muenchen\/\" class=\"id-import-Link id-pageApi-Link--externalDomain\" title=\"FC Bayern M&#xFC;nchen\" data-id-ec=\"{&quot;sht&quot;:&quot;Container&quot;,&quot;shn&quot;:&quot;Story&quot;,&quot;p&quot;:{&quot;containerType&quot;:&quot;Paragraph&quot;,&quot;displayType&quot;:&quot;Paragraph InlineLink&quot;,&quot;type&quot;:&quot;INLINE_LINK&quot;,&quot;value&quot;:&quot;FC Bayern&quot;,&quot;variant&quot;:&quot;standardLink&quot;,&quot;sponsored&quot;:false,&quot;linkHref&quot;:&quot;https:\/\/www.absolutfussball.com\/deutschland\/fc-bayern-muenchen\/&quot;,&quot;storyElementPosition&quot;:8,&quot;storyElementCount&quot;:18}}\" rel=\"nofollow noopener\" target=\"_blank\">FC Bayern<\/a> bahnt sich nach dem angek\u00fcndigten Abschied von Michael Diederich ein Umbruch auf Vorstandsebene an. Nun r\u00fcckt ein alter Bekannter ins Blickfeld. Insbesondere im Bereich Marketing und Sponsoring wollen die M\u00fcnchner neue Impulse setzen \u2013 und k\u00f6nnten dabei auf einen Mann zur\u00fcckgreifen, der den Klub bereits gut kennt.<\/p>\n<p><img decoding=\"async\" class=\"id-RatioPlaceholder-element wv_story_el_image\" src=\"https:\/\/www.europesays.com\/de\/wp-content\/uploads\/2025\/08\/1754606289_339_39243883-michael-diederich-ReBG.jpg\" loading=\"lazy\"   height=\"733\" width=\"1100\" alt=\"Michael Diederich\"\/>Michael Diederich \u00a9\u00a0IMAGO<\/p>\n<p class=\"id-StoryElement-paragraph\">Nach Informationen der BILD z\u00e4hlt Rouven Kasper, aktuell Marketingdirektor beim <a href=\"https:\/\/www.absolutfussball.com\/deutschland\/vfb-stuttgart\/\" class=\"id-import-Link id-pageApi-Link--externalDomain\" title=\"VfB Stuttgart\" data-id-ec=\"{&quot;sht&quot;:&quot;Container&quot;,&quot;shn&quot;:&quot;Story&quot;,&quot;p&quot;:{&quot;containerType&quot;:&quot;Paragraph&quot;,&quot;displayType&quot;:&quot;Paragraph InlineLink&quot;,&quot;type&quot;:&quot;INLINE_LINK&quot;,&quot;value&quot;:&quot;VfB Stuttgart&quot;,&quot;variant&quot;:&quot;standardLink&quot;,&quot;sponsored&quot;:false,&quot;linkHref&quot;:&quot;https:\/\/www.absolutfussball.com\/deutschland\/vfb-stuttgart\/&quot;,&quot;storyElementPosition&quot;:11,&quot;storyElementCount&quot;:18}}\" rel=\"nofollow noopener\" target=\"_blank\">VfB Stuttgart<\/a>, zu den Kandidaten f\u00fcr Diederichs Nachfolge im Vorstand der FC Bayern M\u00fcnchen AG. Kasper war von 2016 bis 2022 bereits f\u00fcr den Rekordmeister t\u00e4tig, ehe er zum VfB wechselte.<\/p>\n<p>FC Bayern bedankt sich bei Diederich<\/p>\n<p class=\"id-StoryElement-paragraph\">Der scheidende Finanzchef Diederich verl\u00e4sst den Verein offiziell zum 30. September 2025, wie der Klub mitteilte. Der 59-J\u00e4hrige war seit April 2023 im Vorstand t\u00e4tig und geh\u00f6rte zuvor seit 2018 dem Aufsichtsrat an. Pr\u00e4sident Herbert Hainer erkl\u00e4rte: \u201eMichael Diederich hat uns nach offenen und konstruktiven Gespr\u00e4chen mitgeteilt, dass er seinen Vertrag beim FC Bayern nicht verl\u00e4ngern wird.\u201c <\/p>\n<p class=\"id-StoryElement-paragraph\">Und weiter: \u201eWir w\u00fcnschen Michael f\u00fcr seine Zukunft alles erdenklich Gute und bedanken uns sehr f\u00fcr seinen gro\u00dfen Einsatz und die gemeinsame, sehr erfolgreiche Zeit beim FC Bayern.\u201c Diederich selbst \u00e4u\u00dferte sich in der Mitteilung mit den Worten: \u201eNach zwei sehr intensiven und erfolgreichen Jahren im Vorstand der FC Bayern AG habe ich mich entschlossen, eine neue berufliche Herausforderung anzunehmen.\u201c Bis auf Weiteres \u00fcbernehmen Jan-Christian Dreesen und Max Eberl seine Aufgaben.<\/p>\n<p>Einmal gibt\u2018s die 1: Bayern-Noten gegen die Spurs zum Durchklicken<img decoding=\"async\" class=\"id-RatioPlaceholder-element wv_story_el_interstitialImage\" src=\"https:\/\/www.europesays.com\/de\/wp-content\/uploads\/2025\/08\/1754606290_504_39244999-bildmontage-michael-olise-joshua-kimmich-und-luis-diaz-2itKwI67Umfe.jpg\" loading=\"lazy\"   height=\"900\" width=\"1600\" alt=\"Bildmontage: Michael Olise, Joshua Kimmich und Luis Diaz.\"\/><a href=\"https:\/\/www.fr.de\/sport\/fussball\/fc-bayern-noten-gegen-tottenham-hotspur-telekom-cup-harry-kane-palhinha-zr-93873018.html\" class=\"id-StoryElement-intestitialLink-link\" data-id-ec=\"{\" shn=\"\" ansehen=\"\" data-k5a-pos=\"west_story_16_photoGalleryLink\" title=\"Zur Fotostrecke: Einmal gibt&#x2018;s die 1: Bayern-Noten gegen die Spurs zum Durchklicken\" rel=\"nofollow noopener\" target=\"_blank\">Fotostrecke ansehen<\/a><\/p>\n<p class=\"id-StoryElement-paragraph\">Im Gegensatz zur bisherigen Ausrichtung sucht der FC Bayern laut BILD nicht erneut einen Finanzexperten f\u00fcr die vakante Vorstandsposition. Stattdessen steht der Bereich Marketing und Sponsoring klar im Vordergrund. Genau hier bringt Kasper umfassende Erfahrung mit \u2013 sowohl aus seiner Zeit beim VfB als auch aus den Jahren in M\u00fcnchen. (Dieser Artikel entstand in Kooperation mit <a href=\"https:\/\/fcbinside.de\/\" class=\"id-import-Link id-pageApi-Link--externalDomain\" data-id-ec=\"{&quot;sht&quot;:&quot;Container&quot;,&quot;shn&quot;:&quot;Story&quot;,&quot;p&quot;:{&quot;containerType&quot;:&quot;Paragraph&quot;,&quot;displayType&quot;:&quot;Paragraph InlineLink&quot;,&quot;type&quot;:&quot;INLINE_LINK&quot;,&quot;value&quot;:&quot;FCBinside.de&quot;,&quot;variant&quot;:&quot;standardLink&quot;,&quot;sponsored&quot;:false,&quot;linkHref&quot;:&quot;https:\/\/fcbinside.de\/&quot;,&quot;storyElementPosition&quot;:18,&quot;storyElementCount&quot;:18}}\" rel=\"nofollow noopener\" target=\"_blank\">FCBinside.de<\/a>)<\/p>\n","protected":false},"excerpt":{"rendered":"Startseite Sport Fu\u00dfball Stand: 07.08.2025, 21:35 Uhr Von: Tim Schoster DruckenTeilen Beim FC Bayern bahnt sich nach dem&hellip;\n","protected":false},"author":2,"featured_media":327074,"comment_status":"","ping_status":"","sticky":false,"template":"","format":"standard","meta":{"footnotes":""},"categories":[1830],"tags":[1634,3364,29,30,1441],"class_list":{"0":"post-327228","1":"post","2":"type-post","3":"status-publish","4":"format-standard","5":"has-post-thumbnail","7":"category-stuttgart","8":"tag-baden-wuerttemberg","9":"tag-de","10":"tag-deutschland","11":"tag-germany","12":"tag-stuttgart"},"share_on_mastodon":{"url":"https:\/\/pubeurope.com\/@de\/114989885372147639","error":""},"_links":{"self":[{"href":"https:\/\/www.europesays.com\/de\/wp-json\/wp\/v2\/posts\/327228","targetHints":{"allow":["GET"]}}],"collection":[{"href":"https:\/\/www.europesays.com\/de\/wp-json\/wp\/v2\/posts"}],"about":[{"href":"https:\/\/www.europesays.com\/de\/wp-json\/wp\/v2\/types\/post"}],"author":[{"embeddable":true,"href":"https:\/\/www.europesays.com\/de\/wp-json\/wp\/v2\/users\/2"}],"replies":[{"embeddable":true,"href":"https:\/\/www.europesays.com\/de\/wp-json\/wp\/v2\/comments?post=327228"}],"version-history":[{"count":0,"href":"https:\/\/www.europesays.com\/de\/wp-json\/wp\/v2\/posts\/327228\/revisions"}],"wp:featuredmedia":[{"embeddable":true,"href":"https:\/\/www.europesays.com\/de\/wp-json\/wp\/v2\/media\/327074"}],"wp:attachment":[{"href":"https:\/\/www.europesays.com\/de\/wp-json\/wp\/v2\/media?parent=327228"}],"wp:term":[{"taxonomy":"category","embeddable":true,"href":"https:\/\/www.europesays.com\/de\/wp-json\/wp\/v2\/categories?post=327228"},{"taxonomy":"post_tag","embeddable":true,"href":"https:\/\/www.europesays.com\/de\/wp-json\/wp\/v2\/tags?post=327228"}],"curies":[{"name":"wp","href":"https:\/\/api.w.org\/{rel}","templated":true}]}}