{"id":327316,"date":"2025-08-07T23:27:12","date_gmt":"2025-08-07T23:27:12","guid":{"rendered":"https:\/\/www.europesays.com\/de\/327316\/"},"modified":"2025-08-07T23:27:12","modified_gmt":"2025-08-07T23:27:12","slug":"miteinander-mit-respekt-fuer-bochum-stadt-bochum-und-tochtergesellschaften-starten-respekt-kampagne","status":"publish","type":"post","link":"https:\/\/www.europesays.com\/de\/327316\/","title":{"rendered":"\u201eMiteinander. Mit Respekt. F\u00fcr Bochum.\u201c \u2013 Stadt Bochum und Tochtergesellschaften starten Respekt-Kampagne"},"content":{"rendered":"<p>            <a href=\"https:\/\/lokalklick.eu\/wp-content\/uploads\/2025\/08\/BO_RZ_UBahn_Screens_Respekt_1920x1080px_A03_KSE5.jpg\" data-caption=\"(Foto: Stadt Bochum)\" target=\"_blank\" rel=\"noopener\"><img loading=\"lazy\" decoding=\"async\" width=\"696\" height=\"392\" class=\"entry-thumb td-modal-image\" src=\"https:\/\/www.europesays.com\/de\/wp-content\/uploads\/2025\/08\/BO_RZ_UBahn_Screens_Respekt_1920x1080px_A03_KSE5-696x392.jpg\"   alt=\"\" title=\"BO_RZ_UBahn_Screens_Respekt_1920x1080px_A03_KSE5\"\/><\/a>(Foto: Stadt Bochum)<br \/>\n            Anzeigen<a href=\"https:\/\/www.mheg-containershop.de\/\" target=\"_blank\" rel=\"noopener\"><img decoding=\"async\" src=\"https:\/\/www.europesays.com\/de\/wp-content\/uploads\/2025\/04\/MH_Anzeige_Container_1456x180.jpg\"\/><\/a><\/p>\n<p>\n<a href=\"https:\/\/www.rugana.de\/de\/Mecklenburg-Vorpommern\/Insel.Ruegen\/D41\" target=\"_blank\" rel=\"noopener\"><img decoding=\"async\" src=\"https:\/\/www.europesays.com\/de\/wp-content\/uploads\/2025\/04\/FeWo-Dranske-2-1456.jpg\"\/><\/a><\/p>\n<p><\/p>\n<p><strong>Bochum. <\/strong>In einer lebendigen Stadt wie Bochum begegnen sich t\u00e4glich Tausende von Menschen \u2013 im B\u00fcrgerb\u00fcro, in der Bahn, im Schwimmbad, auf dem Wertstoffhof oder bei Kulturveranstaltungen. Wo viele unterschiedliche Lebensrealit\u00e4ten aufeinandertreffen, sind gegenseitiger Respekt und Wertsch\u00e4tzung unverzichtbar.<\/p>\n<p>Mit der neuen Kampagne \u201eMiteinander. Mit Respekt. F\u00fcr Bochum.\u201c\u00a0 setzen die Stadt Bochum und ihre kommunalen Tochtergesellschaften Stadtwerke Bochum, Bochum Wirtschaftsentwicklung, USB Bochum GmbH, Sparkasse Bochum, Wasserwelten Bochum, BOGESTRA und das Zeiss-Planetarium Bochum ein gemeinsames Zeichen: f\u00fcr ein Miteinander, das auf Aufmerksamkeit, R\u00fccksicht und Verst\u00e4ndnis basiert. Denn wie wir einander begegnen, pr\u00e4gt auch das Klima in unserer Stadt.<\/p>\n<p>Acht verschiedene Motive stellen reale Alltagssituationen dar \u2013 mit echten Besch\u00e4ftigten aus den jeweiligen Bereichen. Sie zeigen, was oft \u00fcbersehen wird: dass miteinander Reden, Geduld und gegenseitige Achtung den Unterschied machen \u2013 f\u00fcr B\u00fcrgerinnen und B\u00fcrger wie f\u00fcr Besch\u00e4ftigte.<\/p>\n<p>Zu sehen sind die Motive unter anderem als City-Light-Poster im Stadtgebiet, auf digitalen Screens am Rathaus, an U-Bahnh\u00f6fen und in der Innenstadt sowie auf den Social-Media-Kan\u00e4len aller Beteiligten. Weitere Infos gibt es auch unter <a href=\"http:\/\/bochum.de\/respekt\" target=\"_blank\" rel=\"noopener noreferrer\">bochum.de\/respekt<\/a><\/p>\n","protected":false},"excerpt":{"rendered":"(Foto: Stadt Bochum) Anzeigen Bochum. In einer lebendigen Stadt wie Bochum begegnen sich t\u00e4glich Tausende von Menschen \u2013&hellip;\n","protected":false},"author":2,"featured_media":327317,"comment_status":"","ping_status":"","sticky":false,"template":"","format":"standard","meta":{"footnotes":""},"categories":[1839],"tags":[7507,3364,29,30,1209],"class_list":{"0":"post-327316","1":"post","2":"type-post","3":"status-publish","4":"format-standard","5":"has-post-thumbnail","7":"category-bochum","8":"tag-bochum","9":"tag-de","10":"tag-deutschland","11":"tag-germany","12":"tag-nordrhein-westfalen"},"share_on_mastodon":{"url":"https:\/\/pubeurope.com\/@de\/114990078015611900","error":""},"_links":{"self":[{"href":"https:\/\/www.europesays.com\/de\/wp-json\/wp\/v2\/posts\/327316","targetHints":{"allow":["GET"]}}],"collection":[{"href":"https:\/\/www.europesays.com\/de\/wp-json\/wp\/v2\/posts"}],"about":[{"href":"https:\/\/www.europesays.com\/de\/wp-json\/wp\/v2\/types\/post"}],"author":[{"embeddable":true,"href":"https:\/\/www.europesays.com\/de\/wp-json\/wp\/v2\/users\/2"}],"replies":[{"embeddable":true,"href":"https:\/\/www.europesays.com\/de\/wp-json\/wp\/v2\/comments?post=327316"}],"version-history":[{"count":0,"href":"https:\/\/www.europesays.com\/de\/wp-json\/wp\/v2\/posts\/327316\/revisions"}],"wp:featuredmedia":[{"embeddable":true,"href":"https:\/\/www.europesays.com\/de\/wp-json\/wp\/v2\/media\/327317"}],"wp:attachment":[{"href":"https:\/\/www.europesays.com\/de\/wp-json\/wp\/v2\/media?parent=327316"}],"wp:term":[{"taxonomy":"category","embeddable":true,"href":"https:\/\/www.europesays.com\/de\/wp-json\/wp\/v2\/categories?post=327316"},{"taxonomy":"post_tag","embeddable":true,"href":"https:\/\/www.europesays.com\/de\/wp-json\/wp\/v2\/tags?post=327316"}],"curies":[{"name":"wp","href":"https:\/\/api.w.org\/{rel}","templated":true}]}}