{"id":327318,"date":"2025-08-07T23:28:33","date_gmt":"2025-08-07T23:28:33","guid":{"rendered":"https:\/\/www.europesays.com\/de\/327318\/"},"modified":"2025-08-07T23:28:33","modified_gmt":"2025-08-07T23:28:33","slug":"bogestra-umleitungen-und-haltestellenveraenderungen-in-bochum","status":"publish","type":"post","link":"https:\/\/www.europesays.com\/de\/327318\/","title":{"rendered":"BOGESTRA: Umleitungen und Haltestellenver\u00e4nderungen in Bochum"},"content":{"rendered":"<p>Dorffest Harpen: Umleitung und Haltestellenver\u00e4nderungen<\/p>\n<p>Wegen des Dorffestes in Harpen muss die Linie 336 von Dienstag, 12. August, Betriebsbeginn, bis Dienstag, 19. August, ca. 16 Uhr, umgeleitet werden. Das hat die BOGESTRA mitgeteilt. Dadurch kann die Haltestelle Br\u00fccke Ruhrpark nicht angefahren werden. F\u00fcr die Haltestelle Alte Werner Stra\u00dfe bedienen die Busse Ersatzhaltepunkte auf dem Harpener Hellweg in H\u00f6he der Hausnummern 185 und 186.\u00a0<\/p>\n<p>Bochum Kulinarisch: Umleitung und Haltestellenver\u00e4nderungen <\/p>\n<p>F\u00fcr Bochum Kulinarisch sowie die Auf- und Abbauten m\u00fcssen mehrere Linien von Montag, 11. August, Betriebsbeginn, bis Montag, 18. August, Betriebsende, umgeleitet werden. Dadurch kann der Haltepunkt Bongardstra\u00dfe von allen unten genannten Linien nicht bedient werden.<\/p>\n<p><strong>Linien 336 und 339<\/strong><\/p>\n<p>Die Linien 336 und 339 k\u00f6nnen zus\u00e4tzlich die Haltestellen Bochum Rathaus und Br\u00fcckstra\u00dfe, die Linie 336 au\u00dferdem die Haltestelle Bochum Hbf\/Boulevard nicht anfahren. Die Busse der Linie 339 fahren f\u00fcr die Haltestelle Bochum Hbf\/Boulevard den ZOB an. Beide Linien bedienen zus\u00e4tzlich den Haltepunkt St. Elisabeth-Hospital.<\/p>\n<p><strong>Linie 353<\/strong><\/p>\n<p>Die Linie 353 f\u00e4hrt alternativ zu der Haltestelle Bochum Rathaus eine Ersatzhaltestelle auf dem Willy-Brandt-Platz in H\u00f6he des Stra\u00dfenbahnabgangs an. F\u00fcr die Haltestelle Bochum Hbf\/Boulevard bedienen die Linien in Richtung Gerthe eine Ersatzhaltestelle auf dem Kurt-Schumacher-Platz. In Gegenrichtung halten die Busse am ZOB Bochum. Dar\u00fcber hinaus f\u00e4hrt die Linie 353 anstelle der Haltestelle Hbf\/Buddenbergplatz in Fahrtrichtung Gerthe eine Ersatzhaltestelle auf der Ferdinandstra\u00dfe an. Die Linie 353 bedient zus\u00e4tzlich die Haltestellen S\u00fcdring und Junggesellenstra\u00dfe.<\/p>\n<p><strong>Linien 345 und 355<\/strong><\/p>\n<p>Die Linien 345 und 355 halten in Fahrtrichtung Dahlhausen ebenfalls an der bereits genannten Ersatzhaltestelle f\u00fcr den Haltepunkt Bochum Hbf\/Boulevard auf dem Kurt-Schumacher-Platz und in Gegenrichtung am ZOB Bochum. Alternativ zu den Haltestellen Bochum Rathaus und Hbf\/Buddenbergplatz bedienen die Linien den Haltepunkt Junggesellenstra\u00dfe und eine Ersatzhaltestelle auf der Ferdinandstra\u00dfe (nur in Fahrtrichtung Dahlhausen). Zus\u00e4tzlich halten die Busse der Linien 345 und 355 an der Haltestelle S\u00fcdring. Hinzukommt, dass die Busse der Linie 355 nicht an der Haltestelle Bochum West Bf halten k\u00f6nnen.<\/p>\n<p><strong>Linie 365<\/strong><\/p>\n<p>Aufgrund der Umleitungen kann die Linie 365 zus\u00e4tzlich die Haltestelle Bochum Hbf\/Boulevard nicht anfahren. F\u00fcr die Haltestelle Bochum Rathaus wird eine Ersatzhaltestelle auf dem Willy-Brandt-Platz eingerichtet. Zus\u00e4tzlich fahren die Busse die Haltepunkte St. Elisabeth-Hospital und Br\u00fcckstra\u00dfe an.<\/p>\n<p><strong>Linie 368<\/strong><\/p>\n<p>Die Linie 368 bedient in Fahrtrichtung Wanne-Eickel ebenfalls die bereits genannte Ersatzhaltestelle f\u00fcr den Haltepunkt Hbf\/Boulevard auf dem Kurt-Schumacher-Platz und in Gegenrichtung den ZOB Bochum. Alternativ zu der Haltestelle Bochum Rathaus bedienen die Busse die Ersatzhaltestelle auf dem Willy-Brandt-Platz. Die Haltestellen S\u00fcdring und Junggesellenstra\u00dfe werden zus\u00e4tzlich bedient.<\/p>\n<p><strong>NE1 und NE6<\/strong><\/p>\n<p>Die NachtExpresse NE1 und NE6 k\u00f6nnen au\u00dferdem die Haltestellen Rathaus, Bochum Hbf\/Boulevard und Bochum West Bf (nur in Richtung Dahlhausen) nicht anfahren. Alternativ bedienen beide NachtExpresse die Haltestellen S\u00fcdring und Junggesellenstra\u00dfe.<\/p>\n<p>Alle Informationen zu den Fahrten findet ihr auch in der MUTTI App.<\/p>\n","protected":false},"excerpt":{"rendered":"Dorffest Harpen: Umleitung und Haltestellenver\u00e4nderungen Wegen des Dorffestes in Harpen muss die Linie 336 von Dienstag, 12. August,&hellip;\n","protected":false},"author":2,"featured_media":327319,"comment_status":"","ping_status":"","sticky":false,"template":"","format":"standard","meta":{"footnotes":""},"categories":[1839],"tags":[21005,92895,20997,7507,10415,3364,29,30,1209,601],"class_list":{"0":"post-327318","1":"post","2":"type-post","3":"status-publish","4":"format-standard","5":"has-post-thumbnail","7":"category-bochum","8":"tag-pnv","9":"tag-bochum-kulinarisch","10":"tag-bogestra","11":"tag-bochum","12":"tag-bus","13":"tag-de","14":"tag-deutschland","15":"tag-germany","16":"tag-nordrhein-westfalen","17":"tag-verkehr"},"share_on_mastodon":{"url":"https:\/\/pubeurope.com\/@de\/114990082082565441","error":""},"_links":{"self":[{"href":"https:\/\/www.europesays.com\/de\/wp-json\/wp\/v2\/posts\/327318","targetHints":{"allow":["GET"]}}],"collection":[{"href":"https:\/\/www.europesays.com\/de\/wp-json\/wp\/v2\/posts"}],"about":[{"href":"https:\/\/www.europesays.com\/de\/wp-json\/wp\/v2\/types\/post"}],"author":[{"embeddable":true,"href":"https:\/\/www.europesays.com\/de\/wp-json\/wp\/v2\/users\/2"}],"replies":[{"embeddable":true,"href":"https:\/\/www.europesays.com\/de\/wp-json\/wp\/v2\/comments?post=327318"}],"version-history":[{"count":0,"href":"https:\/\/www.europesays.com\/de\/wp-json\/wp\/v2\/posts\/327318\/revisions"}],"wp:featuredmedia":[{"embeddable":true,"href":"https:\/\/www.europesays.com\/de\/wp-json\/wp\/v2\/media\/327319"}],"wp:attachment":[{"href":"https:\/\/www.europesays.com\/de\/wp-json\/wp\/v2\/media?parent=327318"}],"wp:term":[{"taxonomy":"category","embeddable":true,"href":"https:\/\/www.europesays.com\/de\/wp-json\/wp\/v2\/categories?post=327318"},{"taxonomy":"post_tag","embeddable":true,"href":"https:\/\/www.europesays.com\/de\/wp-json\/wp\/v2\/tags?post=327318"}],"curies":[{"name":"wp","href":"https:\/\/api.w.org\/{rel}","templated":true}]}}