{"id":327333,"date":"2025-08-07T23:38:15","date_gmt":"2025-08-07T23:38:15","guid":{"rendered":"https:\/\/www.europesays.com\/de\/327333\/"},"modified":"2025-08-07T23:38:15","modified_gmt":"2025-08-07T23:38:15","slug":"evakuierung-wegen-fund-von-scharfer-weltkriegsbombe-in-frankfurt","status":"publish","type":"post","link":"https:\/\/www.europesays.com\/de\/327333\/","title":{"rendered":"Evakuierung wegen Fund von scharfer Weltkriegsbombe in Frankfurt"},"content":{"rendered":"<ol class=\"id-DonaldBreadcrumb lp_west_breadcrumb id-DonaldBreadcrumb--default\" data-k5a-pos=\"west_breadcrumb\">\n<li class=\"id-Breadcrumb-item\"><a href=\"https:\/\/www.fnp.de\/\" class=\"id-Breadcrumb-link\" data-id-ec=\"{\" shn=\"\" textlink=\"\" data-k5a-pos=\"1_startseite\" rel=\"nofollow noopener\" target=\"_blank\">Startseite<\/a><\/li>\n<li class=\"id-Breadcrumb-item\"><a href=\"https:\/\/www.fnp.de\/frankfurt\/\" class=\"id-Breadcrumb-link\" data-id-ec=\"{\" shn=\"\" textlink=\"\" data-k5a-pos=\"2_frankfurt\" rel=\"nofollow noopener\" target=\"_blank\">Frankfurt<\/a><\/li>\n<\/ol>\n<p class=\"id-Story-timestamp id-Story-timestamp--default\">Stand: 07.08.2025, 21:18 Uhr<\/p>\n<p class=\"id-Story-authors id-Story-authors--default\">Von: <a class=\"id-Story-authors-link lp_west_author\" href=\"https:\/\/www.fnp.de\/autor\/sabine-schramek-os8pqcjhe.html\" title=\"Zur Autorenseite von Sabine Schramek\" data-id-ec=\"{\" shn=\"\" author-link=\"\" schramek=\"\" data-k5a-pos=\"west_author\" rel=\"nofollow noopener\" target=\"_blank\">Sabine Schramek<\/a><\/p>\n<p class=\"id-Story-interactionBar id-Story-interactionBar--default\">DruckenTeilen<\/p>\n<p class=\"id-StoryElement-leadText\">Ein Weltkriegs-Blindg\u00e4nger ist in Frankfurt gefunden worden. 2500 Menschen m\u00fcssen sofort evakuiert werden \u2013 nicht jeder nimmt das leicht.<\/p>\n<p class=\"id-StoryElement-paragraph\">Frankfurt \u2013 Pl\u00f6tzlich muss es schnell gehen. Bei Bauarbeiten im Bilsteinweg in der Preungesheimer Walter-Kolb-Siedlung ist am <a href=\"https:\/\/www.fnp.de\/frankfurt\/weltkriegsbombe-in-frankfurt-gefunden-zr-93872380.html\" class=\"id-import-Link\" data-id-ec=\"{&quot;sht&quot;:&quot;Container&quot;,&quot;shn&quot;:&quot;Story&quot;,&quot;p&quot;:{&quot;containerType&quot;:&quot;Paragraph&quot;,&quot;displayType&quot;:&quot;Paragraph InlineLink&quot;,&quot;type&quot;:&quot;INLINE_LINK&quot;,&quot;value&quot;:&quot;Donnerstagnachmittag eine 500-Kilo-Bombe aus dem Zweiten Weltkrieg gefunden worden&quot;,&quot;variant&quot;:&quot;standardLink&quot;,&quot;sponsored&quot;:false,&quot;linkHref&quot;:&quot;https:\/\/www.fnp.de\/frankfurt\/weltkriegsbombe-in-frankfurt-gefunden-zr-93872380.html&quot;,&quot;storyElementPosition&quot;:8,&quot;storyElementCount&quot;:24}}\" rel=\"nofollow noopener\" target=\"_blank\">Donnerstagnachmittag eine 500-Kilo-Bombe aus dem Zweiten Weltkrieg gefunden worden<\/a>. Neben einem Bagger auf dem Gel\u00e4nde, auf dem ein Haus abgerissen wurde, um ein neues zu bauen, liegt das t\u00fcckische und gef\u00e4hrliche St\u00fcck unter einer gro\u00dfen Plane.<\/p>\n<p class=\"id-StoryElement-paragraph\">Der Blindg\u00e4nger muss sofort entsch\u00e4rft werden, weil einer der Z\u00fcnder noch scharf ist. Im Umkreis von 300\u2009Metern muss die Polizei sofort evakuieren. Rund 2500 Menschen wohnen in diesem Gebiet.<\/p>\n<p>Weltkriegsbombe in Frankfurt gefunden: \u201eKann ich nicht mehr zur\u00fcck?\u201c<\/p>\n<p class=\"id-StoryElement-paragraph\">Mit Blaulicht und Lautsprecherdurchsagen werden die Anwohner aufgefordert, \u201ebis 18 Uhr ihre H\u00e4user und Wohnungen zu verlassen\u201c. Die Stra\u00dfen f\u00fcllen sich. Alte Damen mit Rollatoren, Familien mit kleinen Kindern, j\u00fcngere Leute mit Hunden an den Leinen wissen nicht wohin. \u201eIch habe nur geh\u00f6rt, dass wir raus sollen\u201c, sagt eine Frau. \u201eWas ist denn los, ich will zur Post gehen. Kann ich dann nicht mehr zur\u00fcck?\u201c, fragt eine andere. <\/p>\n<p><img decoding=\"async\" class=\"id-RatioPlaceholder-element wv_story_el_image\" src=\"https:\/\/www.europesays.com\/de\/wp-content\/uploads\/2025\/08\/39244356-evakuierung-wegen-weltkriegsbombe-in-frankfurt-NUBG.jpg\" loading=\"lazy\"   height=\"737\" width=\"1100\" alt=\"Evakuierung wegen Weltkriegsbombe in Frankfurt\"\/>Sofort das Gebiet um die Bombe verlassen: Dem Aufruf der Feuerwehr folgten die Bewohner der Walter-Kolb-Siedlung unmittelbar. \u00a9\u00a0Rainer R\u00fcffer<\/p>\n<p class=\"id-StoryElement-paragraph\">Ein Gro\u00dfaufgebot an Polizeiwagen und Einsatzkr\u00e4ften, Feuerwehrwagen, Notarztwagen parkt nahe der Fundstelle am oberen Marbachweg. \u201eBitte gehen Sie. Verlassen sie das Sperrgebiet\u201c, wiederholen die Polizeibeamten immer wieder und schicken die Leute hinter Flatterb\u00e4nder. \u201eVielleicht gehe ich zur Feuerwehr. Oder zu Freunden\u201c, sagt ein Mann zu sich selbst. Die Anwohner sind zum Teil nerv\u00f6s, zum Teil hektisch. Sie telefonieren, rufen Verwandte und Freunde  an. Die Durchsagen werden konkreter. \u201eBesuchen Sie Freunde oder Familie. Oder gehen sie in die Berner Stra\u00dfe 103 bis 105 zu den Johannitern\u201c, ist zu h\u00f6ren. <\/p>\n<p>Viel Nervosit\u00e4t, viel Hektik \u2013 dann Warten in Frankfurt-Preungesheim<\/p>\n<p class=\"id-StoryElement-paragraph\">Die Kreuzung an der Homburger Landstra\u00dfe und Marbachweg ist voller Menschen. Dutzende setzen sich auf ein M\u00e4uerchen und harren der Dinge. Eine Frau (89) mit Rollator wirkt entspannt. \u201eMich kann keine Bombe ersch\u00fcttern, ich habe so viel im Krieg erlebt\u201c, erz\u00e4hlt sie. \u201eAu\u00dferdem bin ich mir ganz sicher, dass niemandem etwas passiert, der in meiner N\u00e4he ist.\u201c Sie setzt sich vor einen Kiosk, bestellt einen Kaffee und l\u00f6st Kreuzwortr\u00e4tsel. <\/p>\n<p class=\"id-StoryElement-paragraph\">\u201eIrgendwie lustig, wie die Leute nerv\u00f6s so sind\u201c, meint sie. \u201eBombenstimmung\u201c, versucht es ein Gast vom Restaurant Forno d\u2019Oro mit schwarzem Humor. Julian h\u00e4ngt ein Schild an die T\u00fcr, als er das Lokal schlie\u00dfen muss. \u201eHeute geschlossen wegen Bombe\u201c steht darauf. \u201eSicherheit geht vor\u201c, erkl\u00e4rt der Mitarbeiter. <\/p>\n<p>Um 12 Uhr war es pl\u00f6tzlich still auf der Baustelle<\/p>\n<p class=\"id-StoryElement-paragraph\">Ein Mann auf der langen Mauer erz\u00e4hlt, dass er 20 Meter entfernt vom Fundort wohnt. \u201eUm 12 Uhr war es pl\u00f6tzlich still. Vorher war die ganze Zeit Baul\u00e4rm. Da haben sie wohl die Bombe gefunden.\u201c Als die Polizei kam, hat er gerade sein Essen gemacht. Der Fernseher lief. \u201eIch habe mich \u00fcber den Krach im Fernseher gewundert, aber es war die Durchsage der Polizei\u201c, erz\u00e4hlt er. <\/p>\n<p class=\"id-StoryElement-paragraph\">Und auch, dass er sich kaum Sorgen macht. \u201eFalls es knallt, bleibt das Haus stehen. Da geht nur Glas kaputt.\u201c 1942 in Regensburg war\u2018s anders. \u201eUnser Haus wurde komplett von einer Bombe zerst\u00f6rt.\u201c In Preungesheim hei\u00dft es um 20 Uhr noch: ausharren. <\/p>\n<p class=\"id-StoryElement-paragraph\">Gegen 21\u2009Uhr meldet die Feuerwehr: Evakuierung beendet, die Entsch\u00e4rfung kann beginnen. Und k\u00fcndigt an: \u201eSie wird sich bis in die Nacht hinein ziehen.\u201c (Sabine Schramek)<\/p>\n","protected":false},"excerpt":{"rendered":"Startseite Frankfurt Stand: 07.08.2025, 21:18 Uhr Von: Sabine Schramek DruckenTeilen Ein Weltkriegs-Blindg\u00e4nger ist in Frankfurt gefunden worden. 2500&hellip;\n","protected":false},"author":2,"featured_media":327334,"comment_status":"","ping_status":"","sticky":false,"template":"","format":"standard","meta":{"footnotes":""},"categories":[5],"tags":[331,332,3364,29,30,13,14,15,12],"class_list":{"0":"post-327333","1":"post","2":"type-post","3":"status-publish","4":"format-standard","5":"has-post-thumbnail","7":"category-nachrichten","8":"tag-aktuelle-nachrichten","9":"tag-aktuelle-news","10":"tag-de","11":"tag-deutschland","12":"tag-germany","13":"tag-headlines","14":"tag-nachrichten","15":"tag-news","16":"tag-schlagzeilen"},"share_on_mastodon":{"url":"https:\/\/pubeurope.com\/@de\/114990121390359126","error":""},"_links":{"self":[{"href":"https:\/\/www.europesays.com\/de\/wp-json\/wp\/v2\/posts\/327333","targetHints":{"allow":["GET"]}}],"collection":[{"href":"https:\/\/www.europesays.com\/de\/wp-json\/wp\/v2\/posts"}],"about":[{"href":"https:\/\/www.europesays.com\/de\/wp-json\/wp\/v2\/types\/post"}],"author":[{"embeddable":true,"href":"https:\/\/www.europesays.com\/de\/wp-json\/wp\/v2\/users\/2"}],"replies":[{"embeddable":true,"href":"https:\/\/www.europesays.com\/de\/wp-json\/wp\/v2\/comments?post=327333"}],"version-history":[{"count":0,"href":"https:\/\/www.europesays.com\/de\/wp-json\/wp\/v2\/posts\/327333\/revisions"}],"wp:featuredmedia":[{"embeddable":true,"href":"https:\/\/www.europesays.com\/de\/wp-json\/wp\/v2\/media\/327334"}],"wp:attachment":[{"href":"https:\/\/www.europesays.com\/de\/wp-json\/wp\/v2\/media?parent=327333"}],"wp:term":[{"taxonomy":"category","embeddable":true,"href":"https:\/\/www.europesays.com\/de\/wp-json\/wp\/v2\/categories?post=327333"},{"taxonomy":"post_tag","embeddable":true,"href":"https:\/\/www.europesays.com\/de\/wp-json\/wp\/v2\/tags?post=327333"}],"curies":[{"name":"wp","href":"https:\/\/api.w.org\/{rel}","templated":true}]}}